{"id":6678,"date":"2026-03-20T20:15:57","date_gmt":"2026-03-20T23:15:57","guid":{"rendered":"https:\/\/filhosdaterra.org\/?p=6678"},"modified":"2026-03-20T20:21:08","modified_gmt":"2026-03-20T23:21:08","slug":"cultura-popular-e-tecnologia-se-encontram-nas-escolas-do-df-com-o-projeto-filhos-da-terra-circuito-de-educacao-patrimonial","status":"publish","type":"post","link":"https:\/\/filhosdaterra.org\/en\/cultura-popular-e-tecnologia-se-encontram-nas-escolas-do-df-com-o-projeto-filhos-da-terra-circuito-de-educacao-patrimonial\/","title":{"rendered":"Cultura popular e tecnologia se encontram nas escolas do DF com o projeto Filhos da Terra \u2013 Circuito de Educa\u00e7\u00e3o Patrimonial"},"content":{"rendered":"<p><i><span style=\"font-weight: 400;\">Em mar\u00e7o e abril, iniciativa patrocinada pela Neoenergia Bras\u00edlia e Instituto Neoenergia, por meio da Lei de Incentivo \u00e0 Cultura do DF, leva cultura popular <\/span><\/i><i><span style=\"font-weight: 400;\">e tecnologia<\/span><\/i><i><span style=\"font-weight: 400;\"> para as escolas de Brazl\u00e2ndia, Itapo\u00e3 e Estrutural.\u00a0<\/span><\/i><\/p>\n<p><span style=\"font-weight: 400;\">O projeto <\/span><b>Filhos da Terra \u2013 Circuito de Educa\u00e7\u00e3o Patrimonial<\/b><span style=\"font-weight: 400;\"> realiza, em mar\u00e7o e abril, uma s\u00e9rie de a\u00e7\u00f5es educativas em escolas p\u00fablicas de tr\u00eas regi\u00f5es administrativas do Distrito Federal: Brazl\u00e2ndia (Centro Educacional Vendinha \u2013 \u00e1rea rural), Estrutural (CEF 2) e Itapo\u00e3 (CEF 1). A proposta une cultura popular, tecnologia e educa\u00e7\u00e3o patrimonial em uma experi\u00eancia imersiva que conecta jovens ao patrim\u00f4nio imaterial brasileiro. Voltada a estudantes de 11 a 18 anos do ensino fundamental e m\u00e9dio, a iniciativa conta com patroc\u00ednio <\/span><i><span style=\"font-weight: 400;\">Neoenergia Bras\u00edlia<\/span><\/i><span style=\"font-weight: 400;\"> e Instituto Neoenergia, por meio da Lei de Incentivo \u00e0 Cultura (LIC).\u00a0<\/span><\/p>\n<p><span style=\"font-weight: 400;\">Ao longo da programa\u00e7\u00e3o, o projeto refor\u00e7a seu interesse na prepara\u00e7\u00e3o de professores e educadores na metodologia e nas trilhas de conhecimento que prop\u00f5es para o trabalho com os alunos, apresentada por meio de um conjunto de 6 v\u00eddeo aulas que apresenta a metodologia. Al\u00e9m da a\u00e7\u00e3o com os professores, em cada escola, ser\u00e1 apresentada a cole\u00e7\u00e3o <\/span><a href=\"https:\/\/filhosdaterra.org\/en\/cadernos\/\"><b>Cadernos de Cultura<\/b><\/a><span style=\"font-weight: 400;\">, conjunto editorial que documenta manifesta\u00e7\u00f5es tradicionais brasileiras. <\/span><span style=\"font-weight: 400;\">Tr\u00eas exemplares<\/span> <span style=\"font-weight: 400;\">completos<\/span><span style=\"font-weight: 400;\"> da cole\u00e7\u00e3o <\/span><span style=\"font-weight: 400;\">ser\u00e3o<\/span><span style=\"font-weight: 400;\"> doados \u00e0s unidades escolares para uso pedag\u00f3gico de professores e estudantes. As atividades incluem, al\u00e9m de apresenta\u00e7\u00f5es de grupos locais de cultura popular, roda de conversa sobre cultura e identidade, exibi\u00e7\u00e3o de document\u00e1rio do projeto e viv\u00eancia interativa com os jogos digitais educativos desenvolvidos pelo Filhos da Terra<\/span><span style=\"font-weight: 400;\">, <\/span><span style=\"font-weight: 400;\">que abordam manifesta\u00e7\u00f5es como o Maracatu e a Congada.\u00a0<\/span><\/p>\n<p><span style=\"font-weight: 400;\">Para garantir o acesso \u00e0s atividades digitais, o projeto disponibilizar\u00e1 40 tablets com acesso \u00e0 internet no dia do evento em cada escola. Os estudantes tamb\u00e9m receber\u00e3o uma ecobag personalizada contendo um <\/span><i><span style=\"font-weight: 400;\">pendrive<\/span><\/i><span style=\"font-weight: 400;\"> com acesso ao conte\u00fado educativo completo do projeto, al\u00e9m de materiais que levam aos estudantes informa\u00e7\u00f5es importantes sobre o uso consciente da energia, permitindo que o aprendizado ultrapasse o espa\u00e7o escolar e chegue tamb\u00e9m \u00e0s fam\u00edlias.<\/span><\/p>\n<p><span style=\"font-weight: 400;\">Como forma de fortalecer as identidades culturais locais, um grupo cultural da pr\u00f3pria comunidade ser\u00e1 convidado para realizar apresenta\u00e7\u00e3o presencial em cada regi\u00e3o, promovendo o di\u00e1logo entre tradi\u00e7\u00e3o, territ\u00f3rio e juventude. A expectativa \u00e9 beneficiar aproximadamente 2.500<\/span><b> estudantes<\/b><span style=\"font-weight: 400;\"> nas tr\u00eas regi\u00f5es administrativas.<\/span><\/p>\n<p><a href=\"https:\/\/filhosdaterra.org\/en\/cadernos\/\"><b>Cadernos de Cultura<\/b><\/a><\/p>\n<p><span style=\"font-weight: 400;\">Fruto de quase dez anos de pesquisa de campo, dentro do projeto Filhos da Terra \u2013 Diversidade e Cultura, a cole\u00e7\u00e3o Cadernos de Cultura consta de 12 unidades inspiradas na obra <\/span><i><span style=\"font-weight: 400;\">O Povo Brasileiro<\/span><\/i><span style=\"font-weight: 400;\">, de <\/span><b>Darcy Ribeiro<\/b><span style=\"font-weight: 400;\">, com registros feitos pelo fot\u00f3grafo <\/span><b>Eraldo Peres<\/b><span style=\"font-weight: 400;\">, idealizador do projeto Filhos da Terra.\u00a0<\/span><\/p>\n<p><span style=\"font-weight: 400;\">O rico material est\u00e1 segmentado em quatro volumes principais, inspirados nas matrizes formadoras do pa\u00eds, como: <\/span><b><a href=\"https:\/\/filhosdaterra.org\/en\/rota-dos-sertoes\/\">Sert\u00f5es<\/a>, <\/b><span style=\"font-weight: 400;\">sobre vaqueiros, tropeiros e tradi\u00e7\u00f5es do interior; <\/span><b><a href=\"https:\/\/filhosdaterra.org\/en\/rota-da-costa-atlantica\/\">Costa Atl\u00e2ntica<\/a>, <\/b><span style=\"font-weight: 400;\">dedicada \u00e0s culturas litor\u00e2neas e suas conex\u00f5es com o mar; <\/span><b><a href=\"https:\/\/filhosdaterra.org\/en\/rota-da-mineracao\/\">Minera\u00e7\u00e3o<\/a>, <\/b><span style=\"font-weight: 400;\">que percorre os caminhos hist\u00f3ricos da explora\u00e7\u00e3o mineral e suas express\u00f5es culturais e <\/span><b><a href=\"https:\/\/filhosdaterra.org\/en\/rota-dos-povos-da-mata\/\">Povos da Mata<\/a>, <\/b><span style=\"font-weight: 400;\">focado nos modos de vida e espiritualidade das comunidades da floresta.<\/span><\/p>\n<p><span style=\"font-weight: 400;\">Os Cadernos revelam celebra\u00e7\u00f5es, rituais e pr\u00e1ticas tradicionais que moldam os saberes populares em diferentes regi\u00f5es do Brasil e se utilizam de elementos como fotografia, etnografia visual e invent\u00e1rio participativo. \u201cLevar nosso Patrim\u00f4nio Imaterial para os bancos escolares \u00e9 de suma import\u00e2ncia para garantir a informa\u00e7\u00e3o e a valoriza\u00e7\u00e3o das festas populares do nosso pa\u00eds. E o patroc\u00ednio do Instituto Neoenergia \u00e9 fundamental para que possamos seguir com esse legado apresentando e valorizando nossa cultura junto os jovens\u201d<\/span><i><span style=\"font-weight: 400;\">, <\/span><\/i><span style=\"font-weight: 400;\">afirma Eraldo.<\/span><\/p>\n<p><a href=\"https:\/\/filhosdaterra.org\/en\/rede-cultura-games\/\"><b>Game On<\/b><\/a><\/p>\n<p><span style=\"font-weight: 400;\">Na programa\u00e7\u00e3o, uma das atividades de grande atratividade em ambientes escolares \u00e9 o <\/span><a href=\"https:\/\/filhosdaterra.org\/en\/rede-cultura-games\/\"><b>Game On<\/b><\/a><span style=\"font-weight: 400;\">, proposta de gamifica\u00e7\u00e3o que transforma o aprendizado sobre cultura popular em experi\u00eancia interativa. Os alunos mergulham em jogos digitais sobre o Maracatu Rural e a Congada.\u00a0<\/span><\/p>\n<p><span style=\"font-weight: 400;\">A estrat\u00e9gia, criada por Eraldo Peres para dialogar com o universo jovem, amplia o interesse pelas festas tradicionais brasileiras. Organizados por manifesta\u00e7\u00e3o cultural, os games convidam a uma viagem pelo Brasil, explorando s\u00edmbolos, personagens e narrativas dessas celebra\u00e7\u00f5es.<\/span><\/p>\n<p><span style=\"font-weight: 400;\">Os mesmos m\u00f3dulos que ser\u00e3o apresentados nas escolas est\u00e3o dispon\u00edveis, gratuitamente, na aba Rede Cultura Game, no <\/span><a href=\"https:\/\/filhosdaterra.org\/en\/\"><span style=\"font-weight: 400;\">site do projeto<\/span><\/a><span style=\"font-weight: 400;\">. No ambiente virtual, o jogador percorre cen\u00e1rios inspirados nessas festas, guiado por Beto, \u00e2ncora de telejornal que atua como mestre de cerim\u00f4nias e conduz desafios contra os \u201cInimigos da Cultura\u201d, vil\u00f5es que tentam impedir os festejos. Ao longo das fases, surgem figuras emblem\u00e1ticas como o Caboclo de Lan\u00e7a e a Dama do Pa\u00e7o, em um processo educativo fluido, l\u00fadico e contempor\u00e2neo.<\/span><\/p>\n<p><b>Sobre Eraldo Peres<\/b><\/p>\n<p><span style=\"font-weight: 400;\">Fotojornalista e produtor cultural, <\/span><b>Eraldo Peres<\/b><span style=\"font-weight: 400;\"> nasceu no Rio de Janeiro e vive em Bras\u00edlia desde a inf\u00e2ncia. Atuou em importantes jornais, revistas e ag\u00eancias nacionais e internacionais e, desde 1996, dedica-se a iniciativas como Festa Brasileira e Filhos da Terra, voltadas \u00e0 documenta\u00e7\u00e3o fotogr\u00e1fica e audiovisual do patrim\u00f4nio imaterial brasileiro.<\/span><\/p>\n<p><span style=\"font-weight: 400;\">Seu trabalho foi reconhecido em premia\u00e7\u00f5es como o Nikon Photo Contest International, o Humanity Photo Awards (UNESCO) e recebeu men\u00e7\u00e3o honrosa no World Press Photo. \u00c9 diretor do Festival M\u00eas da Fotografia e atua como curador de exposi\u00e7\u00f5es e livros de fotografia.<\/span><\/p>\n<p><b>Sobre o projeto<\/b><\/p>\n<p><span style=\"font-weight: 400;\">Reconhecido nacionalmente, o projeto Filhos da Terra foi finalista do Pr\u00eamio Rodrigo Melo Franco, concedido pelo IPHAN, e desenvolve, h\u00e1 quase uma d\u00e9cada, a\u00e7\u00f5es de pesquisa, documenta\u00e7\u00e3o e difus\u00e3o das culturas populares brasileiras. Inspirado nos Brasis de Darcy Ribeiro, o projeto constr\u00f3i uma cartografia visual das manifesta\u00e7\u00f5es tradicionais do pa\u00eds, reunindo acervo editorial, document\u00e1rios, jogos digitais e metodologias educativas voltadas \u00e0 valoriza\u00e7\u00e3o do patrim\u00f4nio imaterial.<\/span><\/p>\n<p><span style=\"font-weight: 400;\">A cole\u00e7\u00e3o Cadernos de Cultura, que integra o acervo do projeto, foi realizada com recursos do Fundo de Apoio \u00e0 Cultura do Distrito Federal e \u00e9 distribu\u00edda gratuitamente a institui\u00e7\u00f5es p\u00fablicas de educa\u00e7\u00e3o e cultura, al\u00e9m de estar dispon\u00edvel para acesso digital no site oficial: <\/span><a href=\"https:\/\/filhosdaterra.org\/en\/\"><span style=\"font-weight: 400;\">www.filhosdaterra.org<\/span><\/a><span style=\"font-weight: 400;\">.<\/span><\/p>\n<p><b>Sobre o Instituto Neoenergia<\/b><\/p>\n<p><span style=\"font-weight: 400;\">A Neoenergia \u00e9 uma das maiores empresas do setor el\u00e9trico brasileiro, com atua\u00e7\u00e3o em gera\u00e7\u00e3o, transmiss\u00e3o, distribui\u00e7\u00e3o e comercializa\u00e7\u00e3o de energia, presente em diversos estados do pa\u00eds e integrante do grupo Iberdrola. O Instituto Neoenergia \u00e9 o seu bra\u00e7o de investimento social privado, respons\u00e1vel por desenvolver e apoiar projetos nas \u00e1reas de educa\u00e7\u00e3o, cultura, a\u00e7\u00e3o social e desenvolvimento sustent\u00e1vel.<\/span><\/p>\n<p><span style=\"font-weight: 400;\">Por meio de iniciativas pr\u00f3prias e de parcerias viabilizadas por leis de incentivo, o Instituto fortalece redes locais, amplia oportunidades e valoriza os territ\u00f3rios onde atua: princ\u00edpios que dialogam diretamente com propostas de educa\u00e7\u00e3o patrimonial e promo\u00e7\u00e3o da cultura popular brasileira, como o projeto <\/span><i><span style=\"font-weight: 400;\">Filhos da Terra<\/span><\/i><span style=\"font-weight: 400;\">.<\/span><\/p>\n<p><b>SERVI\u00c7O<\/b><\/p>\n<p><b>Filhos da Terra \u2013 Circuito de Educa\u00e7\u00e3o Patrimonial<\/b><\/p>\n<p><span style=\"font-weight: 400;\">Brazl\u00e2ndia \u2013 Centro Educacional Vendinha (\u00e1rea rural)<\/span><span style=\"font-weight: 400;\"><br \/>\n<\/span><span style=\"font-weight: 400;\">Data: 25 e 26 de mar\u00e7o de 2026<\/span><\/p>\n<p><span style=\"font-weight: 400;\">Estrutural \u2013 CEF 2<\/span><span style=\"font-weight: 400;\"><br \/>\n<\/span><span style=\"font-weight: 400;\">Data: 23 e 24 de abril de 2026<\/span><\/p>\n<p><span style=\"font-weight: 400;\">Itapo\u00e3 \u2013 CEF 1<\/span><span style=\"font-weight: 400;\"><br \/>\n<\/span><span style=\"font-weight: 400;\">Data: 9 e 10 de abril de 2026<\/span><\/p>\n<p><b>P\u00fablico-alvo:<\/b><span style=\"font-weight: 400;\"> estudantes de 11 a 18 anos do ensino fundamental e m\u00e9dio<\/span><span style=\"font-weight: 400;\"><br \/>\n<\/span><b>Patroc\u00ednio:<\/b><span style=\"font-weight: 400;\"> O projeto tem patroc\u00ednio da Neoenergia Bras\u00edlia e do Instituto Neoenergia, atrav\u00e9s do Edital Transformando Energia em Cultura, por meio da Lei de Incentivo \u00e0 Cultura do Governo do Estado do Distrito Federal.<\/span><\/p>\n<p><b>Mais informa\u00e7\u00f5es:<\/b><span style=\"font-weight: 400;\"><br \/>\n<\/span><a href=\"https:\/\/filhosdaterra.org\/en\/\"><span style=\"font-weight: 400;\">www.filhosdaterra.org<\/span><span style=\"font-weight: 400;\"><br \/>\n<\/span><\/a><span style=\"font-weight: 400;\">Instagram: @filhosdaterracultura<\/span><\/p>\n<p><b>Assessoria de Imprensa<\/b><\/p>\n<p><b>T<\/b><span style=\"font-weight: 400;\">\u00e1tika <\/span><b>C<\/b><span style=\"font-weight: 400;\">omunica\u00e7\u00e3o\/ @tatikaturra<\/span><\/p>\n<p><b>K<\/b><span style=\"font-weight: 400;\">\u00e1tia <\/span><b>T<\/b><span style=\"font-weight: 400;\">urra (61) 992247294<\/span><\/p>","protected":false},"excerpt":{"rendered":"<p>Em mar\u00e7o e abril, iniciativa patrocinada pela Neoenergia Bras\u00edlia e Instituto Neoenergia, por meio da Lei de Incentivo \u00e0 Cultura do DF, leva cultura popular e tecnologia para as escolas de Brazl\u00e2ndia, Itapo\u00e3 e Estrutural.\u00a0 O projeto Filhos da Terra \u2013 Circuito de Educa\u00e7\u00e3o Patrimonial realiza, em mar\u00e7o e abril, uma s\u00e9rie de a\u00e7\u00f5es educativas [&hellip;]<\/p>","protected":false},"author":2,"featured_media":6625,"comment_status":"open","ping_status":"open","sticky":false,"template":"","format":"standard","meta":{"content-type":"","inline_featured_image":false,"footnotes":""},"categories":[5],"tags":[],"acf":[],"yoast_head":"<!-- This site is optimized with the Yoast SEO plugin v22.2 - https:\/\/yoast.com\/wordpress\/plugins\/seo\/ -->\n<title>Cultura popular e tecnologia se encontram nas escolas do DF com o projeto Filhos da Terra \u2013 Circuito de Educa\u00e7\u00e3o Patrimonial - Filhos da Terra - Diversidade e Cultura<\/title>\n<meta name=\"robots\" content=\"index, follow, max-snippet:-1, max-image-preview:large, max-video-preview:-1\" \/>\n<link rel=\"canonical\" href=\"https:\/\/filhosdaterra.org\/en\/cultura-popular-e-tecnologia-se-encontram-nas-escolas-do-df-com-o-projeto-filhos-da-terra-circuito-de-educacao-patrimonial\/\" \/>\n<meta property=\"og:locale\" content=\"en_US\" \/>\n<meta property=\"og:type\" content=\"article\" \/>\n<meta property=\"og:title\" content=\"Cultura popular e tecnologia se encontram nas escolas do DF com o projeto Filhos da Terra \u2013 Circuito de Educa\u00e7\u00e3o Patrimonial - Filhos da Terra - Diversidade e Cultura\" \/>\n<meta property=\"og:description\" content=\"Em mar\u00e7o e abril, iniciativa patrocinada pela Neoenergia Bras\u00edlia e Instituto Neoenergia, por meio da Lei de Incentivo \u00e0 Cultura do DF, leva cultura popular e tecnologia para as escolas de Brazl\u00e2ndia, Itapo\u00e3 e Estrutural.\u00a0 O projeto Filhos da Terra \u2013 Circuito de Educa\u00e7\u00e3o Patrimonial realiza, em mar\u00e7o e abril, uma s\u00e9rie de a\u00e7\u00f5es educativas [&hellip;]\" \/>\n<meta property=\"og:url\" content=\"https:\/\/filhosdaterra.org\/en\/cultura-popular-e-tecnologia-se-encontram-nas-escolas-do-df-com-o-projeto-filhos-da-terra-circuito-de-educacao-patrimonial\/\" \/>\n<meta property=\"og:site_name\" content=\"Filhos da Terra - Diversidade e Cultura\" \/>\n<meta property=\"article:published_time\" content=\"2026-03-20T23:15:57+00:00\" \/>\n<meta property=\"article:modified_time\" content=\"2026-03-20T23:21:08+00:00\" \/>\n<meta property=\"og:image\" content=\"https:\/\/filhosdaterra.org\/wp-content\/uploads\/2026\/03\/CAPA-IMG_20240411_102858-scaled.jpg\" \/>\n\t<meta property=\"og:image:width\" content=\"2560\" \/>\n\t<meta property=\"og:image:height\" content=\"1440\" \/>\n\t<meta property=\"og:image:type\" content=\"image\/jpeg\" \/>\n<meta name=\"author\" content=\"editor@\" \/>\n<meta name=\"twitter:card\" content=\"summary_large_image\" \/>\n<meta name=\"twitter:label1\" content=\"Written by\" \/>\n\t<meta name=\"twitter:data1\" content=\"editor@\" \/>\n\t<meta name=\"twitter:label2\" content=\"Est. reading time\" \/>\n\t<meta name=\"twitter:data2\" content=\"7 minutes\" \/>\n<script type=\"application\/ld+json\" class=\"yoast-schema-graph\">{\"@context\":\"https:\/\/schema.org\",\"@graph\":[{\"@type\":\"Article\",\"@id\":\"https:\/\/filhosdaterra.org\/cultura-popular-e-tecnologia-se-encontram-nas-escolas-do-df-com-o-projeto-filhos-da-terra-circuito-de-educacao-patrimonial\/#article\",\"isPartOf\":{\"@id\":\"https:\/\/filhosdaterra.org\/cultura-popular-e-tecnologia-se-encontram-nas-escolas-do-df-com-o-projeto-filhos-da-terra-circuito-de-educacao-patrimonial\/\"},\"author\":{\"name\":\"editor@\",\"@id\":\"https:\/\/filhosdaterra.org\/#\/schema\/person\/8d05d45ba91354cc38ecfc05c089c6d0\"},\"headline\":\"Cultura popular e tecnologia se encontram nas escolas do DF com o projeto Filhos da Terra \u2013 Circuito de Educa\u00e7\u00e3o Patrimonial\",\"datePublished\":\"2026-03-20T23:15:57+00:00\",\"dateModified\":\"2026-03-20T23:21:08+00:00\",\"mainEntityOfPage\":{\"@id\":\"https:\/\/filhosdaterra.org\/cultura-popular-e-tecnologia-se-encontram-nas-escolas-do-df-com-o-projeto-filhos-da-terra-circuito-de-educacao-patrimonial\/\"},\"wordCount\":1293,\"commentCount\":0,\"publisher\":{\"@id\":\"https:\/\/filhosdaterra.org\/#organization\"},\"image\":{\"@id\":\"https:\/\/filhosdaterra.org\/cultura-popular-e-tecnologia-se-encontram-nas-escolas-do-df-com-o-projeto-filhos-da-terra-circuito-de-educacao-patrimonial\/#primaryimage\"},\"thumbnailUrl\":\"https:\/\/filhosdaterra.org\/wp-content\/uploads\/2026\/03\/CAPA-IMG_20240411_102858-scaled.jpg\",\"articleSection\":[\"Blog\"],\"inLanguage\":\"en-US\",\"potentialAction\":[{\"@type\":\"CommentAction\",\"name\":\"Comment\",\"target\":[\"https:\/\/filhosdaterra.org\/cultura-popular-e-tecnologia-se-encontram-nas-escolas-do-df-com-o-projeto-filhos-da-terra-circuito-de-educacao-patrimonial\/#respond\"]}]},{\"@type\":\"WebPage\",\"@id\":\"https:\/\/filhosdaterra.org\/cultura-popular-e-tecnologia-se-encontram-nas-escolas-do-df-com-o-projeto-filhos-da-terra-circuito-de-educacao-patrimonial\/\",\"url\":\"https:\/\/filhosdaterra.org\/cultura-popular-e-tecnologia-se-encontram-nas-escolas-do-df-com-o-projeto-filhos-da-terra-circuito-de-educacao-patrimonial\/\",\"name\":\"Cultura popular e tecnologia se encontram nas escolas do DF com o projeto Filhos da Terra \u2013 Circuito de Educa\u00e7\u00e3o Patrimonial - Filhos da Terra - Diversidade e Cultura\",\"isPartOf\":{\"@id\":\"https:\/\/filhosdaterra.org\/#website\"},\"primaryImageOfPage\":{\"@id\":\"https:\/\/filhosdaterra.org\/cultura-popular-e-tecnologia-se-encontram-nas-escolas-do-df-com-o-projeto-filhos-da-terra-circuito-de-educacao-patrimonial\/#primaryimage\"},\"image\":{\"@id\":\"https:\/\/filhosdaterra.org\/cultura-popular-e-tecnologia-se-encontram-nas-escolas-do-df-com-o-projeto-filhos-da-terra-circuito-de-educacao-patrimonial\/#primaryimage\"},\"thumbnailUrl\":\"https:\/\/filhosdaterra.org\/wp-content\/uploads\/2026\/03\/CAPA-IMG_20240411_102858-scaled.jpg\",\"datePublished\":\"2026-03-20T23:15:57+00:00\",\"dateModified\":\"2026-03-20T23:21:08+00:00\",\"breadcrumb\":{\"@id\":\"https:\/\/filhosdaterra.org\/cultura-popular-e-tecnologia-se-encontram-nas-escolas-do-df-com-o-projeto-filhos-da-terra-circuito-de-educacao-patrimonial\/#breadcrumb\"},\"inLanguage\":\"en-US\",\"potentialAction\":[{\"@type\":\"ReadAction\",\"target\":[\"https:\/\/filhosdaterra.org\/cultura-popular-e-tecnologia-se-encontram-nas-escolas-do-df-com-o-projeto-filhos-da-terra-circuito-de-educacao-patrimonial\/\"]}]},{\"@type\":\"ImageObject\",\"inLanguage\":\"en-US\",\"@id\":\"https:\/\/filhosdaterra.org\/cultura-popular-e-tecnologia-se-encontram-nas-escolas-do-df-com-o-projeto-filhos-da-terra-circuito-de-educacao-patrimonial\/#primaryimage\",\"url\":\"https:\/\/filhosdaterra.org\/wp-content\/uploads\/2026\/03\/CAPA-IMG_20240411_102858-scaled.jpg\",\"contentUrl\":\"https:\/\/filhosdaterra.org\/wp-content\/uploads\/2026\/03\/CAPA-IMG_20240411_102858-scaled.jpg\",\"width\":2560,\"height\":1440},{\"@type\":\"BreadcrumbList\",\"@id\":\"https:\/\/filhosdaterra.org\/cultura-popular-e-tecnologia-se-encontram-nas-escolas-do-df-com-o-projeto-filhos-da-terra-circuito-de-educacao-patrimonial\/#breadcrumb\",\"itemListElement\":[{\"@type\":\"ListItem\",\"position\":1,\"name\":\"In\u00edcio\",\"item\":\"https:\/\/filhosdaterra.org\/\"},{\"@type\":\"ListItem\",\"position\":2,\"name\":\"Cultura popular e tecnologia se encontram nas escolas do DF com o projeto Filhos da Terra \u2013 Circuito de Educa\u00e7\u00e3o Patrimonial\"}]},{\"@type\":\"WebSite\",\"@id\":\"https:\/\/filhosdaterra.org\/#website\",\"url\":\"https:\/\/filhosdaterra.org\/\",\"name\":\"Filhos da Terra - Diversidade e Cultura\",\"description\":\"O projeto busca documentar e mostrar ao Brasil quem \u00e9 o povo brasileiro, como s\u00e3o suas festas e celebra\u00e7\u00f5es.\",\"publisher\":{\"@id\":\"https:\/\/filhosdaterra.org\/#organization\"},\"potentialAction\":[{\"@type\":\"SearchAction\",\"target\":{\"@type\":\"EntryPoint\",\"urlTemplate\":\"https:\/\/filhosdaterra.org\/?s={search_term_string}\"},\"query-input\":\"required name=search_term_string\"}],\"inLanguage\":\"en-US\"},{\"@type\":\"Organization\",\"@id\":\"https:\/\/filhosdaterra.org\/#organization\",\"name\":\"Filhos da Terra - Diversidade e Cultura\",\"url\":\"https:\/\/filhosdaterra.org\/\",\"logo\":{\"@type\":\"ImageObject\",\"inLanguage\":\"en-US\",\"@id\":\"https:\/\/filhosdaterra.org\/#\/schema\/logo\/image\/\",\"url\":\"https:\/\/filhosdaterra.org\/wp-content\/uploads\/2022\/08\/logo-filhos-da-terra.png\",\"contentUrl\":\"https:\/\/filhosdaterra.org\/wp-content\/uploads\/2022\/08\/logo-filhos-da-terra.png\",\"width\":600,\"height\":517,\"caption\":\"Filhos da Terra - Diversidade e Cultura\"},\"image\":{\"@id\":\"https:\/\/filhosdaterra.org\/#\/schema\/logo\/image\/\"}},{\"@type\":\"Person\",\"@id\":\"https:\/\/filhosdaterra.org\/#\/schema\/person\/8d05d45ba91354cc38ecfc05c089c6d0\",\"name\":\"editor@\",\"image\":{\"@type\":\"ImageObject\",\"inLanguage\":\"en-US\",\"@id\":\"https:\/\/filhosdaterra.org\/#\/schema\/person\/image\/\",\"url\":\"https:\/\/secure.gravatar.com\/avatar\/f0ab3a18c92e84114ff42cb50aede4cc?s=96&d=mm&r=g\",\"contentUrl\":\"https:\/\/secure.gravatar.com\/avatar\/f0ab3a18c92e84114ff42cb50aede4cc?s=96&d=mm&r=g\",\"caption\":\"editor@\"},\"url\":\"https:\/\/filhosdaterra.org\/en\/author\/editor\/\"}]}<\/script>\n<!-- \/ Yoast SEO plugin. -->","yoast_head_json":{"title":"Cultura popular e tecnologia se encontram nas escolas do DF com o projeto Filhos da Terra \u2013 Circuito de Educa\u00e7\u00e3o Patrimonial - Filhos da Terra - Diversidade e Cultura","robots":{"index":"index","follow":"follow","max-snippet":"max-snippet:-1","max-image-preview":"max-image-preview:large","max-video-preview":"max-video-preview:-1"},"canonical":"https:\/\/filhosdaterra.org\/en\/cultura-popular-e-tecnologia-se-encontram-nas-escolas-do-df-com-o-projeto-filhos-da-terra-circuito-de-educacao-patrimonial\/","og_locale":"en_US","og_type":"article","og_title":"Cultura popular e tecnologia se encontram nas escolas do DF com o projeto Filhos da Terra \u2013 Circuito de Educa\u00e7\u00e3o Patrimonial - Filhos da Terra - Diversidade e Cultura","og_description":"Em mar\u00e7o e abril, iniciativa patrocinada pela Neoenergia Bras\u00edlia e Instituto Neoenergia, por meio da Lei de Incentivo \u00e0 Cultura do DF, leva cultura popular e tecnologia para as escolas de Brazl\u00e2ndia, Itapo\u00e3 e Estrutural.\u00a0 O projeto Filhos da Terra \u2013 Circuito de Educa\u00e7\u00e3o Patrimonial realiza, em mar\u00e7o e abril, uma s\u00e9rie de a\u00e7\u00f5es educativas [&hellip;]","og_url":"https:\/\/filhosdaterra.org\/en\/cultura-popular-e-tecnologia-se-encontram-nas-escolas-do-df-com-o-projeto-filhos-da-terra-circuito-de-educacao-patrimonial\/","og_site_name":"Filhos da Terra - Diversidade e Cultura","article_published_time":"2026-03-20T23:15:57+00:00","article_modified_time":"2026-03-20T23:21:08+00:00","og_image":[{"width":2560,"height":1440,"url":"https:\/\/filhosdaterra.org\/wp-content\/uploads\/2026\/03\/CAPA-IMG_20240411_102858-scaled.jpg","type":"image\/jpeg"}],"author":"editor@","twitter_card":"summary_large_image","twitter_misc":{"Written by":"editor@","Est. reading time":"7 minutes"},"schema":{"@context":"https:\/\/schema.org","@graph":[{"@type":"Article","@id":"https:\/\/filhosdaterra.org\/cultura-popular-e-tecnologia-se-encontram-nas-escolas-do-df-com-o-projeto-filhos-da-terra-circuito-de-educacao-patrimonial\/#article","isPartOf":{"@id":"https:\/\/filhosdaterra.org\/cultura-popular-e-tecnologia-se-encontram-nas-escolas-do-df-com-o-projeto-filhos-da-terra-circuito-de-educacao-patrimonial\/"},"author":{"name":"editor@","@id":"https:\/\/filhosdaterra.org\/#\/schema\/person\/8d05d45ba91354cc38ecfc05c089c6d0"},"headline":"Cultura popular e tecnologia se encontram nas escolas do DF com o projeto Filhos da Terra \u2013 Circuito de Educa\u00e7\u00e3o Patrimonial","datePublished":"2026-03-20T23:15:57+00:00","dateModified":"2026-03-20T23:21:08+00:00","mainEntityOfPage":{"@id":"https:\/\/filhosdaterra.org\/cultura-popular-e-tecnologia-se-encontram-nas-escolas-do-df-com-o-projeto-filhos-da-terra-circuito-de-educacao-patrimonial\/"},"wordCount":1293,"commentCount":0,"publisher":{"@id":"https:\/\/filhosdaterra.org\/#organization"},"image":{"@id":"https:\/\/filhosdaterra.org\/cultura-popular-e-tecnologia-se-encontram-nas-escolas-do-df-com-o-projeto-filhos-da-terra-circuito-de-educacao-patrimonial\/#primaryimage"},"thumbnailUrl":"https:\/\/filhosdaterra.org\/wp-content\/uploads\/2026\/03\/CAPA-IMG_20240411_102858-scaled.jpg","articleSection":["Blog"],"inLanguage":"en-US","potentialAction":[{"@type":"CommentAction","name":"Comment","target":["https:\/\/filhosdaterra.org\/cultura-popular-e-tecnologia-se-encontram-nas-escolas-do-df-com-o-projeto-filhos-da-terra-circuito-de-educacao-patrimonial\/#respond"]}]},{"@type":"WebPage","@id":"https:\/\/filhosdaterra.org\/cultura-popular-e-tecnologia-se-encontram-nas-escolas-do-df-com-o-projeto-filhos-da-terra-circuito-de-educacao-patrimonial\/","url":"https:\/\/filhosdaterra.org\/cultura-popular-e-tecnologia-se-encontram-nas-escolas-do-df-com-o-projeto-filhos-da-terra-circuito-de-educacao-patrimonial\/","name":"Cultura popular e tecnologia se encontram nas escolas do DF com o projeto Filhos da Terra \u2013 Circuito de Educa\u00e7\u00e3o Patrimonial - Filhos da Terra - Diversidade e Cultura","isPartOf":{"@id":"https:\/\/filhosdaterra.org\/#website"},"primaryImageOfPage":{"@id":"https:\/\/filhosdaterra.org\/cultura-popular-e-tecnologia-se-encontram-nas-escolas-do-df-com-o-projeto-filhos-da-terra-circuito-de-educacao-patrimonial\/#primaryimage"},"image":{"@id":"https:\/\/filhosdaterra.org\/cultura-popular-e-tecnologia-se-encontram-nas-escolas-do-df-com-o-projeto-filhos-da-terra-circuito-de-educacao-patrimonial\/#primaryimage"},"thumbnailUrl":"https:\/\/filhosdaterra.org\/wp-content\/uploads\/2026\/03\/CAPA-IMG_20240411_102858-scaled.jpg","datePublished":"2026-03-20T23:15:57+00:00","dateModified":"2026-03-20T23:21:08+00:00","breadcrumb":{"@id":"https:\/\/filhosdaterra.org\/cultura-popular-e-tecnologia-se-encontram-nas-escolas-do-df-com-o-projeto-filhos-da-terra-circuito-de-educacao-patrimonial\/#breadcrumb"},"inLanguage":"en-US","potentialAction":[{"@type":"ReadAction","target":["https:\/\/filhosdaterra.org\/cultura-popular-e-tecnologia-se-encontram-nas-escolas-do-df-com-o-projeto-filhos-da-terra-circuito-de-educacao-patrimonial\/"]}]},{"@type":"ImageObject","inLanguage":"en-US","@id":"https:\/\/filhosdaterra.org\/cultura-popular-e-tecnologia-se-encontram-nas-escolas-do-df-com-o-projeto-filhos-da-terra-circuito-de-educacao-patrimonial\/#primaryimage","url":"https:\/\/filhosdaterra.org\/wp-content\/uploads\/2026\/03\/CAPA-IMG_20240411_102858-scaled.jpg","contentUrl":"https:\/\/filhosdaterra.org\/wp-content\/uploads\/2026\/03\/CAPA-IMG_20240411_102858-scaled.jpg","width":2560,"height":1440},{"@type":"BreadcrumbList","@id":"https:\/\/filhosdaterra.org\/cultura-popular-e-tecnologia-se-encontram-nas-escolas-do-df-com-o-projeto-filhos-da-terra-circuito-de-educacao-patrimonial\/#breadcrumb","itemListElement":[{"@type":"ListItem","position":1,"name":"In\u00edcio","item":"https:\/\/filhosdaterra.org\/"},{"@type":"ListItem","position":2,"name":"Cultura popular e tecnologia se encontram nas escolas do DF com o projeto Filhos da Terra \u2013 Circuito de Educa\u00e7\u00e3o Patrimonial"}]},{"@type":"WebSite","@id":"https:\/\/filhosdaterra.org\/#website","url":"https:\/\/filhosdaterra.org\/","name":"Filhos da Terra - Diversidade e Cultura","description":"O projeto busca documentar e mostrar ao Brasil quem \u00e9 o povo brasileiro, como s\u00e3o suas festas e celebra\u00e7\u00f5es.","publisher":{"@id":"https:\/\/filhosdaterra.org\/#organization"},"potentialAction":[{"@type":"SearchAction","target":{"@type":"EntryPoint","urlTemplate":"https:\/\/filhosdaterra.org\/?s={search_term_string}"},"query-input":"required name=search_term_string"}],"inLanguage":"en-US"},{"@type":"Organization","@id":"https:\/\/filhosdaterra.org\/#organization","name":"Filhos da Terra - Diversidade e Cultura","url":"https:\/\/filhosdaterra.org\/","logo":{"@type":"ImageObject","inLanguage":"en-US","@id":"https:\/\/filhosdaterra.org\/#\/schema\/logo\/image\/","url":"https:\/\/filhosdaterra.org\/wp-content\/uploads\/2022\/08\/logo-filhos-da-terra.png","contentUrl":"https:\/\/filhosdaterra.org\/wp-content\/uploads\/2022\/08\/logo-filhos-da-terra.png","width":600,"height":517,"caption":"Filhos da Terra - Diversidade e Cultura"},"image":{"@id":"https:\/\/filhosdaterra.org\/#\/schema\/logo\/image\/"}},{"@type":"Person","@id":"https:\/\/filhosdaterra.org\/#\/schema\/person\/8d05d45ba91354cc38ecfc05c089c6d0","name":"editor@","image":{"@type":"ImageObject","inLanguage":"en-US","@id":"https:\/\/filhosdaterra.org\/#\/schema\/person\/image\/","url":"https:\/\/secure.gravatar.com\/avatar\/f0ab3a18c92e84114ff42cb50aede4cc?s=96&d=mm&r=g","contentUrl":"https:\/\/secure.gravatar.com\/avatar\/f0ab3a18c92e84114ff42cb50aede4cc?s=96&d=mm&r=g","caption":"editor@"},"url":"https:\/\/filhosdaterra.org\/en\/author\/editor\/"}]}},"_links":{"self":[{"href":"https:\/\/filhosdaterra.org\/en\/wp-json\/wp\/v2\/posts\/6678"}],"collection":[{"href":"https:\/\/filhosdaterra.org\/en\/wp-json\/wp\/v2\/posts"}],"about":[{"href":"https:\/\/filhosdaterra.org\/en\/wp-json\/wp\/v2\/types\/post"}],"author":[{"embeddable":true,"href":"https:\/\/filhosdaterra.org\/en\/wp-json\/wp\/v2\/users\/2"}],"replies":[{"embeddable":true,"href":"https:\/\/filhosdaterra.org\/en\/wp-json\/wp\/v2\/comments?post=6678"}],"version-history":[{"count":3,"href":"https:\/\/filhosdaterra.org\/en\/wp-json\/wp\/v2\/posts\/6678\/revisions"}],"predecessor-version":[{"id":6681,"href":"https:\/\/filhosdaterra.org\/en\/wp-json\/wp\/v2\/posts\/6678\/revisions\/6681"}],"wp:featuredmedia":[{"embeddable":true,"href":"https:\/\/filhosdaterra.org\/en\/wp-json\/wp\/v2\/media\/6625"}],"wp:attachment":[{"href":"https:\/\/filhosdaterra.org\/en\/wp-json\/wp\/v2\/media?parent=6678"}],"wp:term":[{"taxonomy":"category","embeddable":true,"href":"https:\/\/filhosdaterra.org\/en\/wp-json\/wp\/v2\/categories?post=6678"},{"taxonomy":"post_tag","embeddable":true,"href":"https:\/\/filhosdaterra.org\/en\/wp-json\/wp\/v2\/tags?post=6678"}],"curies":[{"name":"wp","href":"https:\/\/api.w.org\/{rel}","templated":true}]}}