{"id":6016,"date":"2025-10-17T08:57:06","date_gmt":"2025-10-17T11:57:06","guid":{"rendered":"https:\/\/filhosdaterra.org\/?p=6016"},"modified":"2025-10-17T08:57:06","modified_gmt":"2025-10-17T11:57:06","slug":"lancamento-colecao-filhos-da-terra","status":"publish","type":"post","link":"https:\/\/filhosdaterra.org\/en\/lancamento-colecao-filhos-da-terra\/","title":{"rendered":"Cole\u00e7\u00e3o in\u00e9dita celebra as culturas populares brasileiras no Museu Nacional da Rep\u00fablica"},"content":{"rendered":"<p><i><span style=\"font-weight: 400;\">Lan\u00e7amento de \u201cCadernos do Patrim\u00f4nio Imaterial Brasileiro \u2013 Construindo Saberes\u201d re\u00fane mestres da cultura, roda de conversa e apresenta\u00e7\u00e3o da Congada de Catal\u00e3o<\/span><\/i><\/p>\n<p><span style=\"font-weight: 400;\">No pr\u00f3ximo dia <\/span><b>25 de outubro<\/b><span style=\"font-weight: 400;\">, o <\/span><b>Museu Nacional da Rep\u00fablica<\/b><span style=\"font-weight: 400;\">, em Bras\u00edlia, ser\u00e1 palco de um encontro marcante entre mem\u00f3ria, arte e identidade. O espa\u00e7o recebe o lan\u00e7amento da cole\u00e7\u00e3o <\/span><b>\u201cCadernos do Patrim\u00f4nio Imaterial Brasileiro \u2013 Construindo Saberes\u201d<\/b><span style=\"font-weight: 400;\">, um conjunto de publica\u00e7\u00f5es que homenageia as manifesta\u00e7\u00f5es culturais que formam o Brasil profundo.<\/span><\/p>\n<p><span style=\"font-weight: 400;\">Fruto de quase <\/span><b>dez anos de pesquisa de campo<\/b><span style=\"font-weight: 400;\">, a cole\u00e7\u00e3o \u00e9 uma realiza\u00e7\u00e3o do projeto <\/span><b>Filhos da Terra \u2013 Diversidade e Cultura<\/b><span style=\"font-weight: 400;\"> e re\u00fane <\/span><b>doze cadernos<\/b><span style=\"font-weight: 400;\"> inspirados na obra <\/span><i><span style=\"font-weight: 400;\">O Povo Brasileiro<\/span><\/i><span style=\"font-weight: 400;\">, de <\/span><b>Darcy Ribeiro, <\/b><span style=\"font-weight: 400;\">com registros feitos pelo fot\u00f3grafo Eraldo Peres. Cada volume mergulha em uma das matrizes formadoras do pa\u00eds, como:<\/span><\/p>\n<ul>\n<li style=\"font-weight: 400;\" aria-level=\"1\"><b>Sert\u00f5es<\/b><span style=\"font-weight: 400;\"> \u2013 sobre vaqueiros, tropeiros e tradi\u00e7\u00f5es do interior;<\/span><\/li>\n<li style=\"font-weight: 400;\" aria-level=\"1\"><b>Costa Atl\u00e2ntica<\/b><span style=\"font-weight: 400;\"> \u2013 dedicada \u00e0s culturas litor\u00e2neas e suas conex\u00f5es com o mar;<\/span><\/li>\n<li style=\"font-weight: 400;\" aria-level=\"1\"><b>Minera\u00e7\u00e3o<\/b><span style=\"font-weight: 400;\"> \u2013 que percorre os caminhos hist\u00f3ricos da explora\u00e7\u00e3o mineral e suas express\u00f5es culturais;<\/span><\/li>\n<li style=\"font-weight: 400;\" aria-level=\"1\"><b>Povos da Mata<\/b><span style=\"font-weight: 400;\"> \u2013 focada nos modos de vida e espiritualidade das comunidades da floresta.<\/span><\/li>\n<\/ul>\n<p><img decoding=\"async\" loading=\"lazy\" class=\"size-medium wp-image-6017 alignleft\" src=\"https:\/\/filhosdaterra.org\/wp-content\/uploads\/2025\/10\/Box-4-Rotas-300x262.jpg\" alt=\"\" width=\"300\" height=\"262\" srcset=\"https:\/\/filhosdaterra.org\/wp-content\/uploads\/2025\/10\/Box-4-Rotas-300x262.jpg 300w, https:\/\/filhosdaterra.org\/wp-content\/uploads\/2025\/10\/Box-4-Rotas-1024x893.jpg 1024w, https:\/\/filhosdaterra.org\/wp-content\/uploads\/2025\/10\/Box-4-Rotas-768x670.jpg 768w, https:\/\/filhosdaterra.org\/wp-content\/uploads\/2025\/10\/Box-4-Rotas-1536x1340.jpg 1536w, https:\/\/filhosdaterra.org\/wp-content\/uploads\/2025\/10\/Box-4-Rotas-2048x1787.jpg 2048w, https:\/\/filhosdaterra.org\/wp-content\/uploads\/2025\/10\/Box-4-Rotas-14x12.jpg 14w\" sizes=\"(max-width: 300px) 100vw, 300px\" \/><\/p>\n<p><span style=\"font-weight: 400;\">Com uma abordagem que une <\/span><b>fotografia, etnografia visual e invent\u00e1rio participativo<\/b><span style=\"font-weight: 400;\">, os cadernos revelam celebra\u00e7\u00f5es, rituais e pr\u00e1ticas tradicionais que moldam os saberes populares em diferentes regi\u00f5es do Brasil. <\/span><i><span style=\"font-weight: 400;\">\u201cEstar com os mestres e brincantes em seus territ\u00f3rios e celebra\u00e7\u00f5es me faz entender que fotografar \u00e9 tamb\u00e9m um gesto de reconhecimento e valoriza\u00e7\u00e3o da cultura popular brasileira\u201d, <\/span><\/i><span style=\"font-weight: 400;\">afirma Peres.<\/span><\/p>\n<p><span style=\"font-weight: 400;\">Mais que um lan\u00e7amento editorial, o evento ser\u00e1 uma <\/span><b>celebra\u00e7\u00e3o do patrim\u00f4nio imaterial brasileiro<\/b><span style=\"font-weight: 400;\">. A programa\u00e7\u00e3o inclui apresenta\u00e7\u00e3o cultural, roda de conversa e troca de saberes com os pr\u00f3prios protagonistas das manifesta\u00e7\u00f5es registradas. A abertura ser\u00e1 marcada pela apresenta\u00e7\u00e3o do grupo <\/span><b>Mo\u00e7ambique Mam\u00e3e do Ros\u00e1rio<\/b><span style=\"font-weight: 400;\">, da cidade de Catal\u00e3o (GO), representante da tradicional <\/span><b>Congada<\/b><span style=\"font-weight: 400;\">. Em seguida, autores, pesquisadores, educadores e mestres da cultura popular participar\u00e3o de uma roda de conversa sobre os processos de escuta, documenta\u00e7\u00e3o e salvaguarda desses saberes.<\/span><\/p>\n<p>&nbsp;<\/p>\n<p>&nbsp;<\/p>\n<p><b>Sobre o projeto<\/b><\/p>\n<p><span style=\"font-weight: 400;\">Reconhecido nacionalmente, o projeto <\/span><b>Filhos da Terra<\/b><span style=\"font-weight: 400;\"> foi finalista do <\/span><b>Pr\u00eamio Rodrigo Melo Franco<\/b><span style=\"font-weight: 400;\">, concedido pelo IPHAN,\u00a0e a Cole\u00e7\u00e3o dos Cadernos \u00e9 realizada com recursos do Fundo de Apoio \u00e0 Cultura do Distrito Federal. Inspirado nos Brasis de Darcy Ribeiro, o projeto desenvolve uma cartografia visual das culturas populares brasileiras, construindo um acervo \u00fanico e sens\u00edvel sobre as ra\u00edzes culturais do pa\u00eds.<\/span><\/p>\n<p><span style=\"font-weight: 400;\">A cole\u00e7\u00e3o ser\u00e1 distribu\u00edda de forma dirigida e gratuita \u00e0s institui\u00e7\u00f5es p\u00fablicas de educa\u00e7\u00e3o e cultura, e tamb\u00e9m estar\u00e1 dispon\u00edvel para <\/span><b>acesso digital<\/b><span style=\"font-weight: 400;\"> no site oficial do projeto \u2013 <\/span><a href=\"https:\/\/filhosdaterra.org\/en\/\"><span style=\"font-weight: 400;\">www.filhosdaterra.org<\/span><\/a><span style=\"font-weight: 400;\"> .<\/span><\/p>\n<p><b>Sobre Eraldo Peres<\/b><\/p>\n<p><b>Eraldo Peres<\/b><span style=\"font-weight: 400;\"> \u00e9 fotojornalista e produtor cultural. Nascido no Rio de Janeiro e radicado em Bras\u00edlia desde a inf\u00e2ncia, trabalhou em importantes jornais, revistas e ag\u00eancias de not\u00edcias nacionais e internacionais. Desde 1996, dedica-se a projetos como <\/span><b>F\u00c9sta Brasileira<\/b><span style=\"font-weight: 400;\"> e <\/span><b>Filhos da Terra<\/b><span style=\"font-weight: 400;\">, voltados \u00e0 documenta\u00e7\u00e3o fotogr\u00e1fica e audiovisual do patrim\u00f4nio imaterial brasileiro.<\/span><\/p>\n<p><span style=\"font-weight: 400;\">Seus trabalhos foram reconhecidos em premia\u00e7\u00f5es como o <\/span><b>Nikon Photo Contest International<\/b><span style=\"font-weight: 400;\"> (1996 e 2000\/21), o <\/span><b>Humanity Photo Awards<\/b><span style=\"font-weight: 400;\"> (2006 e 2009), promovido pela <\/span><b>UNESCO<\/b><span style=\"font-weight: 400;\"> na China, al\u00e9m de <\/span><b>men\u00e7\u00e3o honrosa no World Press Photo<\/b><span style=\"font-weight: 400;\"> (2008). \u00c9 diretor do <\/span><b>Festival M\u00eas da Fotografia<\/b><span style=\"font-weight: 400;\"> e atua como curador de exposi\u00e7\u00f5es e livros de fotografia.<\/span><\/p>\n<p><b>SERVI\u00c7O<\/b><\/p>\n<p><b>Lan\u00e7amento da cole\u00e7\u00e3o<\/b><span style=\"font-weight: 400;\"><br \/>\n<\/span><i><span style=\"font-weight: 400;\">Cadernos do Patrim\u00f4nio Imaterial Brasileiro \u2013 Construindo Saberes<\/span><\/i><\/p>\n<p><b>Museu Nacional da Rep\u00fablica \u2013 Audit\u00f3rio 2, Bras\u00edlia (DF)<\/b><span style=\"font-weight: 400;\"><br \/>\n<\/span><b>25 de outubro de 2025 (s\u00e1bado)<\/b><span style=\"font-weight: 400;\"><br \/>\n<\/span><b>A partir das 15h<\/b><span style=\"font-weight: 400;\"><br \/>\n<\/span><b>Participa\u00e7\u00e3o especial do grupo de Congada Mo\u00e7ambique Mam\u00e3e do Ros\u00e1rio (Catal\u00e3o \u2013 GO)<\/b><span style=\"font-weight: 400;\"><br \/>\n<\/span><b>Evento gratuito e aberto ao p\u00fablico<\/b><\/p>\n<p><b>Programa\u00e7\u00e3o:<\/b><\/p>\n<ul>\n<li style=\"font-weight: 400;\" aria-level=\"1\"><b>15h30<\/b><span style=\"font-weight: 400;\"> \u2013 Abertura cultural com o grupo Mo\u00e7ambique Mam\u00e3e do Ros\u00e1rio<\/span><\/li>\n<li style=\"font-weight: 400;\" aria-level=\"1\"><b>16h00<\/b><span style=\"font-weight: 400;\"> \u2013 Roda de conversa com autores, educadores, pesquisadores e mestres da cultura popular<\/span><\/li>\n<li style=\"font-weight: 400;\" aria-level=\"1\"><b>17h00<\/b><span style=\"font-weight: 400;\"> \u2013 Nova apresenta\u00e7\u00e3o art\u00edstica do grupo convidado<\/span><\/li>\n<\/ul>\n<p><span style=\"font-weight: 400;\">Acesse os cadernos gratuitamente: www.filhosdaterra.org<\/span><span style=\"font-weight: 400;\"><br \/>\n<\/span><span style=\"font-weight: 400;\">Instagram: <\/span><a href=\"https:\/\/www.instagram.com\/filhosdaterracultura\"><span style=\"font-weight: 400;\">@filhosdaterracultura<\/span><span style=\"font-weight: 400;\"><br \/>\n<\/span><\/a><span style=\"font-weight: 400;\">Imprensa: <\/span><b>T\u00e1tika Comunica\u00e7\u00e3o<\/b><span style=\"font-weight: 400;\"> \u2013 tatikacomunica@gmail.com<\/span><span style=\"font-weight: 400;\"><br \/>\n<\/span><span style=\"font-weight: 400;\">Contato: <\/span><b>K\u00e1tia Turra<\/b><span style=\"font-weight: 400;\"> \u2013 (61) 99224-7294 \/ @tatikaturra<\/span><\/p>","protected":false},"excerpt":{"rendered":"<p>Lan\u00e7amento de \u201cCadernos do Patrim\u00f4nio Imaterial Brasileiro \u2013 Construindo Saberes\u201d re\u00fane mestres da cultura, roda de conversa e apresenta\u00e7\u00e3o da Congada de Catal\u00e3o No pr\u00f3ximo dia 25 de outubro, o Museu Nacional da Rep\u00fablica, em Bras\u00edlia, ser\u00e1 palco de um encontro marcante entre mem\u00f3ria, arte e identidade. O espa\u00e7o recebe o lan\u00e7amento da cole\u00e7\u00e3o \u201cCadernos [&hellip;]<\/p>","protected":false},"author":2,"featured_media":6017,"comment_status":"open","ping_status":"open","sticky":false,"template":"","format":"standard","meta":{"content-type":"","inline_featured_image":false,"footnotes":""},"categories":[5],"tags":[],"acf":[],"yoast_head":"<!-- This site is optimized with the Yoast SEO plugin v22.2 - https:\/\/yoast.com\/wordpress\/plugins\/seo\/ -->\n<title>Cole\u00e7\u00e3o in\u00e9dita celebra as culturas populares brasileiras no Museu Nacional da Rep\u00fablica - Filhos da Terra - Diversidade e Cultura<\/title>\n<meta name=\"robots\" content=\"index, follow, max-snippet:-1, max-image-preview:large, max-video-preview:-1\" \/>\n<link rel=\"canonical\" href=\"https:\/\/filhosdaterra.org\/en\/lancamento-colecao-filhos-da-terra\/\" \/>\n<meta property=\"og:locale\" content=\"en_US\" \/>\n<meta property=\"og:type\" content=\"article\" \/>\n<meta property=\"og:title\" content=\"Cole\u00e7\u00e3o in\u00e9dita celebra as culturas populares brasileiras no Museu Nacional da Rep\u00fablica - Filhos da Terra - Diversidade e Cultura\" \/>\n<meta property=\"og:description\" content=\"Lan\u00e7amento de \u201cCadernos do Patrim\u00f4nio Imaterial Brasileiro \u2013 Construindo Saberes\u201d re\u00fane mestres da cultura, roda de conversa e apresenta\u00e7\u00e3o da Congada de Catal\u00e3o No pr\u00f3ximo dia 25 de outubro, o Museu Nacional da Rep\u00fablica, em Bras\u00edlia, ser\u00e1 palco de um encontro marcante entre mem\u00f3ria, arte e identidade. O espa\u00e7o recebe o lan\u00e7amento da cole\u00e7\u00e3o \u201cCadernos [&hellip;]\" \/>\n<meta property=\"og:url\" content=\"https:\/\/filhosdaterra.org\/en\/lancamento-colecao-filhos-da-terra\/\" \/>\n<meta property=\"og:site_name\" content=\"Filhos da Terra - Diversidade e Cultura\" \/>\n<meta property=\"article:published_time\" content=\"2025-10-17T11:57:06+00:00\" \/>\n<meta property=\"og:image\" content=\"https:\/\/filhosdaterra.org\/wp-content\/uploads\/2025\/10\/Box-4-Rotas-scaled.jpg\" \/>\n\t<meta property=\"og:image:width\" content=\"2560\" \/>\n\t<meta property=\"og:image:height\" content=\"2233\" \/>\n\t<meta property=\"og:image:type\" content=\"image\/jpeg\" \/>\n<meta name=\"author\" content=\"editor@\" \/>\n<meta name=\"twitter:card\" content=\"summary_large_image\" \/>\n<meta name=\"twitter:label1\" content=\"Written by\" \/>\n\t<meta name=\"twitter:data1\" content=\"editor@\" \/>\n\t<meta name=\"twitter:label2\" content=\"Est. reading time\" \/>\n\t<meta name=\"twitter:data2\" content=\"4 minutes\" \/>\n<script type=\"application\/ld+json\" class=\"yoast-schema-graph\">{\"@context\":\"https:\/\/schema.org\",\"@graph\":[{\"@type\":\"Article\",\"@id\":\"https:\/\/filhosdaterra.org\/lancamento-colecao-filhos-da-terra\/#article\",\"isPartOf\":{\"@id\":\"https:\/\/filhosdaterra.org\/lancamento-colecao-filhos-da-terra\/\"},\"author\":{\"name\":\"editor@\",\"@id\":\"https:\/\/filhosdaterra.org\/#\/schema\/person\/8d05d45ba91354cc38ecfc05c089c6d0\"},\"headline\":\"Cole\u00e7\u00e3o in\u00e9dita celebra as culturas populares brasileiras no Museu Nacional da Rep\u00fablica\",\"datePublished\":\"2025-10-17T11:57:06+00:00\",\"dateModified\":\"2025-10-17T11:57:06+00:00\",\"mainEntityOfPage\":{\"@id\":\"https:\/\/filhosdaterra.org\/lancamento-colecao-filhos-da-terra\/\"},\"wordCount\":716,\"commentCount\":0,\"publisher\":{\"@id\":\"https:\/\/filhosdaterra.org\/#organization\"},\"image\":{\"@id\":\"https:\/\/filhosdaterra.org\/lancamento-colecao-filhos-da-terra\/#primaryimage\"},\"thumbnailUrl\":\"https:\/\/filhosdaterra.org\/wp-content\/uploads\/2025\/10\/Box-4-Rotas-scaled.jpg\",\"articleSection\":[\"Blog\"],\"inLanguage\":\"en-US\",\"potentialAction\":[{\"@type\":\"CommentAction\",\"name\":\"Comment\",\"target\":[\"https:\/\/filhosdaterra.org\/lancamento-colecao-filhos-da-terra\/#respond\"]}]},{\"@type\":\"WebPage\",\"@id\":\"https:\/\/filhosdaterra.org\/lancamento-colecao-filhos-da-terra\/\",\"url\":\"https:\/\/filhosdaterra.org\/lancamento-colecao-filhos-da-terra\/\",\"name\":\"Cole\u00e7\u00e3o in\u00e9dita celebra as culturas populares brasileiras no Museu Nacional da Rep\u00fablica - Filhos da Terra - Diversidade e Cultura\",\"isPartOf\":{\"@id\":\"https:\/\/filhosdaterra.org\/#website\"},\"primaryImageOfPage\":{\"@id\":\"https:\/\/filhosdaterra.org\/lancamento-colecao-filhos-da-terra\/#primaryimage\"},\"image\":{\"@id\":\"https:\/\/filhosdaterra.org\/lancamento-colecao-filhos-da-terra\/#primaryimage\"},\"thumbnailUrl\":\"https:\/\/filhosdaterra.org\/wp-content\/uploads\/2025\/10\/Box-4-Rotas-scaled.jpg\",\"datePublished\":\"2025-10-17T11:57:06+00:00\",\"dateModified\":\"2025-10-17T11:57:06+00:00\",\"breadcrumb\":{\"@id\":\"https:\/\/filhosdaterra.org\/lancamento-colecao-filhos-da-terra\/#breadcrumb\"},\"inLanguage\":\"en-US\",\"potentialAction\":[{\"@type\":\"ReadAction\",\"target\":[\"https:\/\/filhosdaterra.org\/lancamento-colecao-filhos-da-terra\/\"]}]},{\"@type\":\"ImageObject\",\"inLanguage\":\"en-US\",\"@id\":\"https:\/\/filhosdaterra.org\/lancamento-colecao-filhos-da-terra\/#primaryimage\",\"url\":\"https:\/\/filhosdaterra.org\/wp-content\/uploads\/2025\/10\/Box-4-Rotas-scaled.jpg\",\"contentUrl\":\"https:\/\/filhosdaterra.org\/wp-content\/uploads\/2025\/10\/Box-4-Rotas-scaled.jpg\",\"width\":2560,\"height\":2233},{\"@type\":\"BreadcrumbList\",\"@id\":\"https:\/\/filhosdaterra.org\/lancamento-colecao-filhos-da-terra\/#breadcrumb\",\"itemListElement\":[{\"@type\":\"ListItem\",\"position\":1,\"name\":\"In\u00edcio\",\"item\":\"https:\/\/filhosdaterra.org\/\"},{\"@type\":\"ListItem\",\"position\":2,\"name\":\"Cole\u00e7\u00e3o in\u00e9dita celebra as culturas populares brasileiras no Museu Nacional da Rep\u00fablica\"}]},{\"@type\":\"WebSite\",\"@id\":\"https:\/\/filhosdaterra.org\/#website\",\"url\":\"https:\/\/filhosdaterra.org\/\",\"name\":\"Filhos da Terra - Diversidade e Cultura\",\"description\":\"O projeto busca documentar e mostrar ao Brasil quem \u00e9 o povo brasileiro, como s\u00e3o suas festas e celebra\u00e7\u00f5es.\",\"publisher\":{\"@id\":\"https:\/\/filhosdaterra.org\/#organization\"},\"potentialAction\":[{\"@type\":\"SearchAction\",\"target\":{\"@type\":\"EntryPoint\",\"urlTemplate\":\"https:\/\/filhosdaterra.org\/?s={search_term_string}\"},\"query-input\":\"required name=search_term_string\"}],\"inLanguage\":\"en-US\"},{\"@type\":\"Organization\",\"@id\":\"https:\/\/filhosdaterra.org\/#organization\",\"name\":\"Filhos da Terra - Diversidade e Cultura\",\"url\":\"https:\/\/filhosdaterra.org\/\",\"logo\":{\"@type\":\"ImageObject\",\"inLanguage\":\"en-US\",\"@id\":\"https:\/\/filhosdaterra.org\/#\/schema\/logo\/image\/\",\"url\":\"https:\/\/filhosdaterra.org\/wp-content\/uploads\/2022\/08\/logo-filhos-da-terra.png\",\"contentUrl\":\"https:\/\/filhosdaterra.org\/wp-content\/uploads\/2022\/08\/logo-filhos-da-terra.png\",\"width\":600,\"height\":517,\"caption\":\"Filhos da Terra - Diversidade e Cultura\"},\"image\":{\"@id\":\"https:\/\/filhosdaterra.org\/#\/schema\/logo\/image\/\"}},{\"@type\":\"Person\",\"@id\":\"https:\/\/filhosdaterra.org\/#\/schema\/person\/8d05d45ba91354cc38ecfc05c089c6d0\",\"name\":\"editor@\",\"image\":{\"@type\":\"ImageObject\",\"inLanguage\":\"en-US\",\"@id\":\"https:\/\/filhosdaterra.org\/#\/schema\/person\/image\/\",\"url\":\"https:\/\/secure.gravatar.com\/avatar\/f0ab3a18c92e84114ff42cb50aede4cc?s=96&d=mm&r=g\",\"contentUrl\":\"https:\/\/secure.gravatar.com\/avatar\/f0ab3a18c92e84114ff42cb50aede4cc?s=96&d=mm&r=g\",\"caption\":\"editor@\"},\"url\":\"https:\/\/filhosdaterra.org\/en\/author\/editor\/\"}]}<\/script>\n<!-- \/ Yoast SEO plugin. -->","yoast_head_json":{"title":"Cole\u00e7\u00e3o in\u00e9dita celebra as culturas populares brasileiras no Museu Nacional da Rep\u00fablica - Filhos da Terra - Diversidade e Cultura","robots":{"index":"index","follow":"follow","max-snippet":"max-snippet:-1","max-image-preview":"max-image-preview:large","max-video-preview":"max-video-preview:-1"},"canonical":"https:\/\/filhosdaterra.org\/en\/lancamento-colecao-filhos-da-terra\/","og_locale":"en_US","og_type":"article","og_title":"Cole\u00e7\u00e3o in\u00e9dita celebra as culturas populares brasileiras no Museu Nacional da Rep\u00fablica - Filhos da Terra - Diversidade e Cultura","og_description":"Lan\u00e7amento de \u201cCadernos do Patrim\u00f4nio Imaterial Brasileiro \u2013 Construindo Saberes\u201d re\u00fane mestres da cultura, roda de conversa e apresenta\u00e7\u00e3o da Congada de Catal\u00e3o No pr\u00f3ximo dia 25 de outubro, o Museu Nacional da Rep\u00fablica, em Bras\u00edlia, ser\u00e1 palco de um encontro marcante entre mem\u00f3ria, arte e identidade. O espa\u00e7o recebe o lan\u00e7amento da cole\u00e7\u00e3o \u201cCadernos [&hellip;]","og_url":"https:\/\/filhosdaterra.org\/en\/lancamento-colecao-filhos-da-terra\/","og_site_name":"Filhos da Terra - Diversidade e Cultura","article_published_time":"2025-10-17T11:57:06+00:00","og_image":[{"width":2560,"height":2233,"url":"https:\/\/filhosdaterra.org\/wp-content\/uploads\/2025\/10\/Box-4-Rotas-scaled.jpg","type":"image\/jpeg"}],"author":"editor@","twitter_card":"summary_large_image","twitter_misc":{"Written by":"editor@","Est. reading time":"4 minutes"},"schema":{"@context":"https:\/\/schema.org","@graph":[{"@type":"Article","@id":"https:\/\/filhosdaterra.org\/lancamento-colecao-filhos-da-terra\/#article","isPartOf":{"@id":"https:\/\/filhosdaterra.org\/lancamento-colecao-filhos-da-terra\/"},"author":{"name":"editor@","@id":"https:\/\/filhosdaterra.org\/#\/schema\/person\/8d05d45ba91354cc38ecfc05c089c6d0"},"headline":"Cole\u00e7\u00e3o in\u00e9dita celebra as culturas populares brasileiras no Museu Nacional da Rep\u00fablica","datePublished":"2025-10-17T11:57:06+00:00","dateModified":"2025-10-17T11:57:06+00:00","mainEntityOfPage":{"@id":"https:\/\/filhosdaterra.org\/lancamento-colecao-filhos-da-terra\/"},"wordCount":716,"commentCount":0,"publisher":{"@id":"https:\/\/filhosdaterra.org\/#organization"},"image":{"@id":"https:\/\/filhosdaterra.org\/lancamento-colecao-filhos-da-terra\/#primaryimage"},"thumbnailUrl":"https:\/\/filhosdaterra.org\/wp-content\/uploads\/2025\/10\/Box-4-Rotas-scaled.jpg","articleSection":["Blog"],"inLanguage":"en-US","potentialAction":[{"@type":"CommentAction","name":"Comment","target":["https:\/\/filhosdaterra.org\/lancamento-colecao-filhos-da-terra\/#respond"]}]},{"@type":"WebPage","@id":"https:\/\/filhosdaterra.org\/lancamento-colecao-filhos-da-terra\/","url":"https:\/\/filhosdaterra.org\/lancamento-colecao-filhos-da-terra\/","name":"Cole\u00e7\u00e3o in\u00e9dita celebra as culturas populares brasileiras no Museu Nacional da Rep\u00fablica - Filhos da Terra - Diversidade e Cultura","isPartOf":{"@id":"https:\/\/filhosdaterra.org\/#website"},"primaryImageOfPage":{"@id":"https:\/\/filhosdaterra.org\/lancamento-colecao-filhos-da-terra\/#primaryimage"},"image":{"@id":"https:\/\/filhosdaterra.org\/lancamento-colecao-filhos-da-terra\/#primaryimage"},"thumbnailUrl":"https:\/\/filhosdaterra.org\/wp-content\/uploads\/2025\/10\/Box-4-Rotas-scaled.jpg","datePublished":"2025-10-17T11:57:06+00:00","dateModified":"2025-10-17T11:57:06+00:00","breadcrumb":{"@id":"https:\/\/filhosdaterra.org\/lancamento-colecao-filhos-da-terra\/#breadcrumb"},"inLanguage":"en-US","potentialAction":[{"@type":"ReadAction","target":["https:\/\/filhosdaterra.org\/lancamento-colecao-filhos-da-terra\/"]}]},{"@type":"ImageObject","inLanguage":"en-US","@id":"https:\/\/filhosdaterra.org\/lancamento-colecao-filhos-da-terra\/#primaryimage","url":"https:\/\/filhosdaterra.org\/wp-content\/uploads\/2025\/10\/Box-4-Rotas-scaled.jpg","contentUrl":"https:\/\/filhosdaterra.org\/wp-content\/uploads\/2025\/10\/Box-4-Rotas-scaled.jpg","width":2560,"height":2233},{"@type":"BreadcrumbList","@id":"https:\/\/filhosdaterra.org\/lancamento-colecao-filhos-da-terra\/#breadcrumb","itemListElement":[{"@type":"ListItem","position":1,"name":"In\u00edcio","item":"https:\/\/filhosdaterra.org\/"},{"@type":"ListItem","position":2,"name":"Cole\u00e7\u00e3o in\u00e9dita celebra as culturas populares brasileiras no Museu Nacional da Rep\u00fablica"}]},{"@type":"WebSite","@id":"https:\/\/filhosdaterra.org\/#website","url":"https:\/\/filhosdaterra.org\/","name":"Filhos da Terra - Diversidade e Cultura","description":"O projeto busca documentar e mostrar ao Brasil quem \u00e9 o povo brasileiro, como s\u00e3o suas festas e celebra\u00e7\u00f5es.","publisher":{"@id":"https:\/\/filhosdaterra.org\/#organization"},"potentialAction":[{"@type":"SearchAction","target":{"@type":"EntryPoint","urlTemplate":"https:\/\/filhosdaterra.org\/?s={search_term_string}"},"query-input":"required name=search_term_string"}],"inLanguage":"en-US"},{"@type":"Organization","@id":"https:\/\/filhosdaterra.org\/#organization","name":"Filhos da Terra - Diversidade e Cultura","url":"https:\/\/filhosdaterra.org\/","logo":{"@type":"ImageObject","inLanguage":"en-US","@id":"https:\/\/filhosdaterra.org\/#\/schema\/logo\/image\/","url":"https:\/\/filhosdaterra.org\/wp-content\/uploads\/2022\/08\/logo-filhos-da-terra.png","contentUrl":"https:\/\/filhosdaterra.org\/wp-content\/uploads\/2022\/08\/logo-filhos-da-terra.png","width":600,"height":517,"caption":"Filhos da Terra - Diversidade e Cultura"},"image":{"@id":"https:\/\/filhosdaterra.org\/#\/schema\/logo\/image\/"}},{"@type":"Person","@id":"https:\/\/filhosdaterra.org\/#\/schema\/person\/8d05d45ba91354cc38ecfc05c089c6d0","name":"editor@","image":{"@type":"ImageObject","inLanguage":"en-US","@id":"https:\/\/filhosdaterra.org\/#\/schema\/person\/image\/","url":"https:\/\/secure.gravatar.com\/avatar\/f0ab3a18c92e84114ff42cb50aede4cc?s=96&d=mm&r=g","contentUrl":"https:\/\/secure.gravatar.com\/avatar\/f0ab3a18c92e84114ff42cb50aede4cc?s=96&d=mm&r=g","caption":"editor@"},"url":"https:\/\/filhosdaterra.org\/en\/author\/editor\/"}]}},"_links":{"self":[{"href":"https:\/\/filhosdaterra.org\/en\/wp-json\/wp\/v2\/posts\/6016"}],"collection":[{"href":"https:\/\/filhosdaterra.org\/en\/wp-json\/wp\/v2\/posts"}],"about":[{"href":"https:\/\/filhosdaterra.org\/en\/wp-json\/wp\/v2\/types\/post"}],"author":[{"embeddable":true,"href":"https:\/\/filhosdaterra.org\/en\/wp-json\/wp\/v2\/users\/2"}],"replies":[{"embeddable":true,"href":"https:\/\/filhosdaterra.org\/en\/wp-json\/wp\/v2\/comments?post=6016"}],"version-history":[{"count":1,"href":"https:\/\/filhosdaterra.org\/en\/wp-json\/wp\/v2\/posts\/6016\/revisions"}],"predecessor-version":[{"id":6018,"href":"https:\/\/filhosdaterra.org\/en\/wp-json\/wp\/v2\/posts\/6016\/revisions\/6018"}],"wp:featuredmedia":[{"embeddable":true,"href":"https:\/\/filhosdaterra.org\/en\/wp-json\/wp\/v2\/media\/6017"}],"wp:attachment":[{"href":"https:\/\/filhosdaterra.org\/en\/wp-json\/wp\/v2\/media?parent=6016"}],"wp:term":[{"taxonomy":"category","embeddable":true,"href":"https:\/\/filhosdaterra.org\/en\/wp-json\/wp\/v2\/categories?post=6016"},{"taxonomy":"post_tag","embeddable":true,"href":"https:\/\/filhosdaterra.org\/en\/wp-json\/wp\/v2\/tags?post=6016"}],"curies":[{"name":"wp","href":"https:\/\/api.w.org\/{rel}","templated":true}]}}