{"id":503,"date":"2023-11-17T09:35:41","date_gmt":"2023-11-17T12:35:41","guid":{"rendered":"https:\/\/filhosdaterra.org\/?p=503"},"modified":"2024-05-13T15:07:36","modified_gmt":"2024-05-13T18:07:36","slug":"vinde-a-mim","status":"publish","type":"post","link":"https:\/\/filhosdaterra.org\/en\/vinde-a-mim\/","title":{"rendered":"Vinde a Mim"},"content":{"rendered":"<p class=\"has-small-font-size\">6 de jun.\u00a0<\/p>\r\n\r\n\r\n\r\n<p class=\"has-small-font-size\"><em>Vinde, \u00d3 Esp\u00edrito Divino<\/em> <em>Consolador, descei l\u00e1 do C\u00e9u<\/em> <em>A dar-nos riquezas de Vosso amor.<\/em><\/p>\r\n\r\n\r\n\r\n<p class=\"has-small-font-size\"><em>(Hino Festa do Divino, Piren\u00f3polis)<\/em><\/p>\r\n\r\n\r\n\r\n<p class=\"has-small-font-size\">By Eraldo Peres<\/p>\r\n\r\n\r\n\r\n<p class=\"has-small-font-size\">Se o calend\u00e1rio crist\u00e3o se enche de import\u00e2ncia com a Pentecoste, quando o Divino Esp\u00edrito Santo realiza sua chegada ao cora\u00e7\u00e3o dos ap\u00f3stolos de Jesus Cristo, a festa do Divino de Piren\u00f3polis marca mais de 200 anos de sua tradi\u00e7\u00e3o.<\/p>\r\n\r\n\r\n\r\n<p class=\"has-small-font-size\">Reconhecida como patrim\u00f4nio imaterial e registrada no livro das celebra\u00e7\u00f5es em 2010, a Folia do Divino Esp\u00edrito Santo mant\u00e9m sua tradi\u00e7\u00e3o da coroa\u00e7\u00e3o do Imperador, da forma\u00e7\u00e3o da corte rodeadas de virgens e anjinhos, e do andor que leva a imagem do Santo Esp\u00edrito at\u00e9 o altar da Igreja Matriz.<\/p>\r\n\r\n\r\n\r\n<p class=\"has-small-font-size\">Ap\u00f3s um longo per\u00edodo sem realiza\u00e7\u00f5es, devido a situa\u00e7\u00e3o de sa\u00fade vivida pelo pa\u00eds, a Folia do Divino, tanto a da ro\u00e7a com seu giro pelas fazendas, quanto a da cidade s\u00e3o retomadas com um vigor animador, trazendo para os visitantes os brilhos das bandeirinhas vermelhas e brancas em um fabuloso contraste com o c\u00e9u azul da cidade.<\/p>\r\n\r\n\r\n\r\n<p class=\"has-small-font-size\">Conhecida por sua hospitalidade, a cidade re\u00fane em seu conjunto de festividades culturais a Festa do Divino, as Cavalhadas e as lendas locais, tudo isso temperado com a Gariroba ou Gueiroba e os sabores da comida regional goiana, que fazem da cidade um atrativo especial.<\/p>\r\n\r\n\r\n\r\n<p class=\"has-small-font-size\">Batizada em 1727, ano de sua funda\u00e7\u00e3o, como Minas de Nossa Senhora do Ros\u00e1rio de Meia Ponte, em plena expans\u00e3o do ciclo do ouro, foi em 1989 que Piren\u00f3polis recebeu o t\u00edtulo de patrim\u00f4nio nacional, concedido pelo Iphan, e hoje busca seu credenciamento para pleitear o t\u00edtulo de patrim\u00f4nio hist\u00f3rico da humanidade junto a Unesco.<\/p>\r\n\r\n\r\n\r\n<p class=\"has-small-font-size\">As celebra\u00e7\u00f5es do Divino Esp\u00edrito Santo s\u00e3o realizadas em v\u00e1rias cidades do pa\u00eds, como uma manifesta\u00e7\u00e3o cultural que re\u00fane o profano e o sagrado. O culto ao Divino, desde as suas origens em Portugal, varia em torno da composi\u00e7\u00e3o original onde s\u00e3o encontradas a figura do imperador, com sua coroa de prata, cetro e bandeira do Divino, respons\u00e1vel pela festa e chamado de Festeiro.<\/p>\r\n\r\n\r\n\r\n<p class=\"has-small-font-size\">Junto a estrutura b\u00e1sica da Festa do Divino, as folias, a coroa\u00e7\u00e3o de imperador do Imp\u00e9rio, tamb\u00e9m s\u00e3o incorporadas novas express\u00f5es que trazem um tom singular \u00e0 celebra\u00e7\u00e3o ocorrida em Piren\u00f3polis, como as folias da ro\u00e7a e da cidade, o imp\u00e9rio e suas cerim\u00f4nias, a distribui\u00e7\u00e3o das Ver\u00f4nicas, pequenos docinhos de a\u00e7\u00facar com estampas da Pomba do Divino, os mascarados com seus adornos de bois, on\u00e7as e capetas, e as cavalhadas, na qual mouros e crist\u00e3os ricamente vestidos encenam batalhas e confraterniza\u00e7\u00f5es do domingo de Pentecostes.<\/p>\r\n\r\n\r\n\r\n<p class=\"has-small-font-size\">Esse per\u00edodo, os 50 dias ap\u00f3s a P\u00e1scoa e que marcam a Pentecostes, se transforma em uma das maiores e mais importantes celebra\u00e7\u00f5es do calend\u00e1rio crist\u00e3o, comemorando a descida do Esp\u00edrito Santo sobre os ap\u00f3stolos de Jesus Cristo, sua m\u00e3e Maria e outros seguidores, que em tons de vermelho, branco e dourado, celebram clamando \u201cVinde a Mim, \u00d3 Esp\u00edrito Santo\u201d.<\/p>","protected":false},"excerpt":{"rendered":"<p>6 de jun.\u00a0 Vinde, \u00d3 Esp\u00edrito Divino Consolador, descei l\u00e1 do C\u00e9u A dar-nos riquezas de Vosso amor. (Hino Festa do Divino, Piren\u00f3polis) By Eraldo Peres Se o calend\u00e1rio crist\u00e3o se enche de import\u00e2ncia com a Pentecoste, quando o Divino Esp\u00edrito Santo realiza sua chegada ao cora\u00e7\u00e3o dos ap\u00f3stolos de Jesus Cristo, a festa do [&hellip;]<\/p>","protected":false},"author":2,"featured_media":0,"comment_status":"open","ping_status":"open","sticky":false,"template":"","format":"standard","meta":{"content-type":"","inline_featured_image":false,"footnotes":""},"categories":[5],"tags":[],"acf":[],"yoast_head":"<!-- This site is optimized with the Yoast SEO plugin v22.2 - https:\/\/yoast.com\/wordpress\/plugins\/seo\/ -->\n<title>Vinde a Mim - Filhos da Terra - Diversidade e Cultura<\/title>\n<meta name=\"robots\" content=\"index, follow, max-snippet:-1, max-image-preview:large, max-video-preview:-1\" \/>\n<link rel=\"canonical\" href=\"https:\/\/filhosdaterra.org\/en\/vinde-a-mim\/\" \/>\n<meta property=\"og:locale\" content=\"en_US\" \/>\n<meta property=\"og:type\" content=\"article\" \/>\n<meta property=\"og:title\" content=\"Vinde a Mim - Filhos da Terra - Diversidade e Cultura\" \/>\n<meta property=\"og:description\" content=\"6 de jun.\u00a0 Vinde, \u00d3 Esp\u00edrito Divino Consolador, descei l\u00e1 do C\u00e9u A dar-nos riquezas de Vosso amor. (Hino Festa do Divino, Piren\u00f3polis) By Eraldo Peres Se o calend\u00e1rio crist\u00e3o se enche de import\u00e2ncia com a Pentecoste, quando o Divino Esp\u00edrito Santo realiza sua chegada ao cora\u00e7\u00e3o dos ap\u00f3stolos de Jesus Cristo, a festa do [&hellip;]\" \/>\n<meta property=\"og:url\" content=\"https:\/\/filhosdaterra.org\/en\/vinde-a-mim\/\" \/>\n<meta property=\"og:site_name\" content=\"Filhos da Terra - Diversidade e Cultura\" \/>\n<meta property=\"article:published_time\" content=\"2023-11-17T12:35:41+00:00\" \/>\n<meta property=\"article:modified_time\" content=\"2024-05-13T18:07:36+00:00\" \/>\n<meta property=\"og:image\" content=\"https:\/\/filhosdaterra.org\/wp-content\/uploads\/2024\/03\/placeholder.png\" \/>\n\t<meta property=\"og:image:width\" content=\"1200\" \/>\n\t<meta property=\"og:image:height\" content=\"675\" \/>\n\t<meta property=\"og:image:type\" content=\"image\/png\" \/>\n<meta name=\"author\" content=\"editor@\" \/>\n<meta name=\"twitter:card\" content=\"summary_large_image\" \/>\n<meta name=\"twitter:label1\" content=\"Written by\" \/>\n\t<meta name=\"twitter:data1\" content=\"editor@\" \/>\n\t<meta name=\"twitter:label2\" content=\"Est. reading time\" \/>\n\t<meta name=\"twitter:data2\" content=\"3 minutes\" \/>\n<script type=\"application\/ld+json\" class=\"yoast-schema-graph\">{\"@context\":\"https:\/\/schema.org\",\"@graph\":[{\"@type\":\"Article\",\"@id\":\"https:\/\/filhosdaterra.org\/vinde-a-mim\/#article\",\"isPartOf\":{\"@id\":\"https:\/\/filhosdaterra.org\/vinde-a-mim\/\"},\"author\":{\"name\":\"editor@\",\"@id\":\"https:\/\/filhosdaterra.org\/#\/schema\/person\/8d05d45ba91354cc38ecfc05c089c6d0\"},\"headline\":\"Vinde a Mim\",\"datePublished\":\"2023-11-17T12:35:41+00:00\",\"dateModified\":\"2024-05-13T18:07:36+00:00\",\"mainEntityOfPage\":{\"@id\":\"https:\/\/filhosdaterra.org\/vinde-a-mim\/\"},\"wordCount\":553,\"commentCount\":0,\"publisher\":{\"@id\":\"https:\/\/filhosdaterra.org\/#organization\"},\"articleSection\":[\"Blog\"],\"inLanguage\":\"en-US\",\"potentialAction\":[{\"@type\":\"CommentAction\",\"name\":\"Comment\",\"target\":[\"https:\/\/filhosdaterra.org\/vinde-a-mim\/#respond\"]}]},{\"@type\":\"WebPage\",\"@id\":\"https:\/\/filhosdaterra.org\/vinde-a-mim\/\",\"url\":\"https:\/\/filhosdaterra.org\/vinde-a-mim\/\",\"name\":\"Vinde a Mim - Filhos da Terra - Diversidade e Cultura\",\"isPartOf\":{\"@id\":\"https:\/\/filhosdaterra.org\/#website\"},\"datePublished\":\"2023-11-17T12:35:41+00:00\",\"dateModified\":\"2024-05-13T18:07:36+00:00\",\"breadcrumb\":{\"@id\":\"https:\/\/filhosdaterra.org\/vinde-a-mim\/#breadcrumb\"},\"inLanguage\":\"en-US\",\"potentialAction\":[{\"@type\":\"ReadAction\",\"target\":[\"https:\/\/filhosdaterra.org\/vinde-a-mim\/\"]}]},{\"@type\":\"BreadcrumbList\",\"@id\":\"https:\/\/filhosdaterra.org\/vinde-a-mim\/#breadcrumb\",\"itemListElement\":[{\"@type\":\"ListItem\",\"position\":1,\"name\":\"In\u00edcio\",\"item\":\"https:\/\/filhosdaterra.org\/\"},{\"@type\":\"ListItem\",\"position\":2,\"name\":\"Vinde a Mim\"}]},{\"@type\":\"WebSite\",\"@id\":\"https:\/\/filhosdaterra.org\/#website\",\"url\":\"https:\/\/filhosdaterra.org\/\",\"name\":\"Filhos da Terra - Diversidade e Cultura\",\"description\":\"O projeto busca documentar e mostrar ao Brasil quem \u00e9 o povo brasileiro, como s\u00e3o suas festas e celebra\u00e7\u00f5es.\",\"publisher\":{\"@id\":\"https:\/\/filhosdaterra.org\/#organization\"},\"potentialAction\":[{\"@type\":\"SearchAction\",\"target\":{\"@type\":\"EntryPoint\",\"urlTemplate\":\"https:\/\/filhosdaterra.org\/?s={search_term_string}\"},\"query-input\":\"required name=search_term_string\"}],\"inLanguage\":\"en-US\"},{\"@type\":\"Organization\",\"@id\":\"https:\/\/filhosdaterra.org\/#organization\",\"name\":\"Filhos da Terra - Diversidade e Cultura\",\"url\":\"https:\/\/filhosdaterra.org\/\",\"logo\":{\"@type\":\"ImageObject\",\"inLanguage\":\"en-US\",\"@id\":\"https:\/\/filhosdaterra.org\/#\/schema\/logo\/image\/\",\"url\":\"https:\/\/filhosdaterra.org\/wp-content\/uploads\/2022\/08\/logo-filhos-da-terra.png\",\"contentUrl\":\"https:\/\/filhosdaterra.org\/wp-content\/uploads\/2022\/08\/logo-filhos-da-terra.png\",\"width\":600,\"height\":517,\"caption\":\"Filhos da Terra - Diversidade e Cultura\"},\"image\":{\"@id\":\"https:\/\/filhosdaterra.org\/#\/schema\/logo\/image\/\"}},{\"@type\":\"Person\",\"@id\":\"https:\/\/filhosdaterra.org\/#\/schema\/person\/8d05d45ba91354cc38ecfc05c089c6d0\",\"name\":\"editor@\",\"image\":{\"@type\":\"ImageObject\",\"inLanguage\":\"en-US\",\"@id\":\"https:\/\/filhosdaterra.org\/#\/schema\/person\/image\/\",\"url\":\"https:\/\/secure.gravatar.com\/avatar\/f0ab3a18c92e84114ff42cb50aede4cc?s=96&d=mm&r=g\",\"contentUrl\":\"https:\/\/secure.gravatar.com\/avatar\/f0ab3a18c92e84114ff42cb50aede4cc?s=96&d=mm&r=g\",\"caption\":\"editor@\"},\"url\":\"https:\/\/filhosdaterra.org\/en\/author\/editor\/\"}]}<\/script>\n<!-- \/ Yoast SEO plugin. -->","yoast_head_json":{"title":"Vinde a Mim - Filhos da Terra - Diversidade e Cultura","robots":{"index":"index","follow":"follow","max-snippet":"max-snippet:-1","max-image-preview":"max-image-preview:large","max-video-preview":"max-video-preview:-1"},"canonical":"https:\/\/filhosdaterra.org\/en\/vinde-a-mim\/","og_locale":"en_US","og_type":"article","og_title":"Vinde a Mim - Filhos da Terra - Diversidade e Cultura","og_description":"6 de jun.\u00a0 Vinde, \u00d3 Esp\u00edrito Divino Consolador, descei l\u00e1 do C\u00e9u A dar-nos riquezas de Vosso amor. (Hino Festa do Divino, Piren\u00f3polis) By Eraldo Peres Se o calend\u00e1rio crist\u00e3o se enche de import\u00e2ncia com a Pentecoste, quando o Divino Esp\u00edrito Santo realiza sua chegada ao cora\u00e7\u00e3o dos ap\u00f3stolos de Jesus Cristo, a festa do [&hellip;]","og_url":"https:\/\/filhosdaterra.org\/en\/vinde-a-mim\/","og_site_name":"Filhos da Terra - Diversidade e Cultura","article_published_time":"2023-11-17T12:35:41+00:00","article_modified_time":"2024-05-13T18:07:36+00:00","og_image":[{"width":1200,"height":675,"url":"https:\/\/filhosdaterra.org\/wp-content\/uploads\/2024\/03\/placeholder.png","type":"image\/png"}],"author":"editor@","twitter_card":"summary_large_image","twitter_misc":{"Written by":"editor@","Est. reading time":"3 minutes"},"schema":{"@context":"https:\/\/schema.org","@graph":[{"@type":"Article","@id":"https:\/\/filhosdaterra.org\/vinde-a-mim\/#article","isPartOf":{"@id":"https:\/\/filhosdaterra.org\/vinde-a-mim\/"},"author":{"name":"editor@","@id":"https:\/\/filhosdaterra.org\/#\/schema\/person\/8d05d45ba91354cc38ecfc05c089c6d0"},"headline":"Vinde a Mim","datePublished":"2023-11-17T12:35:41+00:00","dateModified":"2024-05-13T18:07:36+00:00","mainEntityOfPage":{"@id":"https:\/\/filhosdaterra.org\/vinde-a-mim\/"},"wordCount":553,"commentCount":0,"publisher":{"@id":"https:\/\/filhosdaterra.org\/#organization"},"articleSection":["Blog"],"inLanguage":"en-US","potentialAction":[{"@type":"CommentAction","name":"Comment","target":["https:\/\/filhosdaterra.org\/vinde-a-mim\/#respond"]}]},{"@type":"WebPage","@id":"https:\/\/filhosdaterra.org\/vinde-a-mim\/","url":"https:\/\/filhosdaterra.org\/vinde-a-mim\/","name":"Vinde a Mim - Filhos da Terra - Diversidade e Cultura","isPartOf":{"@id":"https:\/\/filhosdaterra.org\/#website"},"datePublished":"2023-11-17T12:35:41+00:00","dateModified":"2024-05-13T18:07:36+00:00","breadcrumb":{"@id":"https:\/\/filhosdaterra.org\/vinde-a-mim\/#breadcrumb"},"inLanguage":"en-US","potentialAction":[{"@type":"ReadAction","target":["https:\/\/filhosdaterra.org\/vinde-a-mim\/"]}]},{"@type":"BreadcrumbList","@id":"https:\/\/filhosdaterra.org\/vinde-a-mim\/#breadcrumb","itemListElement":[{"@type":"ListItem","position":1,"name":"In\u00edcio","item":"https:\/\/filhosdaterra.org\/"},{"@type":"ListItem","position":2,"name":"Vinde a Mim"}]},{"@type":"WebSite","@id":"https:\/\/filhosdaterra.org\/#website","url":"https:\/\/filhosdaterra.org\/","name":"Filhos da Terra - Diversidade e Cultura","description":"O projeto busca documentar e mostrar ao Brasil quem \u00e9 o povo brasileiro, como s\u00e3o suas festas e celebra\u00e7\u00f5es.","publisher":{"@id":"https:\/\/filhosdaterra.org\/#organization"},"potentialAction":[{"@type":"SearchAction","target":{"@type":"EntryPoint","urlTemplate":"https:\/\/filhosdaterra.org\/?s={search_term_string}"},"query-input":"required name=search_term_string"}],"inLanguage":"en-US"},{"@type":"Organization","@id":"https:\/\/filhosdaterra.org\/#organization","name":"Filhos da Terra - Diversidade e Cultura","url":"https:\/\/filhosdaterra.org\/","logo":{"@type":"ImageObject","inLanguage":"en-US","@id":"https:\/\/filhosdaterra.org\/#\/schema\/logo\/image\/","url":"https:\/\/filhosdaterra.org\/wp-content\/uploads\/2022\/08\/logo-filhos-da-terra.png","contentUrl":"https:\/\/filhosdaterra.org\/wp-content\/uploads\/2022\/08\/logo-filhos-da-terra.png","width":600,"height":517,"caption":"Filhos da Terra - Diversidade e Cultura"},"image":{"@id":"https:\/\/filhosdaterra.org\/#\/schema\/logo\/image\/"}},{"@type":"Person","@id":"https:\/\/filhosdaterra.org\/#\/schema\/person\/8d05d45ba91354cc38ecfc05c089c6d0","name":"editor@","image":{"@type":"ImageObject","inLanguage":"en-US","@id":"https:\/\/filhosdaterra.org\/#\/schema\/person\/image\/","url":"https:\/\/secure.gravatar.com\/avatar\/f0ab3a18c92e84114ff42cb50aede4cc?s=96&d=mm&r=g","contentUrl":"https:\/\/secure.gravatar.com\/avatar\/f0ab3a18c92e84114ff42cb50aede4cc?s=96&d=mm&r=g","caption":"editor@"},"url":"https:\/\/filhosdaterra.org\/en\/author\/editor\/"}]}},"_links":{"self":[{"href":"https:\/\/filhosdaterra.org\/en\/wp-json\/wp\/v2\/posts\/503"}],"collection":[{"href":"https:\/\/filhosdaterra.org\/en\/wp-json\/wp\/v2\/posts"}],"about":[{"href":"https:\/\/filhosdaterra.org\/en\/wp-json\/wp\/v2\/types\/post"}],"author":[{"embeddable":true,"href":"https:\/\/filhosdaterra.org\/en\/wp-json\/wp\/v2\/users\/2"}],"replies":[{"embeddable":true,"href":"https:\/\/filhosdaterra.org\/en\/wp-json\/wp\/v2\/comments?post=503"}],"version-history":[{"count":3,"href":"https:\/\/filhosdaterra.org\/en\/wp-json\/wp\/v2\/posts\/503\/revisions"}],"predecessor-version":[{"id":4916,"href":"https:\/\/filhosdaterra.org\/en\/wp-json\/wp\/v2\/posts\/503\/revisions\/4916"}],"wp:attachment":[{"href":"https:\/\/filhosdaterra.org\/en\/wp-json\/wp\/v2\/media?parent=503"}],"wp:term":[{"taxonomy":"category","embeddable":true,"href":"https:\/\/filhosdaterra.org\/en\/wp-json\/wp\/v2\/categories?post=503"},{"taxonomy":"post_tag","embeddable":true,"href":"https:\/\/filhosdaterra.org\/en\/wp-json\/wp\/v2\/tags?post=503"}],"curies":[{"name":"wp","href":"https:\/\/api.w.org\/{rel}","templated":true}]}}