{"id":4989,"date":"2024-07-24T21:24:50","date_gmt":"2024-07-25T00:24:50","guid":{"rendered":"https:\/\/filhosdaterra.org\/?p=4989"},"modified":"2024-07-24T21:25:36","modified_gmt":"2024-07-25T00:25:36","slug":"filhos-da-terra-promove-circuito-interativo-de-educacao-patrimonial-no-df","status":"publish","type":"post","link":"https:\/\/filhosdaterra.org\/en\/filhos-da-terra-promove-circuito-interativo-de-educacao-patrimonial-no-df\/","title":{"rendered":"Filhos da Terra promove Educa\u00e7\u00e3o Patrimonial no DF"},"content":{"rendered":"<p><span style=\"font-weight: 400;\">O Circuito Interativo de Educa\u00e7\u00e3o Patrimonial Filhos da Terra promete movimentar o Espa\u00e7o Renato Russo, CEF 15 em Taguatinga, CEF 26 em Ceil\u00e2ndia e CEF Doutora Zilda Arns, no Itapo\u00e3, com apresenta\u00e7\u00f5es dos festejos populares do Maracatu Rural e Congada na \u00faltima semana de agosto. Al\u00e9m disso, o Circuito realizar\u00e1 um webinar com professores no dia 21\/08. O evento faz parte do projeto <\/span><span style=\"font-weight: 400;\">\u201cFilhos da Terra &#8211; Rede Cultura <\/span><i><span style=\"font-weight: 400;\">Game\u201d<\/span><\/i><span style=\"font-weight: 400;\">, que no primeiro semestre deste ano lan\u00e7ou dois jogos interativos online inspirados nessas duas festas populares t\u00e3o importantes para o nosso patrim\u00f4nio imaterial, \u00e0s vezes pouco conhecidos e esquecidos pela popula\u00e7\u00e3o mais jovem.<\/span><\/p>\n<p><span style=\"font-weight: 400;\">E \u00e9 para aproximar esse p\u00fablico das tradi\u00e7\u00f5es populares brasileiras, que o fot\u00f3grafo Eraldo Peres teve a ideia de realizar o projeto \u201cFilhos da Terra &#8211; Rede Cultura Game\u201d. Uma iniciativa da Photo Ag\u00eancia que, junto com a T\u00e1tika Comunica\u00e7\u00e3o e MAD Pixel, resultou na cria\u00e7\u00e3o de dois games inspirados nessas tradi\u00e7\u00f5es para serem testados por alunos de escolas p\u00fablicas, oferecendo-lhes uma imers\u00e3o em uma realidade cultural ainda pouco conhecida por muitos. E os games mostraram ser a ferramenta ideal para aproximar e despertar o interesse dos estudantes pelas tradi\u00e7\u00f5es culturais.<\/span><\/p>\n<p><span style=\"font-weight: 400;\">Agora no m\u00eas de agosto, alunos de escolas p\u00fablicas participam de uma nova fase do projeto, que \u00e9 o Circuito Interativo de Educa\u00e7\u00e3o Patrimonial, que trar\u00e1 para Bras\u00edlia duas importantes manifesta\u00e7\u00f5es culturais: o Maracatu Rural <\/span><span style=\"font-weight: 400;\">Cambinda<\/span><span style=\"font-weight: 400;\"> Brasileira e a Congada, com o grupo Mo\u00e7ambique Mam\u00e3e do Ros\u00e1rio. O Maracatu Rural <\/span><span style=\"font-weight: 400;\">Cambinda <\/span><span style=\"font-weight: 400;\">Brasileira, origin\u00e1rio de Nazar\u00e9 da Mata, na zona canavieira de Pernambuco, possui mais de 100 anos de tradi\u00e7\u00e3o. J\u00e1 o Mo\u00e7ambique Mam\u00e3e do Ros\u00e1rio, de Catal\u00e3o, Goi\u00e1s, \u00e9 um dos grupos mais tradicionais de Congada.<\/span><\/p>\n<p><span style=\"font-weight: 400;\">A programa\u00e7\u00e3o se inicia no dia 21\/08 com a realiza\u00e7\u00e3o do Webinar para professores, no dia 27\/08 no CEF <\/span><span style=\"font-weight: 400;\">26 de <\/span><span style=\"font-weight: 400;\">Ceil\u00e2ndia, dia 28\/08 no Espa\u00e7o Renato Russo, dia 29\/08 no CEF 15 de Taguatinga e dia 30\/08, no CEF Doutora Zilda Arns, no Parano\u00e1, os alunos ter\u00e3o a oportunidade de vivenciar, ao vivo, os festejos que anteriormente conheceram atrav\u00e9s dos jogos. E essas apresenta\u00e7\u00f5es n\u00e3o s\u00f3 dar\u00e3o vida \u00e0s experi\u00eancias virtuais, mas tamb\u00e9m proporcionar\u00e3o uma compreens\u00e3o mais profunda e pr\u00f3xima da realidade dessas ricas manifesta\u00e7\u00f5es culturais.<\/span><\/p>\n<p><span style=\"font-weight: 400;\">Na ocasi\u00e3o tamb\u00e9m ser\u00e3o realizadas rodas de conversa entre os personagens desses festejos e os alunos, criando um espa\u00e7o de troca de conhecimentos e experi\u00eancias. Computadores ficar\u00e3o disponibilizados com os games, proporcionando dessa forma um melhor entendimento do processo de desenvolvimento e a import\u00e2ncia das ferramentas digitais na preserva\u00e7\u00e3o e dissemina\u00e7\u00e3o da cultura.<\/span><\/p>\n<p><span style=\"font-weight: 400;\">No Espa\u00e7o Renato Russo o evento, gratuito e aberto ao p\u00fablico, acontecer\u00e1 entre 14h e 17h horas, Nos CEF da Ceil\u00e2ndia, Taguatinga e Parano\u00e1, o encontro ser\u00e1 restrito aos alunos das duas institui\u00e7\u00f5es. O projeto conta com o patroc\u00ednio da Lei Paulo Gustavo do Minist\u00e9rio da Cultura.<\/span><\/p>\n<p>&nbsp;<\/p>\n<p><b>Circuito Interativo de Educa\u00e7\u00e3o Patrimonial Filhos da Terra<\/b><\/p>\n<p><b>Datas:<\/b><span style=\"font-weight: 400;\"><br \/>\n<\/span><b>Dia 27 de agosto, no CEF 26, <\/b><span style=\"font-weight: 400;\">na<\/span> <span style=\"font-weight: 400;\">Ceil\u00e2ndia<br \/>\n<\/span><b>Dia 28 de agosto<\/b><span style=\"font-weight: 400;\">, no Espa\u00e7o Cultural Renato Russo, na 508 Sul das 14h \u00e0s 17h<br \/>\n<\/span><b>Dia 29 de agosto CEF 15, <\/b><span style=\"font-weight: 400;\">em Taguatinga<br \/>\n<\/span><b>Dia 30 de agosto no<\/b> <b>CEF Doutora Zilda Arns<\/b><span style=\"font-weight: 400;\">, no Itapo\u00e3<\/span><\/p>\n<p>&nbsp;<\/p>","protected":false},"excerpt":{"rendered":"<p>O Circuito Interativo de Educa\u00e7\u00e3o Patrimonial Filhos da Terra promete movimentar o Espa\u00e7o Renato Russo, CEF 15 em Taguatinga, CEF 26 em Ceil\u00e2ndia e CEF Doutora Zilda Arns, no Itapo\u00e3, com apresenta\u00e7\u00f5es dos festejos populares do Maracatu Rural e Congada na \u00faltima semana de agosto. Al\u00e9m disso, o Circuito realizar\u00e1 um webinar com professores no [&hellip;]<\/p>","protected":false},"author":2,"featured_media":4937,"comment_status":"open","ping_status":"open","sticky":false,"template":"","format":"standard","meta":{"content-type":"","inline_featured_image":false,"footnotes":""},"categories":[5],"tags":[],"acf":[],"yoast_head":"<!-- This site is optimized with the Yoast SEO plugin v22.2 - https:\/\/yoast.com\/wordpress\/plugins\/seo\/ -->\n<title>Filhos da Terra promove Educa\u00e7\u00e3o Patrimonial no DF - Filhos da Terra - Diversidade e Cultura<\/title>\n<meta name=\"robots\" content=\"index, follow, max-snippet:-1, max-image-preview:large, max-video-preview:-1\" \/>\n<link rel=\"canonical\" href=\"https:\/\/filhosdaterra.org\/en\/filhos-da-terra-promove-circuito-interativo-de-educacao-patrimonial-no-df\/\" \/>\n<meta property=\"og:locale\" content=\"en_US\" \/>\n<meta property=\"og:type\" content=\"article\" \/>\n<meta property=\"og:title\" content=\"Filhos da Terra promove Educa\u00e7\u00e3o Patrimonial no DF - Filhos da Terra - Diversidade e Cultura\" \/>\n<meta property=\"og:description\" content=\"O Circuito Interativo de Educa\u00e7\u00e3o Patrimonial Filhos da Terra promete movimentar o Espa\u00e7o Renato Russo, CEF 15 em Taguatinga, CEF 26 em Ceil\u00e2ndia e CEF Doutora Zilda Arns, no Itapo\u00e3, com apresenta\u00e7\u00f5es dos festejos populares do Maracatu Rural e Congada na \u00faltima semana de agosto. Al\u00e9m disso, o Circuito realizar\u00e1 um webinar com professores no [&hellip;]\" \/>\n<meta property=\"og:url\" content=\"https:\/\/filhosdaterra.org\/en\/filhos-da-terra-promove-circuito-interativo-de-educacao-patrimonial-no-df\/\" \/>\n<meta property=\"og:site_name\" content=\"Filhos da Terra - Diversidade e Cultura\" \/>\n<meta property=\"article:published_time\" content=\"2024-07-25T00:24:50+00:00\" \/>\n<meta property=\"article:modified_time\" content=\"2024-07-25T00:25:36+00:00\" \/>\n<meta property=\"og:image\" content=\"https:\/\/filhosdaterra.org\/wp-content\/uploads\/2024\/05\/2WhatsApp-Image-2024-05-15-at-17.35.17.jpg\" \/>\n\t<meta property=\"og:image:width\" content=\"1000\" \/>\n\t<meta property=\"og:image:height\" content=\"462\" \/>\n\t<meta property=\"og:image:type\" content=\"image\/jpeg\" \/>\n<meta name=\"author\" content=\"editor@\" \/>\n<meta name=\"twitter:card\" content=\"summary_large_image\" \/>\n<meta name=\"twitter:label1\" content=\"Written by\" \/>\n\t<meta name=\"twitter:data1\" content=\"editor@\" \/>\n\t<meta name=\"twitter:label2\" content=\"Est. reading time\" \/>\n\t<meta name=\"twitter:data2\" content=\"4 minutes\" \/>\n<script type=\"application\/ld+json\" class=\"yoast-schema-graph\">{\"@context\":\"https:\/\/schema.org\",\"@graph\":[{\"@type\":\"Article\",\"@id\":\"https:\/\/filhosdaterra.org\/filhos-da-terra-promove-circuito-interativo-de-educacao-patrimonial-no-df\/#article\",\"isPartOf\":{\"@id\":\"https:\/\/filhosdaterra.org\/filhos-da-terra-promove-circuito-interativo-de-educacao-patrimonial-no-df\/\"},\"author\":{\"name\":\"editor@\",\"@id\":\"https:\/\/filhosdaterra.org\/#\/schema\/person\/8d05d45ba91354cc38ecfc05c089c6d0\"},\"headline\":\"Filhos da Terra promove Educa\u00e7\u00e3o Patrimonial no DF\",\"datePublished\":\"2024-07-25T00:24:50+00:00\",\"dateModified\":\"2024-07-25T00:25:36+00:00\",\"mainEntityOfPage\":{\"@id\":\"https:\/\/filhosdaterra.org\/filhos-da-terra-promove-circuito-interativo-de-educacao-patrimonial-no-df\/\"},\"wordCount\":578,\"commentCount\":0,\"publisher\":{\"@id\":\"https:\/\/filhosdaterra.org\/#organization\"},\"image\":{\"@id\":\"https:\/\/filhosdaterra.org\/filhos-da-terra-promove-circuito-interativo-de-educacao-patrimonial-no-df\/#primaryimage\"},\"thumbnailUrl\":\"https:\/\/filhosdaterra.org\/wp-content\/uploads\/2024\/05\/2WhatsApp-Image-2024-05-15-at-17.35.17.jpg\",\"articleSection\":[\"Blog\"],\"inLanguage\":\"en-US\",\"potentialAction\":[{\"@type\":\"CommentAction\",\"name\":\"Comment\",\"target\":[\"https:\/\/filhosdaterra.org\/filhos-da-terra-promove-circuito-interativo-de-educacao-patrimonial-no-df\/#respond\"]}]},{\"@type\":\"WebPage\",\"@id\":\"https:\/\/filhosdaterra.org\/filhos-da-terra-promove-circuito-interativo-de-educacao-patrimonial-no-df\/\",\"url\":\"https:\/\/filhosdaterra.org\/filhos-da-terra-promove-circuito-interativo-de-educacao-patrimonial-no-df\/\",\"name\":\"Filhos da Terra promove Educa\u00e7\u00e3o Patrimonial no DF - Filhos da Terra - Diversidade e Cultura\",\"isPartOf\":{\"@id\":\"https:\/\/filhosdaterra.org\/#website\"},\"primaryImageOfPage\":{\"@id\":\"https:\/\/filhosdaterra.org\/filhos-da-terra-promove-circuito-interativo-de-educacao-patrimonial-no-df\/#primaryimage\"},\"image\":{\"@id\":\"https:\/\/filhosdaterra.org\/filhos-da-terra-promove-circuito-interativo-de-educacao-patrimonial-no-df\/#primaryimage\"},\"thumbnailUrl\":\"https:\/\/filhosdaterra.org\/wp-content\/uploads\/2024\/05\/2WhatsApp-Image-2024-05-15-at-17.35.17.jpg\",\"datePublished\":\"2024-07-25T00:24:50+00:00\",\"dateModified\":\"2024-07-25T00:25:36+00:00\",\"breadcrumb\":{\"@id\":\"https:\/\/filhosdaterra.org\/filhos-da-terra-promove-circuito-interativo-de-educacao-patrimonial-no-df\/#breadcrumb\"},\"inLanguage\":\"en-US\",\"potentialAction\":[{\"@type\":\"ReadAction\",\"target\":[\"https:\/\/filhosdaterra.org\/filhos-da-terra-promove-circuito-interativo-de-educacao-patrimonial-no-df\/\"]}]},{\"@type\":\"ImageObject\",\"inLanguage\":\"en-US\",\"@id\":\"https:\/\/filhosdaterra.org\/filhos-da-terra-promove-circuito-interativo-de-educacao-patrimonial-no-df\/#primaryimage\",\"url\":\"https:\/\/filhosdaterra.org\/wp-content\/uploads\/2024\/05\/2WhatsApp-Image-2024-05-15-at-17.35.17.jpg\",\"contentUrl\":\"https:\/\/filhosdaterra.org\/wp-content\/uploads\/2024\/05\/2WhatsApp-Image-2024-05-15-at-17.35.17.jpg\",\"width\":1000,\"height\":462},{\"@type\":\"BreadcrumbList\",\"@id\":\"https:\/\/filhosdaterra.org\/filhos-da-terra-promove-circuito-interativo-de-educacao-patrimonial-no-df\/#breadcrumb\",\"itemListElement\":[{\"@type\":\"ListItem\",\"position\":1,\"name\":\"In\u00edcio\",\"item\":\"https:\/\/filhosdaterra.org\/\"},{\"@type\":\"ListItem\",\"position\":2,\"name\":\"Filhos da Terra promove Educa\u00e7\u00e3o Patrimonial no DF\"}]},{\"@type\":\"WebSite\",\"@id\":\"https:\/\/filhosdaterra.org\/#website\",\"url\":\"https:\/\/filhosdaterra.org\/\",\"name\":\"Filhos da Terra - Diversidade e Cultura\",\"description\":\"O projeto busca documentar e mostrar ao Brasil quem \u00e9 o povo brasileiro, como s\u00e3o suas festas e celebra\u00e7\u00f5es.\",\"publisher\":{\"@id\":\"https:\/\/filhosdaterra.org\/#organization\"},\"potentialAction\":[{\"@type\":\"SearchAction\",\"target\":{\"@type\":\"EntryPoint\",\"urlTemplate\":\"https:\/\/filhosdaterra.org\/?s={search_term_string}\"},\"query-input\":\"required name=search_term_string\"}],\"inLanguage\":\"en-US\"},{\"@type\":\"Organization\",\"@id\":\"https:\/\/filhosdaterra.org\/#organization\",\"name\":\"Filhos da Terra - Diversidade e Cultura\",\"url\":\"https:\/\/filhosdaterra.org\/\",\"logo\":{\"@type\":\"ImageObject\",\"inLanguage\":\"en-US\",\"@id\":\"https:\/\/filhosdaterra.org\/#\/schema\/logo\/image\/\",\"url\":\"https:\/\/filhosdaterra.org\/wp-content\/uploads\/2022\/08\/logo-filhos-da-terra.png\",\"contentUrl\":\"https:\/\/filhosdaterra.org\/wp-content\/uploads\/2022\/08\/logo-filhos-da-terra.png\",\"width\":600,\"height\":517,\"caption\":\"Filhos da Terra - Diversidade e Cultura\"},\"image\":{\"@id\":\"https:\/\/filhosdaterra.org\/#\/schema\/logo\/image\/\"}},{\"@type\":\"Person\",\"@id\":\"https:\/\/filhosdaterra.org\/#\/schema\/person\/8d05d45ba91354cc38ecfc05c089c6d0\",\"name\":\"editor@\",\"image\":{\"@type\":\"ImageObject\",\"inLanguage\":\"en-US\",\"@id\":\"https:\/\/filhosdaterra.org\/#\/schema\/person\/image\/\",\"url\":\"https:\/\/secure.gravatar.com\/avatar\/f0ab3a18c92e84114ff42cb50aede4cc?s=96&d=mm&r=g\",\"contentUrl\":\"https:\/\/secure.gravatar.com\/avatar\/f0ab3a18c92e84114ff42cb50aede4cc?s=96&d=mm&r=g\",\"caption\":\"editor@\"},\"url\":\"https:\/\/filhosdaterra.org\/en\/author\/editor\/\"}]}<\/script>\n<!-- \/ Yoast SEO plugin. -->","yoast_head_json":{"title":"Filhos da Terra promove Educa\u00e7\u00e3o Patrimonial no DF - Filhos da Terra - Diversidade e Cultura","robots":{"index":"index","follow":"follow","max-snippet":"max-snippet:-1","max-image-preview":"max-image-preview:large","max-video-preview":"max-video-preview:-1"},"canonical":"https:\/\/filhosdaterra.org\/en\/filhos-da-terra-promove-circuito-interativo-de-educacao-patrimonial-no-df\/","og_locale":"en_US","og_type":"article","og_title":"Filhos da Terra promove Educa\u00e7\u00e3o Patrimonial no DF - Filhos da Terra - Diversidade e Cultura","og_description":"O Circuito Interativo de Educa\u00e7\u00e3o Patrimonial Filhos da Terra promete movimentar o Espa\u00e7o Renato Russo, CEF 15 em Taguatinga, CEF 26 em Ceil\u00e2ndia e CEF Doutora Zilda Arns, no Itapo\u00e3, com apresenta\u00e7\u00f5es dos festejos populares do Maracatu Rural e Congada na \u00faltima semana de agosto. Al\u00e9m disso, o Circuito realizar\u00e1 um webinar com professores no [&hellip;]","og_url":"https:\/\/filhosdaterra.org\/en\/filhos-da-terra-promove-circuito-interativo-de-educacao-patrimonial-no-df\/","og_site_name":"Filhos da Terra - Diversidade e Cultura","article_published_time":"2024-07-25T00:24:50+00:00","article_modified_time":"2024-07-25T00:25:36+00:00","og_image":[{"width":1000,"height":462,"url":"https:\/\/filhosdaterra.org\/wp-content\/uploads\/2024\/05\/2WhatsApp-Image-2024-05-15-at-17.35.17.jpg","type":"image\/jpeg"}],"author":"editor@","twitter_card":"summary_large_image","twitter_misc":{"Written by":"editor@","Est. reading time":"4 minutes"},"schema":{"@context":"https:\/\/schema.org","@graph":[{"@type":"Article","@id":"https:\/\/filhosdaterra.org\/filhos-da-terra-promove-circuito-interativo-de-educacao-patrimonial-no-df\/#article","isPartOf":{"@id":"https:\/\/filhosdaterra.org\/filhos-da-terra-promove-circuito-interativo-de-educacao-patrimonial-no-df\/"},"author":{"name":"editor@","@id":"https:\/\/filhosdaterra.org\/#\/schema\/person\/8d05d45ba91354cc38ecfc05c089c6d0"},"headline":"Filhos da Terra promove Educa\u00e7\u00e3o Patrimonial no DF","datePublished":"2024-07-25T00:24:50+00:00","dateModified":"2024-07-25T00:25:36+00:00","mainEntityOfPage":{"@id":"https:\/\/filhosdaterra.org\/filhos-da-terra-promove-circuito-interativo-de-educacao-patrimonial-no-df\/"},"wordCount":578,"commentCount":0,"publisher":{"@id":"https:\/\/filhosdaterra.org\/#organization"},"image":{"@id":"https:\/\/filhosdaterra.org\/filhos-da-terra-promove-circuito-interativo-de-educacao-patrimonial-no-df\/#primaryimage"},"thumbnailUrl":"https:\/\/filhosdaterra.org\/wp-content\/uploads\/2024\/05\/2WhatsApp-Image-2024-05-15-at-17.35.17.jpg","articleSection":["Blog"],"inLanguage":"en-US","potentialAction":[{"@type":"CommentAction","name":"Comment","target":["https:\/\/filhosdaterra.org\/filhos-da-terra-promove-circuito-interativo-de-educacao-patrimonial-no-df\/#respond"]}]},{"@type":"WebPage","@id":"https:\/\/filhosdaterra.org\/filhos-da-terra-promove-circuito-interativo-de-educacao-patrimonial-no-df\/","url":"https:\/\/filhosdaterra.org\/filhos-da-terra-promove-circuito-interativo-de-educacao-patrimonial-no-df\/","name":"Filhos da Terra promove Educa\u00e7\u00e3o Patrimonial no DF - Filhos da Terra - Diversidade e Cultura","isPartOf":{"@id":"https:\/\/filhosdaterra.org\/#website"},"primaryImageOfPage":{"@id":"https:\/\/filhosdaterra.org\/filhos-da-terra-promove-circuito-interativo-de-educacao-patrimonial-no-df\/#primaryimage"},"image":{"@id":"https:\/\/filhosdaterra.org\/filhos-da-terra-promove-circuito-interativo-de-educacao-patrimonial-no-df\/#primaryimage"},"thumbnailUrl":"https:\/\/filhosdaterra.org\/wp-content\/uploads\/2024\/05\/2WhatsApp-Image-2024-05-15-at-17.35.17.jpg","datePublished":"2024-07-25T00:24:50+00:00","dateModified":"2024-07-25T00:25:36+00:00","breadcrumb":{"@id":"https:\/\/filhosdaterra.org\/filhos-da-terra-promove-circuito-interativo-de-educacao-patrimonial-no-df\/#breadcrumb"},"inLanguage":"en-US","potentialAction":[{"@type":"ReadAction","target":["https:\/\/filhosdaterra.org\/filhos-da-terra-promove-circuito-interativo-de-educacao-patrimonial-no-df\/"]}]},{"@type":"ImageObject","inLanguage":"en-US","@id":"https:\/\/filhosdaterra.org\/filhos-da-terra-promove-circuito-interativo-de-educacao-patrimonial-no-df\/#primaryimage","url":"https:\/\/filhosdaterra.org\/wp-content\/uploads\/2024\/05\/2WhatsApp-Image-2024-05-15-at-17.35.17.jpg","contentUrl":"https:\/\/filhosdaterra.org\/wp-content\/uploads\/2024\/05\/2WhatsApp-Image-2024-05-15-at-17.35.17.jpg","width":1000,"height":462},{"@type":"BreadcrumbList","@id":"https:\/\/filhosdaterra.org\/filhos-da-terra-promove-circuito-interativo-de-educacao-patrimonial-no-df\/#breadcrumb","itemListElement":[{"@type":"ListItem","position":1,"name":"In\u00edcio","item":"https:\/\/filhosdaterra.org\/"},{"@type":"ListItem","position":2,"name":"Filhos da Terra promove Educa\u00e7\u00e3o Patrimonial no DF"}]},{"@type":"WebSite","@id":"https:\/\/filhosdaterra.org\/#website","url":"https:\/\/filhosdaterra.org\/","name":"Filhos da Terra - Diversidade e Cultura","description":"O projeto busca documentar e mostrar ao Brasil quem \u00e9 o povo brasileiro, como s\u00e3o suas festas e celebra\u00e7\u00f5es.","publisher":{"@id":"https:\/\/filhosdaterra.org\/#organization"},"potentialAction":[{"@type":"SearchAction","target":{"@type":"EntryPoint","urlTemplate":"https:\/\/filhosdaterra.org\/?s={search_term_string}"},"query-input":"required name=search_term_string"}],"inLanguage":"en-US"},{"@type":"Organization","@id":"https:\/\/filhosdaterra.org\/#organization","name":"Filhos da Terra - Diversidade e Cultura","url":"https:\/\/filhosdaterra.org\/","logo":{"@type":"ImageObject","inLanguage":"en-US","@id":"https:\/\/filhosdaterra.org\/#\/schema\/logo\/image\/","url":"https:\/\/filhosdaterra.org\/wp-content\/uploads\/2022\/08\/logo-filhos-da-terra.png","contentUrl":"https:\/\/filhosdaterra.org\/wp-content\/uploads\/2022\/08\/logo-filhos-da-terra.png","width":600,"height":517,"caption":"Filhos da Terra - Diversidade e Cultura"},"image":{"@id":"https:\/\/filhosdaterra.org\/#\/schema\/logo\/image\/"}},{"@type":"Person","@id":"https:\/\/filhosdaterra.org\/#\/schema\/person\/8d05d45ba91354cc38ecfc05c089c6d0","name":"editor@","image":{"@type":"ImageObject","inLanguage":"en-US","@id":"https:\/\/filhosdaterra.org\/#\/schema\/person\/image\/","url":"https:\/\/secure.gravatar.com\/avatar\/f0ab3a18c92e84114ff42cb50aede4cc?s=96&d=mm&r=g","contentUrl":"https:\/\/secure.gravatar.com\/avatar\/f0ab3a18c92e84114ff42cb50aede4cc?s=96&d=mm&r=g","caption":"editor@"},"url":"https:\/\/filhosdaterra.org\/en\/author\/editor\/"}]}},"_links":{"self":[{"href":"https:\/\/filhosdaterra.org\/en\/wp-json\/wp\/v2\/posts\/4989"}],"collection":[{"href":"https:\/\/filhosdaterra.org\/en\/wp-json\/wp\/v2\/posts"}],"about":[{"href":"https:\/\/filhosdaterra.org\/en\/wp-json\/wp\/v2\/types\/post"}],"author":[{"embeddable":true,"href":"https:\/\/filhosdaterra.org\/en\/wp-json\/wp\/v2\/users\/2"}],"replies":[{"embeddable":true,"href":"https:\/\/filhosdaterra.org\/en\/wp-json\/wp\/v2\/comments?post=4989"}],"version-history":[{"count":2,"href":"https:\/\/filhosdaterra.org\/en\/wp-json\/wp\/v2\/posts\/4989\/revisions"}],"predecessor-version":[{"id":4991,"href":"https:\/\/filhosdaterra.org\/en\/wp-json\/wp\/v2\/posts\/4989\/revisions\/4991"}],"wp:featuredmedia":[{"embeddable":true,"href":"https:\/\/filhosdaterra.org\/en\/wp-json\/wp\/v2\/media\/4937"}],"wp:attachment":[{"href":"https:\/\/filhosdaterra.org\/en\/wp-json\/wp\/v2\/media?parent=4989"}],"wp:term":[{"taxonomy":"category","embeddable":true,"href":"https:\/\/filhosdaterra.org\/en\/wp-json\/wp\/v2\/categories?post=4989"},{"taxonomy":"post_tag","embeddable":true,"href":"https:\/\/filhosdaterra.org\/en\/wp-json\/wp\/v2\/tags?post=4989"}],"curies":[{"name":"wp","href":"https:\/\/api.w.org\/{rel}","templated":true}]}}