{"id":4946,"date":"2024-05-21T17:11:23","date_gmt":"2024-05-21T20:11:23","guid":{"rendered":"https:\/\/filhosdaterra.org\/?p=4946"},"modified":"2024-05-23T22:39:02","modified_gmt":"2024-05-24T01:39:02","slug":"eternos-festejos-do-divino-espirito-santo-em-pirenopolis","status":"publish","type":"post","link":"https:\/\/filhosdaterra.org\/en\/eternos-festejos-do-divino-espirito-santo-em-pirenopolis\/","title":{"rendered":"Eternos Festejos do Divino Esp\u00edrito Santo em Piren\u00f3polis"},"content":{"rendered":"<p>Quando a Miss\u00e3o Cruls subiu os Picos dos Pyreneus em 1892, com o objetivo de confirmar a altitude dessas montanhas, a Festa do Divino Esp\u00edrito Santo j\u00e1 contava 73 anos de exist\u00eancia. O encantamento que levou Luiz Cruls a se estabelecer por alguns meses em uma casa da tradicional Rua Direita permanece at\u00e9 hoje, atraindo milhares de turistas e moradores da regi\u00e3o para acompanhar os festejos do Divino e as famosas Cavalhadas. A festa do Divino Esp\u00edrito Santo \u00e9 um evento rico em cultura e religiosidade, onde f\u00e9 e brincadeiras populares se entrela\u00e7am para criar uma atmosfera \u00fanica e inesquec\u00edvel.<\/p>\n<figure id=\"attachment_4951\" aria-describedby=\"caption-attachment-4951\" style=\"width: 800px\" class=\"wp-caption aligncenter\"><img decoding=\"async\" loading=\"lazy\" class=\"wp-image-4951\" src=\"https:\/\/filhosdaterra.org\/wp-content\/uploads\/2024\/05\/S_ERA2179-300x200.jpg\" alt=\"\" width=\"800\" height=\"534\" srcset=\"https:\/\/filhosdaterra.org\/wp-content\/uploads\/2024\/05\/S_ERA2179-300x200.jpg 300w, https:\/\/filhosdaterra.org\/wp-content\/uploads\/2024\/05\/S_ERA2179-768x512.jpg 768w, https:\/\/filhosdaterra.org\/wp-content\/uploads\/2024\/05\/S_ERA2179-18x12.jpg 18w, https:\/\/filhosdaterra.org\/wp-content\/uploads\/2024\/05\/S_ERA2179.jpg 1000w\" sizes=\"(max-width: 800px) 100vw, 800px\" \/><figcaption id=\"caption-attachment-4951\" class=\"wp-caption-text\">Pomba do Divino Esp\u00edrito Santo bordada no manto de um cavaleiro mascarado em frente a Igreja Matriz.<\/figcaption><\/figure>\n<p>Entre os personagens mais ic\u00f4nicos da festa est\u00e3o os mascarados. Conhecidos tamb\u00e9m como \u201ccurucucus\u201d, essas figuras misteriosas percorrem as ruas em trajes coloridos e m\u00e1scaras elaboradas com chifres e cabe\u00e7as de bois, trazendo um ar de mist\u00e9rio e brincadeira. Os mascarados decoram seus cavalos e usam roupas coloridas cobrindo todo o corpo para n\u00e3o serem reconhecidos e, no anonimato, poderem pedir donativos e festejar com a comunidade. Essas figuras enigm\u00e1ticas s\u00e3o herdeiras de uma tradi\u00e7\u00e3o que mistura elementos da cultura africana, ind\u00edgena e europeia, resultando em um espet\u00e1culo visual que encanta e intriga.<\/p>\n<figure id=\"attachment_4953\" aria-describedby=\"caption-attachment-4953\" style=\"width: 800px\" class=\"wp-caption aligncenter\"><img decoding=\"async\" loading=\"lazy\" class=\"wp-image-4953\" src=\"https:\/\/filhosdaterra.org\/wp-content\/uploads\/2024\/05\/S_ERA2523-300x200.jpg\" alt=\"\" width=\"800\" height=\"534\" srcset=\"https:\/\/filhosdaterra.org\/wp-content\/uploads\/2024\/05\/S_ERA2523-300x200.jpg 300w, https:\/\/filhosdaterra.org\/wp-content\/uploads\/2024\/05\/S_ERA2523-768x512.jpg 768w, https:\/\/filhosdaterra.org\/wp-content\/uploads\/2024\/05\/S_ERA2523-18x12.jpg 18w, https:\/\/filhosdaterra.org\/wp-content\/uploads\/2024\/05\/S_ERA2523.jpg 1000w\" sizes=\"(max-width: 800px) 100vw, 800px\" \/><figcaption id=\"caption-attachment-4953\" class=\"wp-caption-text\">Tradicional Curucucu, mascarado com cabe\u00e7a de boi, empina seu cavalo em frente a Igreja de Nossa Senhora do Ros\u00e1rio.<\/figcaption><\/figure>\n<p>A coroa\u00e7\u00e3o do imperador da festa \u00e9 um momento solene e cheio de significados. Escolhido entre os moradores da cidade, o imperador \u00e9 coroado em uma cerim\u00f4nia que simboliza a uni\u00e3o da comunidade e a continuidade das tradi\u00e7\u00f5es. Na manh\u00e3 de domingo, a Coroa e o Imp\u00e9rio seguem em um cortejo at\u00e9 a Igreja Matriz de Nossa Senhora do Ros\u00e1rio. Esta cerim\u00f4nia, que mistura elementos religiosos e festivos, \u00e9 um dos pontos altos das celebra\u00e7\u00f5es e refor\u00e7a os la\u00e7os de solidariedade e f\u00e9 entre os participantes.<\/p>\n<figure id=\"attachment_4958\" aria-describedby=\"caption-attachment-4958\" style=\"width: 800px\" class=\"wp-caption aligncenter\"><img decoding=\"async\" loading=\"lazy\" class=\"wp-image-4958\" src=\"https:\/\/filhosdaterra.org\/wp-content\/uploads\/2024\/05\/S_ERA9777-300x200.jpg\" alt=\"\" width=\"800\" height=\"534\" srcset=\"https:\/\/filhosdaterra.org\/wp-content\/uploads\/2024\/05\/S_ERA9777-300x200.jpg 300w, https:\/\/filhosdaterra.org\/wp-content\/uploads\/2024\/05\/S_ERA9777-768x512.jpg 768w, https:\/\/filhosdaterra.org\/wp-content\/uploads\/2024\/05\/S_ERA9777-18x12.jpg 18w, https:\/\/filhosdaterra.org\/wp-content\/uploads\/2024\/05\/S_ERA9777.jpg 1000w\" sizes=\"(max-width: 800px) 100vw, 800px\" \/><figcaption id=\"caption-attachment-4958\" class=\"wp-caption-text\">Bandeiras durante o cortejo da Coroa do Divino Esp\u00edrito Santo.<\/figcaption><\/figure>\n<p>Seguindo aos desfiles dos mascarados, acontecem as Cavalhadas, uma representa\u00e7\u00e3o teatral equestre que encena a luta entre mouros e crist\u00e3os, simbolizando a batalha pela reconquista da Pen\u00ednsula Ib\u00e9rica. Realizada no Campo das Cavalhadas, este espet\u00e1culo \u00e9 caracterizado por sua riqueza de detalhes e pela participa\u00e7\u00e3o de cavaleiros trajados com armaduras e escudos coloridos.<\/p>\n<figure id=\"attachment_4952\" aria-describedby=\"caption-attachment-4952\" style=\"width: 800px\" class=\"wp-caption aligncenter\"><img decoding=\"async\" loading=\"lazy\" class=\"wp-image-4952\" src=\"https:\/\/filhosdaterra.org\/wp-content\/uploads\/2024\/05\/S_ERA2210-300x200.jpg\" alt=\"\" width=\"800\" height=\"534\" srcset=\"https:\/\/filhosdaterra.org\/wp-content\/uploads\/2024\/05\/S_ERA2210-300x200.jpg 300w, https:\/\/filhosdaterra.org\/wp-content\/uploads\/2024\/05\/S_ERA2210-768x512.jpg 768w, https:\/\/filhosdaterra.org\/wp-content\/uploads\/2024\/05\/S_ERA2210-18x12.jpg 18w, https:\/\/filhosdaterra.org\/wp-content\/uploads\/2024\/05\/S_ERA2210.jpg 1000w\" sizes=\"(max-width: 800px) 100vw, 800px\" \/><figcaption id=\"caption-attachment-4952\" class=\"wp-caption-text\">Mascarado conhecido como &#8220;Curucucu&#8221;, com sua ornada m\u00e1scara de cabe\u00e7a de boi.<\/figcaption><\/figure>\n<p>Desde 1991, o fot\u00f3grafo Eraldo Peres vem documentando as celebra\u00e7\u00f5es do Divino Esp\u00edrito Santo em Piren\u00f3polis, registrando as belezas dessa tradi\u00e7\u00e3o centen\u00e1ria. Seu trabalho foi publicado como um cap\u00edtulo do livro &#8220;Festa Brasileira&#8221; e agora \u00e9 apresentado neste blog do site <a href=\"https:\/\/filhosdaterra.org\/en\/\">www.filhosdaterra.org<\/a>. No site, \u00e9 poss\u00edvel encontrar uma vasta galeria de imagens, cadernos de cultura, v\u00eddeos e games que revelam os detalhes, as emo\u00e7\u00f5es e a devo\u00e7\u00e3o dos participantes das celebra\u00e7\u00f5es populares.<\/p>\n<figure id=\"attachment_4967\" aria-describedby=\"caption-attachment-4967\" style=\"width: 800px\" class=\"wp-caption aligncenter\"><img decoding=\"async\" loading=\"lazy\" class=\"wp-image-4967 size-large\" src=\"https:\/\/filhosdaterra.org\/wp-content\/uploads\/2024\/05\/S_ERA0402-1024x683.jpg\" alt=\"\" width=\"800\" height=\"534\" srcset=\"https:\/\/filhosdaterra.org\/wp-content\/uploads\/2024\/05\/S_ERA0402-1024x683.jpg 1024w, https:\/\/filhosdaterra.org\/wp-content\/uploads\/2024\/05\/S_ERA0402-300x200.jpg 300w, https:\/\/filhosdaterra.org\/wp-content\/uploads\/2024\/05\/S_ERA0402-768x512.jpg 768w, https:\/\/filhosdaterra.org\/wp-content\/uploads\/2024\/05\/S_ERA0402-1536x1024.jpg 1536w, https:\/\/filhosdaterra.org\/wp-content\/uploads\/2024\/05\/S_ERA0402-2048x1365.jpg 2048w, https:\/\/filhosdaterra.org\/wp-content\/uploads\/2024\/05\/S_ERA0402-18x12.jpg 18w\" sizes=\"(max-width: 800px) 100vw, 800px\" \/><figcaption id=\"caption-attachment-4967\" class=\"wp-caption-text\">Chegada do cortejo da Coroa na Igreja de Nossa Senhora do Ros\u00e1rio, Igreja Matriz.<\/figcaption><\/figure>\n<p>Acompanhe a galeria fotogr\u00e1fica.<\/p>\n<figure id=\"attachment_4959\" aria-describedby=\"caption-attachment-4959\" style=\"width: 800px\" class=\"wp-caption aligncenter\"><img decoding=\"async\" loading=\"lazy\" class=\"wp-image-4959\" src=\"https:\/\/filhosdaterra.org\/wp-content\/uploads\/2024\/05\/S_ERA9891-300x200.jpg\" alt=\"\" width=\"800\" height=\"534\" srcset=\"https:\/\/filhosdaterra.org\/wp-content\/uploads\/2024\/05\/S_ERA9891-300x200.jpg 300w, https:\/\/filhosdaterra.org\/wp-content\/uploads\/2024\/05\/S_ERA9891-768x512.jpg 768w, https:\/\/filhosdaterra.org\/wp-content\/uploads\/2024\/05\/S_ERA9891-18x12.jpg 18w, https:\/\/filhosdaterra.org\/wp-content\/uploads\/2024\/05\/S_ERA9891.jpg 1000w\" sizes=\"(max-width: 800px) 100vw, 800px\" \/><figcaption id=\"caption-attachment-4959\" class=\"wp-caption-text\">Contejo da Coroa do Divino Esp\u00edrito Santo.<\/figcaption><\/figure>\n<figure id=\"attachment_4957\" aria-describedby=\"caption-attachment-4957\" style=\"width: 800px\" class=\"wp-caption aligncenter\"><img decoding=\"async\" loading=\"lazy\" class=\"wp-image-4957\" src=\"https:\/\/filhosdaterra.org\/wp-content\/uploads\/2024\/05\/S_ERA9509-300x200.jpg\" alt=\"\" width=\"800\" height=\"534\" srcset=\"https:\/\/filhosdaterra.org\/wp-content\/uploads\/2024\/05\/S_ERA9509-300x200.jpg 300w, https:\/\/filhosdaterra.org\/wp-content\/uploads\/2024\/05\/S_ERA9509-768x512.jpg 768w, https:\/\/filhosdaterra.org\/wp-content\/uploads\/2024\/05\/S_ERA9509-18x12.jpg 18w, https:\/\/filhosdaterra.org\/wp-content\/uploads\/2024\/05\/S_ERA9509.jpg 1000w\" sizes=\"(max-width: 800px) 100vw, 800px\" \/><figcaption id=\"caption-attachment-4957\" class=\"wp-caption-text\">Jovem brincante com sua bandeirinha do Divino para participar do cortejo da Coroa.<\/figcaption><\/figure>\n<figure id=\"attachment_4954\" aria-describedby=\"caption-attachment-4954\" style=\"width: 800px\" class=\"wp-caption aligncenter\"><img decoding=\"async\" loading=\"lazy\" class=\"wp-image-4954\" src=\"https:\/\/filhosdaterra.org\/wp-content\/uploads\/2024\/05\/S_ERA3216-300x200.jpg\" alt=\"\" width=\"800\" height=\"534\" srcset=\"https:\/\/filhosdaterra.org\/wp-content\/uploads\/2024\/05\/S_ERA3216-300x200.jpg 300w, https:\/\/filhosdaterra.org\/wp-content\/uploads\/2024\/05\/S_ERA3216-768x512.jpg 768w, https:\/\/filhosdaterra.org\/wp-content\/uploads\/2024\/05\/S_ERA3216-18x12.jpg 18w, https:\/\/filhosdaterra.org\/wp-content\/uploads\/2024\/05\/S_ERA3216.jpg 1000w\" sizes=\"(max-width: 800px) 100vw, 800px\" \/><figcaption id=\"caption-attachment-4954\" class=\"wp-caption-text\">Jovem Catupe durante o cortejo da Coroa.<\/figcaption><\/figure>\n<figure id=\"attachment_4949\" aria-describedby=\"caption-attachment-4949\" style=\"width: 800px\" class=\"wp-caption aligncenter\"><img decoding=\"async\" loading=\"lazy\" class=\"wp-image-4949\" src=\"https:\/\/filhosdaterra.org\/wp-content\/uploads\/2024\/05\/S_ERA1606-300x200.jpg\" alt=\"\" width=\"800\" height=\"534\" srcset=\"https:\/\/filhosdaterra.org\/wp-content\/uploads\/2024\/05\/S_ERA1606-300x200.jpg 300w, https:\/\/filhosdaterra.org\/wp-content\/uploads\/2024\/05\/S_ERA1606-768x512.jpg 768w, https:\/\/filhosdaterra.org\/wp-content\/uploads\/2024\/05\/S_ERA1606-18x12.jpg 18w, https:\/\/filhosdaterra.org\/wp-content\/uploads\/2024\/05\/S_ERA1606.jpg 1000w\" sizes=\"(max-width: 800px) 100vw, 800px\" \/><figcaption id=\"caption-attachment-4949\" class=\"wp-caption-text\">Cavaleiro com suas vestes de Curucucu e a tradicional cabe\u00e7a de boi.<\/figcaption><\/figure>\n<figure id=\"attachment_4950\" aria-describedby=\"caption-attachment-4950\" style=\"width: 800px\" class=\"wp-caption aligncenter\"><img decoding=\"async\" loading=\"lazy\" class=\"wp-image-4950\" src=\"https:\/\/filhosdaterra.org\/wp-content\/uploads\/2024\/05\/S_ERA2016-300x200.jpg\" alt=\"\" width=\"800\" height=\"534\" srcset=\"https:\/\/filhosdaterra.org\/wp-content\/uploads\/2024\/05\/S_ERA2016-300x200.jpg 300w, https:\/\/filhosdaterra.org\/wp-content\/uploads\/2024\/05\/S_ERA2016-768x512.jpg 768w, https:\/\/filhosdaterra.org\/wp-content\/uploads\/2024\/05\/S_ERA2016-18x12.jpg 18w, https:\/\/filhosdaterra.org\/wp-content\/uploads\/2024\/05\/S_ERA2016.jpg 1000w\" sizes=\"(max-width: 800px) 100vw, 800px\" \/><figcaption id=\"caption-attachment-4950\" class=\"wp-caption-text\">Cavaleiro com suas vestes de Curucucu e a tradicional cabe\u00e7a de boi fica em p\u00e9 em seu cavalo.<\/figcaption><\/figure>\n<figure id=\"attachment_4955\" aria-describedby=\"caption-attachment-4955\" style=\"width: 800px\" class=\"wp-caption aligncenter\"><img decoding=\"async\" loading=\"lazy\" class=\"wp-image-4955\" src=\"https:\/\/filhosdaterra.org\/wp-content\/uploads\/2024\/05\/S_ERA4108-300x200.jpg\" alt=\"\" width=\"800\" height=\"534\" srcset=\"https:\/\/filhosdaterra.org\/wp-content\/uploads\/2024\/05\/S_ERA4108-300x200.jpg 300w, https:\/\/filhosdaterra.org\/wp-content\/uploads\/2024\/05\/S_ERA4108-768x512.jpg 768w, https:\/\/filhosdaterra.org\/wp-content\/uploads\/2024\/05\/S_ERA4108-18x12.jpg 18w, https:\/\/filhosdaterra.org\/wp-content\/uploads\/2024\/05\/S_ERA4108.jpg 1000w\" sizes=\"(max-width: 800px) 100vw, 800px\" \/><figcaption id=\"caption-attachment-4955\" class=\"wp-caption-text\">Meninas se protejem do sol sob uma bandeira do Divino Esp\u00edrito Santo.<\/figcaption><\/figure>\n<figure id=\"attachment_4956\" aria-describedby=\"caption-attachment-4956\" style=\"width: 800px\" class=\"wp-caption aligncenter\"><img decoding=\"async\" loading=\"lazy\" class=\"wp-image-4956\" src=\"https:\/\/filhosdaterra.org\/wp-content\/uploads\/2024\/05\/S_ERA9155-300x200.jpg\" alt=\"\" width=\"800\" height=\"534\" srcset=\"https:\/\/filhosdaterra.org\/wp-content\/uploads\/2024\/05\/S_ERA9155-300x200.jpg 300w, https:\/\/filhosdaterra.org\/wp-content\/uploads\/2024\/05\/S_ERA9155-768x512.jpg 768w, https:\/\/filhosdaterra.org\/wp-content\/uploads\/2024\/05\/S_ERA9155-18x12.jpg 18w, https:\/\/filhosdaterra.org\/wp-content\/uploads\/2024\/05\/S_ERA9155.jpg 1000w\" sizes=\"(max-width: 800px) 100vw, 800px\" \/><figcaption id=\"caption-attachment-4956\" class=\"wp-caption-text\">Cavaleiro com a tradicional m\u00e1scara com cabe\u00e7a de boi nas ruas de Piren\u00f3polis.<\/figcaption><\/figure>\n<figure id=\"attachment_4968\" aria-describedby=\"caption-attachment-4968\" style=\"width: 800px\" class=\"wp-caption aligncenter\"><img decoding=\"async\" loading=\"lazy\" class=\"wp-image-4968\" src=\"https:\/\/filhosdaterra.org\/wp-content\/uploads\/2024\/05\/S_ERA0668-300x200.jpg\" alt=\"\" width=\"800\" height=\"534\" srcset=\"https:\/\/filhosdaterra.org\/wp-content\/uploads\/2024\/05\/S_ERA0668-300x200.jpg 300w, https:\/\/filhosdaterra.org\/wp-content\/uploads\/2024\/05\/S_ERA0668-768x512.jpg 768w, https:\/\/filhosdaterra.org\/wp-content\/uploads\/2024\/05\/S_ERA0668-18x12.jpg 18w, https:\/\/filhosdaterra.org\/wp-content\/uploads\/2024\/05\/S_ERA0668.jpg 1000w\" sizes=\"(max-width: 800px) 100vw, 800px\" \/><figcaption id=\"caption-attachment-4968\" class=\"wp-caption-text\">Chegada do cortejo da Coroa na Igreja de Nossa Senhora do Ros\u00e1rio, Igreja Matriz.<\/figcaption><\/figure>\n<figure id=\"attachment_4969\" aria-describedby=\"caption-attachment-4969\" style=\"width: 800px\" class=\"wp-caption aligncenter\"><img decoding=\"async\" loading=\"lazy\" class=\"wp-image-4969\" src=\"https:\/\/filhosdaterra.org\/wp-content\/uploads\/2024\/05\/S_ERA3027-300x200.jpg\" alt=\"\" width=\"800\" height=\"534\" srcset=\"https:\/\/filhosdaterra.org\/wp-content\/uploads\/2024\/05\/S_ERA3027-300x200.jpg 300w, https:\/\/filhosdaterra.org\/wp-content\/uploads\/2024\/05\/S_ERA3027-768x512.jpg 768w, https:\/\/filhosdaterra.org\/wp-content\/uploads\/2024\/05\/S_ERA3027-18x12.jpg 18w, https:\/\/filhosdaterra.org\/wp-content\/uploads\/2024\/05\/S_ERA3027.jpg 1000w\" sizes=\"(max-width: 800px) 100vw, 800px\" \/><figcaption id=\"caption-attachment-4969\" class=\"wp-caption-text\">Jovem mascarado brinca em frente a uma loja de roupas.<\/figcaption><\/figure>\n<figure id=\"attachment_4970\" aria-describedby=\"caption-attachment-4970\" style=\"width: 800px\" class=\"wp-caption aligncenter\"><img decoding=\"async\" loading=\"lazy\" class=\"wp-image-4970\" src=\"https:\/\/filhosdaterra.org\/wp-content\/uploads\/2024\/05\/s_ERA3098-300x200.jpg\" alt=\"\" width=\"800\" height=\"534\" srcset=\"https:\/\/filhosdaterra.org\/wp-content\/uploads\/2024\/05\/s_ERA3098-300x200.jpg 300w, https:\/\/filhosdaterra.org\/wp-content\/uploads\/2024\/05\/s_ERA3098-768x512.jpg 768w, https:\/\/filhosdaterra.org\/wp-content\/uploads\/2024\/05\/s_ERA3098-18x12.jpg 18w, https:\/\/filhosdaterra.org\/wp-content\/uploads\/2024\/05\/s_ERA3098.jpg 1000w\" sizes=\"(max-width: 800px) 100vw, 800px\" \/><figcaption id=\"caption-attachment-4970\" class=\"wp-caption-text\">Tradicional Rua da Cruz, com o manto e a Pomba do Divino Esp\u00edrito Santo.<\/figcaption><\/figure>\n<figure id=\"attachment_4947\" aria-describedby=\"caption-attachment-4947\" style=\"width: 800px\" class=\"wp-caption aligncenter\"><img decoding=\"async\" loading=\"lazy\" class=\"wp-image-4947\" src=\"https:\/\/filhosdaterra.org\/wp-content\/uploads\/2024\/05\/S_ERA1323-300x200.jpg\" alt=\"\" width=\"800\" height=\"534\" srcset=\"https:\/\/filhosdaterra.org\/wp-content\/uploads\/2024\/05\/S_ERA1323-300x200.jpg 300w, https:\/\/filhosdaterra.org\/wp-content\/uploads\/2024\/05\/S_ERA1323-768x512.jpg 768w, https:\/\/filhosdaterra.org\/wp-content\/uploads\/2024\/05\/S_ERA1323-18x12.jpg 18w, https:\/\/filhosdaterra.org\/wp-content\/uploads\/2024\/05\/S_ERA1323.jpg 1000w\" sizes=\"(max-width: 800px) 100vw, 800px\" \/><figcaption id=\"caption-attachment-4947\" class=\"wp-caption-text\">Standarte do Divino Esp\u00edrito Santo na janela de uma casa.<\/figcaption><\/figure>\n<p>(C) Fotos\/Eraldo Peres<\/p>","protected":false},"excerpt":{"rendered":"<p>Quando a Miss\u00e3o Cruls subiu os Picos dos Pyreneus em 1892, com o objetivo de confirmar a altitude dessas montanhas, a Festa do Divino Esp\u00edrito Santo j\u00e1 contava 73 anos de exist\u00eancia. O encantamento que levou Luiz Cruls a se estabelecer por alguns meses em uma casa da tradicional Rua Direita permanece at\u00e9 hoje, atraindo [&hellip;]<\/p>","protected":false},"author":2,"featured_media":4948,"comment_status":"open","ping_status":"open","sticky":false,"template":"","format":"standard","meta":{"content-type":"","inline_featured_image":false,"footnotes":""},"categories":[5],"tags":[],"acf":[],"yoast_head":"<!-- This site is optimized with the Yoast SEO plugin v22.2 - https:\/\/yoast.com\/wordpress\/plugins\/seo\/ -->\n<title>Eternos Festejos do Divino Esp\u00edrito Santo em Piren\u00f3polis - Filhos da Terra - Diversidade e Cultura<\/title>\n<meta name=\"robots\" content=\"index, follow, max-snippet:-1, max-image-preview:large, max-video-preview:-1\" \/>\n<link rel=\"canonical\" href=\"https:\/\/filhosdaterra.org\/en\/eternos-festejos-do-divino-espirito-santo-em-pirenopolis\/\" \/>\n<meta property=\"og:locale\" content=\"en_US\" \/>\n<meta property=\"og:type\" content=\"article\" \/>\n<meta property=\"og:title\" content=\"Eternos Festejos do Divino Esp\u00edrito Santo em Piren\u00f3polis - Filhos da Terra - Diversidade e Cultura\" \/>\n<meta property=\"og:description\" content=\"Quando a Miss\u00e3o Cruls subiu os Picos dos Pyreneus em 1892, com o objetivo de confirmar a altitude dessas montanhas, a Festa do Divino Esp\u00edrito Santo j\u00e1 contava 73 anos de exist\u00eancia. O encantamento que levou Luiz Cruls a se estabelecer por alguns meses em uma casa da tradicional Rua Direita permanece at\u00e9 hoje, atraindo [&hellip;]\" \/>\n<meta property=\"og:url\" content=\"https:\/\/filhosdaterra.org\/en\/eternos-festejos-do-divino-espirito-santo-em-pirenopolis\/\" \/>\n<meta property=\"og:site_name\" content=\"Filhos da Terra - Diversidade e Cultura\" \/>\n<meta property=\"article:published_time\" content=\"2024-05-21T20:11:23+00:00\" \/>\n<meta property=\"article:modified_time\" content=\"2024-05-24T01:39:02+00:00\" \/>\n<meta property=\"og:image\" content=\"https:\/\/filhosdaterra.org\/wp-content\/uploads\/2024\/05\/S_ERA1353.jpg\" \/>\n\t<meta property=\"og:image:width\" content=\"1000\" \/>\n\t<meta property=\"og:image:height\" content=\"667\" \/>\n\t<meta property=\"og:image:type\" content=\"image\/jpeg\" \/>\n<meta name=\"author\" content=\"editor@\" \/>\n<meta name=\"twitter:card\" content=\"summary_large_image\" \/>\n<meta name=\"twitter:label1\" content=\"Written by\" \/>\n\t<meta name=\"twitter:data1\" content=\"editor@\" \/>\n\t<meta name=\"twitter:label2\" content=\"Est. reading time\" \/>\n\t<meta name=\"twitter:data2\" content=\"8 minutes\" \/>\n<script type=\"application\/ld+json\" class=\"yoast-schema-graph\">{\"@context\":\"https:\/\/schema.org\",\"@graph\":[{\"@type\":\"Article\",\"@id\":\"https:\/\/filhosdaterra.org\/eternos-festejos-do-divino-espirito-santo-em-pirenopolis\/#article\",\"isPartOf\":{\"@id\":\"https:\/\/filhosdaterra.org\/eternos-festejos-do-divino-espirito-santo-em-pirenopolis\/\"},\"author\":{\"name\":\"editor@\",\"@id\":\"https:\/\/filhosdaterra.org\/#\/schema\/person\/8d05d45ba91354cc38ecfc05c089c6d0\"},\"headline\":\"Eternos Festejos do Divino Esp\u00edrito Santo em Piren\u00f3polis\",\"datePublished\":\"2024-05-21T20:11:23+00:00\",\"dateModified\":\"2024-05-24T01:39:02+00:00\",\"mainEntityOfPage\":{\"@id\":\"https:\/\/filhosdaterra.org\/eternos-festejos-do-divino-espirito-santo-em-pirenopolis\/\"},\"wordCount\":793,\"commentCount\":0,\"publisher\":{\"@id\":\"https:\/\/filhosdaterra.org\/#organization\"},\"image\":{\"@id\":\"https:\/\/filhosdaterra.org\/eternos-festejos-do-divino-espirito-santo-em-pirenopolis\/#primaryimage\"},\"thumbnailUrl\":\"https:\/\/filhosdaterra.org\/wp-content\/uploads\/2024\/05\/S_ERA1353.jpg\",\"articleSection\":[\"Blog\"],\"inLanguage\":\"en-US\",\"potentialAction\":[{\"@type\":\"CommentAction\",\"name\":\"Comment\",\"target\":[\"https:\/\/filhosdaterra.org\/eternos-festejos-do-divino-espirito-santo-em-pirenopolis\/#respond\"]}]},{\"@type\":\"WebPage\",\"@id\":\"https:\/\/filhosdaterra.org\/eternos-festejos-do-divino-espirito-santo-em-pirenopolis\/\",\"url\":\"https:\/\/filhosdaterra.org\/eternos-festejos-do-divino-espirito-santo-em-pirenopolis\/\",\"name\":\"Eternos Festejos do Divino Esp\u00edrito Santo em Piren\u00f3polis - Filhos da Terra - Diversidade e Cultura\",\"isPartOf\":{\"@id\":\"https:\/\/filhosdaterra.org\/#website\"},\"primaryImageOfPage\":{\"@id\":\"https:\/\/filhosdaterra.org\/eternos-festejos-do-divino-espirito-santo-em-pirenopolis\/#primaryimage\"},\"image\":{\"@id\":\"https:\/\/filhosdaterra.org\/eternos-festejos-do-divino-espirito-santo-em-pirenopolis\/#primaryimage\"},\"thumbnailUrl\":\"https:\/\/filhosdaterra.org\/wp-content\/uploads\/2024\/05\/S_ERA1353.jpg\",\"datePublished\":\"2024-05-21T20:11:23+00:00\",\"dateModified\":\"2024-05-24T01:39:02+00:00\",\"breadcrumb\":{\"@id\":\"https:\/\/filhosdaterra.org\/eternos-festejos-do-divino-espirito-santo-em-pirenopolis\/#breadcrumb\"},\"inLanguage\":\"en-US\",\"potentialAction\":[{\"@type\":\"ReadAction\",\"target\":[\"https:\/\/filhosdaterra.org\/eternos-festejos-do-divino-espirito-santo-em-pirenopolis\/\"]}]},{\"@type\":\"ImageObject\",\"inLanguage\":\"en-US\",\"@id\":\"https:\/\/filhosdaterra.org\/eternos-festejos-do-divino-espirito-santo-em-pirenopolis\/#primaryimage\",\"url\":\"https:\/\/filhosdaterra.org\/wp-content\/uploads\/2024\/05\/S_ERA1353.jpg\",\"contentUrl\":\"https:\/\/filhosdaterra.org\/wp-content\/uploads\/2024\/05\/S_ERA1353.jpg\",\"width\":1000,\"height\":667,\"caption\":\"in Brasilia, Brazil, Saturday, May 18, 2024. (AP Photo\/Eraldo Peres)\"},{\"@type\":\"BreadcrumbList\",\"@id\":\"https:\/\/filhosdaterra.org\/eternos-festejos-do-divino-espirito-santo-em-pirenopolis\/#breadcrumb\",\"itemListElement\":[{\"@type\":\"ListItem\",\"position\":1,\"name\":\"In\u00edcio\",\"item\":\"https:\/\/filhosdaterra.org\/\"},{\"@type\":\"ListItem\",\"position\":2,\"name\":\"Eternos Festejos do Divino Esp\u00edrito Santo em Piren\u00f3polis\"}]},{\"@type\":\"WebSite\",\"@id\":\"https:\/\/filhosdaterra.org\/#website\",\"url\":\"https:\/\/filhosdaterra.org\/\",\"name\":\"Filhos da Terra - Diversidade e Cultura\",\"description\":\"O projeto busca documentar e mostrar ao Brasil quem \u00e9 o povo brasileiro, como s\u00e3o suas festas e celebra\u00e7\u00f5es.\",\"publisher\":{\"@id\":\"https:\/\/filhosdaterra.org\/#organization\"},\"potentialAction\":[{\"@type\":\"SearchAction\",\"target\":{\"@type\":\"EntryPoint\",\"urlTemplate\":\"https:\/\/filhosdaterra.org\/?s={search_term_string}\"},\"query-input\":\"required name=search_term_string\"}],\"inLanguage\":\"en-US\"},{\"@type\":\"Organization\",\"@id\":\"https:\/\/filhosdaterra.org\/#organization\",\"name\":\"Filhos da Terra - Diversidade e Cultura\",\"url\":\"https:\/\/filhosdaterra.org\/\",\"logo\":{\"@type\":\"ImageObject\",\"inLanguage\":\"en-US\",\"@id\":\"https:\/\/filhosdaterra.org\/#\/schema\/logo\/image\/\",\"url\":\"https:\/\/filhosdaterra.org\/wp-content\/uploads\/2022\/08\/logo-filhos-da-terra.png\",\"contentUrl\":\"https:\/\/filhosdaterra.org\/wp-content\/uploads\/2022\/08\/logo-filhos-da-terra.png\",\"width\":600,\"height\":517,\"caption\":\"Filhos da Terra - Diversidade e Cultura\"},\"image\":{\"@id\":\"https:\/\/filhosdaterra.org\/#\/schema\/logo\/image\/\"}},{\"@type\":\"Person\",\"@id\":\"https:\/\/filhosdaterra.org\/#\/schema\/person\/8d05d45ba91354cc38ecfc05c089c6d0\",\"name\":\"editor@\",\"image\":{\"@type\":\"ImageObject\",\"inLanguage\":\"en-US\",\"@id\":\"https:\/\/filhosdaterra.org\/#\/schema\/person\/image\/\",\"url\":\"https:\/\/secure.gravatar.com\/avatar\/f0ab3a18c92e84114ff42cb50aede4cc?s=96&d=mm&r=g\",\"contentUrl\":\"https:\/\/secure.gravatar.com\/avatar\/f0ab3a18c92e84114ff42cb50aede4cc?s=96&d=mm&r=g\",\"caption\":\"editor@\"},\"url\":\"https:\/\/filhosdaterra.org\/en\/author\/editor\/\"}]}<\/script>\n<!-- \/ Yoast SEO plugin. -->","yoast_head_json":{"title":"Eternos Festejos do Divino Esp\u00edrito Santo em Piren\u00f3polis - Filhos da Terra - Diversidade e Cultura","robots":{"index":"index","follow":"follow","max-snippet":"max-snippet:-1","max-image-preview":"max-image-preview:large","max-video-preview":"max-video-preview:-1"},"canonical":"https:\/\/filhosdaterra.org\/en\/eternos-festejos-do-divino-espirito-santo-em-pirenopolis\/","og_locale":"en_US","og_type":"article","og_title":"Eternos Festejos do Divino Esp\u00edrito Santo em Piren\u00f3polis - Filhos da Terra - Diversidade e Cultura","og_description":"Quando a Miss\u00e3o Cruls subiu os Picos dos Pyreneus em 1892, com o objetivo de confirmar a altitude dessas montanhas, a Festa do Divino Esp\u00edrito Santo j\u00e1 contava 73 anos de exist\u00eancia. O encantamento que levou Luiz Cruls a se estabelecer por alguns meses em uma casa da tradicional Rua Direita permanece at\u00e9 hoje, atraindo [&hellip;]","og_url":"https:\/\/filhosdaterra.org\/en\/eternos-festejos-do-divino-espirito-santo-em-pirenopolis\/","og_site_name":"Filhos da Terra - Diversidade e Cultura","article_published_time":"2024-05-21T20:11:23+00:00","article_modified_time":"2024-05-24T01:39:02+00:00","og_image":[{"width":1000,"height":667,"url":"https:\/\/filhosdaterra.org\/wp-content\/uploads\/2024\/05\/S_ERA1353.jpg","type":"image\/jpeg"}],"author":"editor@","twitter_card":"summary_large_image","twitter_misc":{"Written by":"editor@","Est. reading time":"8 minutes"},"schema":{"@context":"https:\/\/schema.org","@graph":[{"@type":"Article","@id":"https:\/\/filhosdaterra.org\/eternos-festejos-do-divino-espirito-santo-em-pirenopolis\/#article","isPartOf":{"@id":"https:\/\/filhosdaterra.org\/eternos-festejos-do-divino-espirito-santo-em-pirenopolis\/"},"author":{"name":"editor@","@id":"https:\/\/filhosdaterra.org\/#\/schema\/person\/8d05d45ba91354cc38ecfc05c089c6d0"},"headline":"Eternos Festejos do Divino Esp\u00edrito Santo em Piren\u00f3polis","datePublished":"2024-05-21T20:11:23+00:00","dateModified":"2024-05-24T01:39:02+00:00","mainEntityOfPage":{"@id":"https:\/\/filhosdaterra.org\/eternos-festejos-do-divino-espirito-santo-em-pirenopolis\/"},"wordCount":793,"commentCount":0,"publisher":{"@id":"https:\/\/filhosdaterra.org\/#organization"},"image":{"@id":"https:\/\/filhosdaterra.org\/eternos-festejos-do-divino-espirito-santo-em-pirenopolis\/#primaryimage"},"thumbnailUrl":"https:\/\/filhosdaterra.org\/wp-content\/uploads\/2024\/05\/S_ERA1353.jpg","articleSection":["Blog"],"inLanguage":"en-US","potentialAction":[{"@type":"CommentAction","name":"Comment","target":["https:\/\/filhosdaterra.org\/eternos-festejos-do-divino-espirito-santo-em-pirenopolis\/#respond"]}]},{"@type":"WebPage","@id":"https:\/\/filhosdaterra.org\/eternos-festejos-do-divino-espirito-santo-em-pirenopolis\/","url":"https:\/\/filhosdaterra.org\/eternos-festejos-do-divino-espirito-santo-em-pirenopolis\/","name":"Eternos Festejos do Divino Esp\u00edrito Santo em Piren\u00f3polis - Filhos da Terra - Diversidade e Cultura","isPartOf":{"@id":"https:\/\/filhosdaterra.org\/#website"},"primaryImageOfPage":{"@id":"https:\/\/filhosdaterra.org\/eternos-festejos-do-divino-espirito-santo-em-pirenopolis\/#primaryimage"},"image":{"@id":"https:\/\/filhosdaterra.org\/eternos-festejos-do-divino-espirito-santo-em-pirenopolis\/#primaryimage"},"thumbnailUrl":"https:\/\/filhosdaterra.org\/wp-content\/uploads\/2024\/05\/S_ERA1353.jpg","datePublished":"2024-05-21T20:11:23+00:00","dateModified":"2024-05-24T01:39:02+00:00","breadcrumb":{"@id":"https:\/\/filhosdaterra.org\/eternos-festejos-do-divino-espirito-santo-em-pirenopolis\/#breadcrumb"},"inLanguage":"en-US","potentialAction":[{"@type":"ReadAction","target":["https:\/\/filhosdaterra.org\/eternos-festejos-do-divino-espirito-santo-em-pirenopolis\/"]}]},{"@type":"ImageObject","inLanguage":"en-US","@id":"https:\/\/filhosdaterra.org\/eternos-festejos-do-divino-espirito-santo-em-pirenopolis\/#primaryimage","url":"https:\/\/filhosdaterra.org\/wp-content\/uploads\/2024\/05\/S_ERA1353.jpg","contentUrl":"https:\/\/filhosdaterra.org\/wp-content\/uploads\/2024\/05\/S_ERA1353.jpg","width":1000,"height":667,"caption":"in Brasilia, Brazil, Saturday, May 18, 2024. (AP Photo\/Eraldo Peres)"},{"@type":"BreadcrumbList","@id":"https:\/\/filhosdaterra.org\/eternos-festejos-do-divino-espirito-santo-em-pirenopolis\/#breadcrumb","itemListElement":[{"@type":"ListItem","position":1,"name":"In\u00edcio","item":"https:\/\/filhosdaterra.org\/"},{"@type":"ListItem","position":2,"name":"Eternos Festejos do Divino Esp\u00edrito Santo em Piren\u00f3polis"}]},{"@type":"WebSite","@id":"https:\/\/filhosdaterra.org\/#website","url":"https:\/\/filhosdaterra.org\/","name":"Filhos da Terra - Diversidade e Cultura","description":"O projeto busca documentar e mostrar ao Brasil quem \u00e9 o povo brasileiro, como s\u00e3o suas festas e celebra\u00e7\u00f5es.","publisher":{"@id":"https:\/\/filhosdaterra.org\/#organization"},"potentialAction":[{"@type":"SearchAction","target":{"@type":"EntryPoint","urlTemplate":"https:\/\/filhosdaterra.org\/?s={search_term_string}"},"query-input":"required name=search_term_string"}],"inLanguage":"en-US"},{"@type":"Organization","@id":"https:\/\/filhosdaterra.org\/#organization","name":"Filhos da Terra - Diversidade e Cultura","url":"https:\/\/filhosdaterra.org\/","logo":{"@type":"ImageObject","inLanguage":"en-US","@id":"https:\/\/filhosdaterra.org\/#\/schema\/logo\/image\/","url":"https:\/\/filhosdaterra.org\/wp-content\/uploads\/2022\/08\/logo-filhos-da-terra.png","contentUrl":"https:\/\/filhosdaterra.org\/wp-content\/uploads\/2022\/08\/logo-filhos-da-terra.png","width":600,"height":517,"caption":"Filhos da Terra - Diversidade e Cultura"},"image":{"@id":"https:\/\/filhosdaterra.org\/#\/schema\/logo\/image\/"}},{"@type":"Person","@id":"https:\/\/filhosdaterra.org\/#\/schema\/person\/8d05d45ba91354cc38ecfc05c089c6d0","name":"editor@","image":{"@type":"ImageObject","inLanguage":"en-US","@id":"https:\/\/filhosdaterra.org\/#\/schema\/person\/image\/","url":"https:\/\/secure.gravatar.com\/avatar\/f0ab3a18c92e84114ff42cb50aede4cc?s=96&d=mm&r=g","contentUrl":"https:\/\/secure.gravatar.com\/avatar\/f0ab3a18c92e84114ff42cb50aede4cc?s=96&d=mm&r=g","caption":"editor@"},"url":"https:\/\/filhosdaterra.org\/en\/author\/editor\/"}]}},"_links":{"self":[{"href":"https:\/\/filhosdaterra.org\/en\/wp-json\/wp\/v2\/posts\/4946"}],"collection":[{"href":"https:\/\/filhosdaterra.org\/en\/wp-json\/wp\/v2\/posts"}],"about":[{"href":"https:\/\/filhosdaterra.org\/en\/wp-json\/wp\/v2\/types\/post"}],"author":[{"embeddable":true,"href":"https:\/\/filhosdaterra.org\/en\/wp-json\/wp\/v2\/users\/2"}],"replies":[{"embeddable":true,"href":"https:\/\/filhosdaterra.org\/en\/wp-json\/wp\/v2\/comments?post=4946"}],"version-history":[{"count":10,"href":"https:\/\/filhosdaterra.org\/en\/wp-json\/wp\/v2\/posts\/4946\/revisions"}],"predecessor-version":[{"id":4973,"href":"https:\/\/filhosdaterra.org\/en\/wp-json\/wp\/v2\/posts\/4946\/revisions\/4973"}],"wp:featuredmedia":[{"embeddable":true,"href":"https:\/\/filhosdaterra.org\/en\/wp-json\/wp\/v2\/media\/4948"}],"wp:attachment":[{"href":"https:\/\/filhosdaterra.org\/en\/wp-json\/wp\/v2\/media?parent=4946"}],"wp:term":[{"taxonomy":"category","embeddable":true,"href":"https:\/\/filhosdaterra.org\/en\/wp-json\/wp\/v2\/categories?post=4946"},{"taxonomy":"post_tag","embeddable":true,"href":"https:\/\/filhosdaterra.org\/en\/wp-json\/wp\/v2\/tags?post=4946"}],"curies":[{"name":"wp","href":"https:\/\/api.w.org\/{rel}","templated":true}]}}