{"id":493,"date":"2022-09-21T16:44:36","date_gmt":"2022-09-21T19:44:36","guid":{"rendered":"https:\/\/filhosdaterra.org\/?p=493"},"modified":"2023-11-17T11:08:45","modified_gmt":"2023-11-17T14:08:45","slug":"a-cidade-dos-carreiros","status":"publish","type":"post","link":"https:\/\/filhosdaterra.org\/en\/a-cidade-dos-carreiros\/","title":{"rendered":"A cidade dos carreiros"},"content":{"rendered":"<p class=\"has-small-font-size\">14 nov. de 2021\u00a0<\/p>\r\n\r\n\r\n\r\n<p class=\"has-small-font-size\">Atualizado: 25 de nov. de 2021<\/p>\r\n\r\n\r\n\r\n<p class=\"has-small-font-size\">Tradicional por realizar as famosas romarias de Damol\u00e2ndia, quando os carreiros se re\u00fanem para em romaria seguirem com seus Carros de Boi rumo a cidade de Trindade, antigo Barro Preto. Os antigos registros mostram que a romaria teve seu in\u00edcio no ano de 1920, quando foi realizada a primeira ida dos carros para Trindade.<\/p>\r\n\r\n\r\n\r\n<p class=\"has-small-font-size\"><em>Chegada de carreiros em Damol\u00e2ndia<\/em><\/p>\r\n\r\n\r\n\r\n<p class=\"has-small-font-size\">At\u00e9 hoje e mesmo ap\u00f3s os per\u00edodos que ficaram parados devido a pandemia, as fam\u00edlias mant\u00e9m suas tradi\u00e7\u00f5es e n\u00e3o deixam seus costumes, preparando &#8220;toda sua tralha&#8221; para irem festejar a devo\u00e7\u00e3o de pelo Divino Pai Eterno, tradicional romaria realizada no in\u00edcio de Julho na cidade de Trindade, pr\u00f3ximo a capital Goi\u00e2nia, estado de Goi\u00e1s.<\/p>\r\n\r\n\r\n\r\n<p class=\"has-small-font-size\"><em>Pouso de carreiros em Damol\u00e2ndia<\/em><\/p>\r\n\r\n\r\n\r\n<p class=\"has-small-font-size\">Nesse final de semana Damol\u00e2ndia est\u00e1 comemorando seus 63 anos de idade, e como n\u00e3o podia deixar de ser centenas de carreiros chegaram no final do s\u00e1bado na cidade, ficando em pousos como o Gin\u00e1sio da cidade, o clube e a Ch\u00e1cara do Passarinho, onde as juntas de bois s\u00e3o soltas no pasto para retomarem o trabalho no dia seguinte.<\/p>\r\n\r\n\r\n\r\n<p class=\"has-small-font-size\"><em>Chegada de carreiros em pouso de Damol\u00e2ndia<\/em><\/p>\r\n\r\n\r\n\r\n<p class=\"has-small-font-size\">No Domingo, dia 14 de Novembro ser\u00e1 o grande dia de festejo dos Carros de Boi, com a Santa Missa pelo in\u00edcio da manh\u00e3, seguido do tradicional desfile dos Carros de Boi pela cidade.<\/p>\r\n\r\n\r\n\r\n<p class=\"has-small-font-size\"><em>Soltura das juntas no pasto pr\u00f3ximo ao pouso em Damol\u00e2ndia<\/em><\/p>\r\n\r\n\r\n\r\n<p class=\"has-small-font-size\">Filhos da Terra est\u00e1 presente, acompanhando mais uma express\u00e3o da nossa rica cultura popular. Uma celebra\u00e7\u00e3o que j\u00e1 \u00e9 tradi\u00e7\u00e3o nessa regi\u00e3o do estado de Goi\u00e1s, onde centenas de Carros de Boi e suas fam\u00edlias de carreiros se juntam para preservarem as tradi\u00e7\u00f5es da cultura dos sert\u00f5es, do manejo do gado e do louvor ao Divino Esp\u00edrito Santo.<\/p>\r\n\r\n\r\n\r\n<p class=\"has-small-font-size\"><em>Chegada no pouso em Damol\u00e2ndia<\/em><\/p>\r\n\r\n\r\n\r\n<p class=\"has-small-font-size\">Saudamos a cidade de Damol\u00e2ndia pelas comemora\u00e7\u00f5es e saudamos todos os carreiros e suas fam\u00edlias que mant\u00e9m viva a tradi\u00e7\u00e3o de carros de bois.<\/p>\r\n\r\n\r\n\r\n<p class=\"has-small-font-size\"><em>Chegada em pouso de Damol\u00e2ndia<\/em><\/p>\r\n\r\n\r\n\r\n<p class=\"has-small-font-size\"><em>Eraldo Peres e S\u00e9rgio Almeida est\u00e3o na regi\u00e3o de Damol\u00e2ndia acompanhando os festejos da cidade e os Carros de Boi. Novembro 2021.<\/em><\/p>","protected":false},"excerpt":{"rendered":"<p>14 nov. de 2021\u00a0 Atualizado: 25 de nov. de 2021 Tradicional por realizar as famosas romarias de Damol\u00e2ndia, quando os carreiros se re\u00fanem para em romaria seguirem com seus Carros de Boi rumo a cidade de Trindade, antigo Barro Preto. Os antigos registros mostram que a romaria teve seu in\u00edcio no ano de 1920, quando [&hellip;]<\/p>","protected":false},"author":2,"featured_media":0,"comment_status":"open","ping_status":"open","sticky":false,"template":"","format":"standard","meta":{"content-type":"","inline_featured_image":false,"footnotes":""},"categories":[5],"tags":[],"acf":[],"yoast_head":"<!-- This site is optimized with the Yoast SEO plugin v22.2 - https:\/\/yoast.com\/wordpress\/plugins\/seo\/ -->\n<title>A cidade dos carreiros - Filhos da Terra - Diversidade e Cultura<\/title>\n<meta name=\"robots\" content=\"index, follow, max-snippet:-1, max-image-preview:large, max-video-preview:-1\" \/>\n<link rel=\"canonical\" href=\"https:\/\/filhosdaterra.org\/en\/a-cidade-dos-carreiros\/\" \/>\n<meta property=\"og:locale\" content=\"en_US\" \/>\n<meta property=\"og:type\" content=\"article\" \/>\n<meta property=\"og:title\" content=\"A cidade dos carreiros - Filhos da Terra - Diversidade e Cultura\" \/>\n<meta property=\"og:description\" content=\"14 nov. de 2021\u00a0 Atualizado: 25 de nov. de 2021 Tradicional por realizar as famosas romarias de Damol\u00e2ndia, quando os carreiros se re\u00fanem para em romaria seguirem com seus Carros de Boi rumo a cidade de Trindade, antigo Barro Preto. Os antigos registros mostram que a romaria teve seu in\u00edcio no ano de 1920, quando [&hellip;]\" \/>\n<meta property=\"og:url\" content=\"https:\/\/filhosdaterra.org\/en\/a-cidade-dos-carreiros\/\" \/>\n<meta property=\"og:site_name\" content=\"Filhos da Terra - Diversidade e Cultura\" \/>\n<meta property=\"article:published_time\" content=\"2022-09-21T19:44:36+00:00\" \/>\n<meta property=\"article:modified_time\" content=\"2023-11-17T14:08:45+00:00\" \/>\n<meta property=\"og:image\" content=\"https:\/\/filhosdaterra.org\/wp-content\/uploads\/2024\/03\/placeholder.png\" \/>\n\t<meta property=\"og:image:width\" content=\"1200\" \/>\n\t<meta property=\"og:image:height\" content=\"675\" \/>\n\t<meta property=\"og:image:type\" content=\"image\/png\" \/>\n<meta name=\"author\" content=\"editor@\" \/>\n<meta name=\"twitter:card\" content=\"summary_large_image\" \/>\n<meta name=\"twitter:label1\" content=\"Written by\" \/>\n\t<meta name=\"twitter:data1\" content=\"editor@\" \/>\n\t<meta name=\"twitter:label2\" content=\"Est. reading time\" \/>\n\t<meta name=\"twitter:data2\" content=\"2 minutes\" \/>\n<script type=\"application\/ld+json\" class=\"yoast-schema-graph\">{\"@context\":\"https:\/\/schema.org\",\"@graph\":[{\"@type\":\"Article\",\"@id\":\"https:\/\/filhosdaterra.org\/a-cidade-dos-carreiros\/#article\",\"isPartOf\":{\"@id\":\"https:\/\/filhosdaterra.org\/a-cidade-dos-carreiros\/\"},\"author\":{\"name\":\"editor@\",\"@id\":\"https:\/\/filhosdaterra.org\/#\/schema\/person\/8d05d45ba91354cc38ecfc05c089c6d0\"},\"headline\":\"A cidade dos carreiros\",\"datePublished\":\"2022-09-21T19:44:36+00:00\",\"dateModified\":\"2023-11-17T14:08:45+00:00\",\"mainEntityOfPage\":{\"@id\":\"https:\/\/filhosdaterra.org\/a-cidade-dos-carreiros\/\"},\"wordCount\":395,\"commentCount\":0,\"publisher\":{\"@id\":\"https:\/\/filhosdaterra.org\/#organization\"},\"articleSection\":[\"Blog\"],\"inLanguage\":\"en-US\",\"potentialAction\":[{\"@type\":\"CommentAction\",\"name\":\"Comment\",\"target\":[\"https:\/\/filhosdaterra.org\/a-cidade-dos-carreiros\/#respond\"]}]},{\"@type\":\"WebPage\",\"@id\":\"https:\/\/filhosdaterra.org\/a-cidade-dos-carreiros\/\",\"url\":\"https:\/\/filhosdaterra.org\/a-cidade-dos-carreiros\/\",\"name\":\"A cidade dos carreiros - Filhos da Terra - Diversidade e Cultura\",\"isPartOf\":{\"@id\":\"https:\/\/filhosdaterra.org\/#website\"},\"datePublished\":\"2022-09-21T19:44:36+00:00\",\"dateModified\":\"2023-11-17T14:08:45+00:00\",\"breadcrumb\":{\"@id\":\"https:\/\/filhosdaterra.org\/a-cidade-dos-carreiros\/#breadcrumb\"},\"inLanguage\":\"en-US\",\"potentialAction\":[{\"@type\":\"ReadAction\",\"target\":[\"https:\/\/filhosdaterra.org\/a-cidade-dos-carreiros\/\"]}]},{\"@type\":\"BreadcrumbList\",\"@id\":\"https:\/\/filhosdaterra.org\/a-cidade-dos-carreiros\/#breadcrumb\",\"itemListElement\":[{\"@type\":\"ListItem\",\"position\":1,\"name\":\"In\u00edcio\",\"item\":\"https:\/\/filhosdaterra.org\/\"},{\"@type\":\"ListItem\",\"position\":2,\"name\":\"A cidade dos carreiros\"}]},{\"@type\":\"WebSite\",\"@id\":\"https:\/\/filhosdaterra.org\/#website\",\"url\":\"https:\/\/filhosdaterra.org\/\",\"name\":\"Filhos da Terra - Diversidade e Cultura\",\"description\":\"O projeto busca documentar e mostrar ao Brasil quem \u00e9 o povo brasileiro, como s\u00e3o suas festas e celebra\u00e7\u00f5es.\",\"publisher\":{\"@id\":\"https:\/\/filhosdaterra.org\/#organization\"},\"potentialAction\":[{\"@type\":\"SearchAction\",\"target\":{\"@type\":\"EntryPoint\",\"urlTemplate\":\"https:\/\/filhosdaterra.org\/?s={search_term_string}\"},\"query-input\":\"required name=search_term_string\"}],\"inLanguage\":\"en-US\"},{\"@type\":\"Organization\",\"@id\":\"https:\/\/filhosdaterra.org\/#organization\",\"name\":\"Filhos da Terra - Diversidade e Cultura\",\"url\":\"https:\/\/filhosdaterra.org\/\",\"logo\":{\"@type\":\"ImageObject\",\"inLanguage\":\"en-US\",\"@id\":\"https:\/\/filhosdaterra.org\/#\/schema\/logo\/image\/\",\"url\":\"https:\/\/filhosdaterra.org\/wp-content\/uploads\/2022\/08\/logo-filhos-da-terra.png\",\"contentUrl\":\"https:\/\/filhosdaterra.org\/wp-content\/uploads\/2022\/08\/logo-filhos-da-terra.png\",\"width\":600,\"height\":517,\"caption\":\"Filhos da Terra - Diversidade e Cultura\"},\"image\":{\"@id\":\"https:\/\/filhosdaterra.org\/#\/schema\/logo\/image\/\"}},{\"@type\":\"Person\",\"@id\":\"https:\/\/filhosdaterra.org\/#\/schema\/person\/8d05d45ba91354cc38ecfc05c089c6d0\",\"name\":\"editor@\",\"image\":{\"@type\":\"ImageObject\",\"inLanguage\":\"en-US\",\"@id\":\"https:\/\/filhosdaterra.org\/#\/schema\/person\/image\/\",\"url\":\"https:\/\/secure.gravatar.com\/avatar\/f0ab3a18c92e84114ff42cb50aede4cc?s=96&d=mm&r=g\",\"contentUrl\":\"https:\/\/secure.gravatar.com\/avatar\/f0ab3a18c92e84114ff42cb50aede4cc?s=96&d=mm&r=g\",\"caption\":\"editor@\"},\"url\":\"https:\/\/filhosdaterra.org\/en\/author\/editor\/\"}]}<\/script>\n<!-- \/ Yoast SEO plugin. -->","yoast_head_json":{"title":"A cidade dos carreiros - Filhos da Terra - Diversidade e Cultura","robots":{"index":"index","follow":"follow","max-snippet":"max-snippet:-1","max-image-preview":"max-image-preview:large","max-video-preview":"max-video-preview:-1"},"canonical":"https:\/\/filhosdaterra.org\/en\/a-cidade-dos-carreiros\/","og_locale":"en_US","og_type":"article","og_title":"A cidade dos carreiros - Filhos da Terra - Diversidade e Cultura","og_description":"14 nov. de 2021\u00a0 Atualizado: 25 de nov. de 2021 Tradicional por realizar as famosas romarias de Damol\u00e2ndia, quando os carreiros se re\u00fanem para em romaria seguirem com seus Carros de Boi rumo a cidade de Trindade, antigo Barro Preto. Os antigos registros mostram que a romaria teve seu in\u00edcio no ano de 1920, quando [&hellip;]","og_url":"https:\/\/filhosdaterra.org\/en\/a-cidade-dos-carreiros\/","og_site_name":"Filhos da Terra - Diversidade e Cultura","article_published_time":"2022-09-21T19:44:36+00:00","article_modified_time":"2023-11-17T14:08:45+00:00","og_image":[{"width":1200,"height":675,"url":"https:\/\/filhosdaterra.org\/wp-content\/uploads\/2024\/03\/placeholder.png","type":"image\/png"}],"author":"editor@","twitter_card":"summary_large_image","twitter_misc":{"Written by":"editor@","Est. reading time":"2 minutes"},"schema":{"@context":"https:\/\/schema.org","@graph":[{"@type":"Article","@id":"https:\/\/filhosdaterra.org\/a-cidade-dos-carreiros\/#article","isPartOf":{"@id":"https:\/\/filhosdaterra.org\/a-cidade-dos-carreiros\/"},"author":{"name":"editor@","@id":"https:\/\/filhosdaterra.org\/#\/schema\/person\/8d05d45ba91354cc38ecfc05c089c6d0"},"headline":"A cidade dos carreiros","datePublished":"2022-09-21T19:44:36+00:00","dateModified":"2023-11-17T14:08:45+00:00","mainEntityOfPage":{"@id":"https:\/\/filhosdaterra.org\/a-cidade-dos-carreiros\/"},"wordCount":395,"commentCount":0,"publisher":{"@id":"https:\/\/filhosdaterra.org\/#organization"},"articleSection":["Blog"],"inLanguage":"en-US","potentialAction":[{"@type":"CommentAction","name":"Comment","target":["https:\/\/filhosdaterra.org\/a-cidade-dos-carreiros\/#respond"]}]},{"@type":"WebPage","@id":"https:\/\/filhosdaterra.org\/a-cidade-dos-carreiros\/","url":"https:\/\/filhosdaterra.org\/a-cidade-dos-carreiros\/","name":"A cidade dos carreiros - Filhos da Terra - Diversidade e Cultura","isPartOf":{"@id":"https:\/\/filhosdaterra.org\/#website"},"datePublished":"2022-09-21T19:44:36+00:00","dateModified":"2023-11-17T14:08:45+00:00","breadcrumb":{"@id":"https:\/\/filhosdaterra.org\/a-cidade-dos-carreiros\/#breadcrumb"},"inLanguage":"en-US","potentialAction":[{"@type":"ReadAction","target":["https:\/\/filhosdaterra.org\/a-cidade-dos-carreiros\/"]}]},{"@type":"BreadcrumbList","@id":"https:\/\/filhosdaterra.org\/a-cidade-dos-carreiros\/#breadcrumb","itemListElement":[{"@type":"ListItem","position":1,"name":"In\u00edcio","item":"https:\/\/filhosdaterra.org\/"},{"@type":"ListItem","position":2,"name":"A cidade dos carreiros"}]},{"@type":"WebSite","@id":"https:\/\/filhosdaterra.org\/#website","url":"https:\/\/filhosdaterra.org\/","name":"Filhos da Terra - Diversidade e Cultura","description":"O projeto busca documentar e mostrar ao Brasil quem \u00e9 o povo brasileiro, como s\u00e3o suas festas e celebra\u00e7\u00f5es.","publisher":{"@id":"https:\/\/filhosdaterra.org\/#organization"},"potentialAction":[{"@type":"SearchAction","target":{"@type":"EntryPoint","urlTemplate":"https:\/\/filhosdaterra.org\/?s={search_term_string}"},"query-input":"required name=search_term_string"}],"inLanguage":"en-US"},{"@type":"Organization","@id":"https:\/\/filhosdaterra.org\/#organization","name":"Filhos da Terra - Diversidade e Cultura","url":"https:\/\/filhosdaterra.org\/","logo":{"@type":"ImageObject","inLanguage":"en-US","@id":"https:\/\/filhosdaterra.org\/#\/schema\/logo\/image\/","url":"https:\/\/filhosdaterra.org\/wp-content\/uploads\/2022\/08\/logo-filhos-da-terra.png","contentUrl":"https:\/\/filhosdaterra.org\/wp-content\/uploads\/2022\/08\/logo-filhos-da-terra.png","width":600,"height":517,"caption":"Filhos da Terra - Diversidade e Cultura"},"image":{"@id":"https:\/\/filhosdaterra.org\/#\/schema\/logo\/image\/"}},{"@type":"Person","@id":"https:\/\/filhosdaterra.org\/#\/schema\/person\/8d05d45ba91354cc38ecfc05c089c6d0","name":"editor@","image":{"@type":"ImageObject","inLanguage":"en-US","@id":"https:\/\/filhosdaterra.org\/#\/schema\/person\/image\/","url":"https:\/\/secure.gravatar.com\/avatar\/f0ab3a18c92e84114ff42cb50aede4cc?s=96&d=mm&r=g","contentUrl":"https:\/\/secure.gravatar.com\/avatar\/f0ab3a18c92e84114ff42cb50aede4cc?s=96&d=mm&r=g","caption":"editor@"},"url":"https:\/\/filhosdaterra.org\/en\/author\/editor\/"}]}},"_links":{"self":[{"href":"https:\/\/filhosdaterra.org\/en\/wp-json\/wp\/v2\/posts\/493"}],"collection":[{"href":"https:\/\/filhosdaterra.org\/en\/wp-json\/wp\/v2\/posts"}],"about":[{"href":"https:\/\/filhosdaterra.org\/en\/wp-json\/wp\/v2\/types\/post"}],"author":[{"embeddable":true,"href":"https:\/\/filhosdaterra.org\/en\/wp-json\/wp\/v2\/users\/2"}],"replies":[{"embeddable":true,"href":"https:\/\/filhosdaterra.org\/en\/wp-json\/wp\/v2\/comments?post=493"}],"version-history":[{"count":2,"href":"https:\/\/filhosdaterra.org\/en\/wp-json\/wp\/v2\/posts\/493\/revisions"}],"predecessor-version":[{"id":3228,"href":"https:\/\/filhosdaterra.org\/en\/wp-json\/wp\/v2\/posts\/493\/revisions\/3228"}],"wp:attachment":[{"href":"https:\/\/filhosdaterra.org\/en\/wp-json\/wp\/v2\/media?parent=493"}],"wp:term":[{"taxonomy":"category","embeddable":true,"href":"https:\/\/filhosdaterra.org\/en\/wp-json\/wp\/v2\/categories?post=493"},{"taxonomy":"post_tag","embeddable":true,"href":"https:\/\/filhosdaterra.org\/en\/wp-json\/wp\/v2\/tags?post=493"}],"curies":[{"name":"wp","href":"https:\/\/api.w.org\/{rel}","templated":true}]}}