{"id":491,"date":"2022-09-21T16:44:36","date_gmt":"2022-09-21T19:44:36","guid":{"rendered":"https:\/\/filhosdaterra.org\/?p=491"},"modified":"2023-11-17T11:08:58","modified_gmt":"2023-11-17T14:08:58","slug":"projeto-filhos-da-terra-e-objeto-de-estudo-em-pesquisa-de-pos-graduacao-na-unb","status":"publish","type":"post","link":"https:\/\/filhosdaterra.org\/en\/projeto-filhos-da-terra-e-objeto-de-estudo-em-pesquisa-de-pos-graduacao-na-unb\/","title":{"rendered":"Projeto Filhos da Terra \u00e9 objeto de estudo em pesquisa de p\u00f3s-gradua\u00e7\u00e3o na Unb"},"content":{"rendered":"<p class=\"has-small-font-size\">6 de dez. de 2019<\/p>\r\n\r\n\r\n\r\n<p class=\"has-small-font-size\">Os temas culturais t\u00eam ocupado um espa\u00e7o significativo em pesquisas nas \u00e1reas sociais e humanas nas principais universidades brasileiras, em face \u00e0 import\u00e2ncia desse segmento, n\u00e3o s\u00f3 na constru\u00e7\u00e3o de pol\u00edticas p\u00fablicas, mas no desenvolvimento social e econ\u00f4mico do pa\u00eds.<\/p>\r\n\r\n\r\n\r\n<p class=\"has-small-font-size\">Congadeiro durante as celebra\u00e7\u00f5es da Congada na cidade de Catal\u00e3o\/GO. Foto: Eraldo Peres\/filhosdaterra.org<\/p>\r\n\r\n\r\n\r\n<p class=\"has-small-font-size\">E \u00e9 nessa emerg\u00eancia cultural que a produtora executiva e pesquisadora do projeto Filhos da Terra, Carol Peres, se junta a uma crescente linhagem de pesquisadores e documentaristas que buscam compreender a forma\u00e7\u00e3o do Brasil no dom\u00ednio da cultura, apresentando uma reflex\u00e3o sobre o uso da cartografia como metodologia de pesquisa do patrim\u00f4nio cultural imaterial.<\/p>\r\n\r\n\r\n\r\n<p class=\"has-small-font-size\">Sob o t\u00edtulo &#8220;Rota dos saberes: o uso da cartografia para pesquisa e documenta\u00e7\u00e3o do patrim\u00f4nio imaterial e a experi\u00eancia do projeto Filhos da Terra&#8221;, a pesquisa de Carol Peres lan\u00e7a um olhar para o patrim\u00f4nio vivo brasileiro e como a cartografia pode ser utilizada como ferramenta de apoio para a produ\u00e7\u00e3o de documentos hist\u00f3ricos e para a comunica\u00e7\u00e3o e salvaguarda das culturas populares e do patrim\u00f4nio cultural dos povos.<\/p>\r\n\r\n\r\n\r\n<p class=\"has-small-font-size\">&#8220;Quando falamos em cultura, \u00e9 preciso resgatar a g\u00eanese e o deslocamento sociocultural das manifesta\u00e7\u00f5es populares. \u00c9 preciso entender, por exemplo, porque o Sertanejo, que est\u00e1 presente no sul, no centro-oeste e no nordeste brasileiro, tem semelhan\u00e7as e diferen\u00e7as. Quais s\u00e3o as transforma\u00e7\u00f5es sociais e a influ\u00eancia disso na constru\u00e7\u00e3o da identidade e diversidade cultural do nosso pa\u00eds&#8221;, explica Carol.<\/p>\r\n\r\n\r\n\r\n<p class=\"has-small-font-size\"><em>Fotos: Eraldo Peres\/filhosdaterra.org &#8211; (E): Vaqueiro trajado com gib\u00e3o de couro durante a tradicional Pega de Boi de porteira na cidade de Serrita, Pernambuco. \/ (C): <\/em>Pe\u00e3o pantaneiro durante travessia do gado no Rio Taquari em Mato Grosso do Sul. \/ <em>(D): <\/em>Pe\u00e3o ga\u00facho durante festividades da Semana Farroupilha na cidade de Alegrete no Rio Grande do Sul.<\/p>\r\n\r\n\r\n\r\n<p class=\"has-small-font-size\">Na pesquisa, o projeto Filhos da Terra ganha um cap\u00edtulo exclusivo, onde \u00e9 apresentado seu hist\u00f3rico de desenvolvimento, a cartografia constru\u00edda no per\u00edodo 2016 a 2018 e suas rotas culturais, e o papel da fotografia enquanto documento hist\u00f3rico e de comunica\u00e7\u00e3o das culturas.<\/p>\r\n\r\n\r\n\r\n<p class=\"has-small-font-size\">O Filhos da Terra \u00e9 um projeto cultural de pesquisa e documenta\u00e7\u00e3o da cultura popular, que parte da arte fotogr\u00e1fica como linguagem principal de comunica\u00e7\u00e3o para imprimir refer\u00eancias de povos e suas tradi\u00e7\u00f5es numa esfera p\u00fablica global. Baseia-se no mapeamento e na dissemina\u00e7\u00e3o do patrim\u00f4nio imaterial para reconhecer e valorizar os bens culturais brasileiros e os transnacionais compartilhados entre Brasil, Portugal e Angola. Suas a\u00e7\u00f5es resultam em um acervo editorial disponibilizado em ambiente digital para institui\u00e7\u00f5es de educa\u00e7\u00e3o, investiga\u00e7\u00e3o e p\u00fablico especializado, que pode ser acessado no site<a href=\"https:\/\/filhosdaterra.org\/en\/\"> www.filhosdaterra.org.<\/a><\/p>\r\n\r\n\r\n\r\n<p class=\"has-small-font-size\">A pesquisa Rota dos Saberes foi realizada no \u00e2mbito do curso de Especializa\u00e7\u00e3o em Educa\u00e7\u00e3o e Patrim\u00f4nio Cultural e Art\u00edstico do Programa de P\u00f3s-Gradua\u00e7\u00e3o em Arte da Universidade de Bras\u00edlia (UnB). A disserta\u00e7\u00e3o foi lan\u00e7ada em fevereiro de 2019 e o texto completo pode ser acessado na Biblioteca Digital da Produ\u00e7\u00e3o Intelectual Discente da Unb, no link:<a href=\"http:\/\/bdm.unb.br\/handle\/10483\/22335\"> http:\/\/bdm.unb.br\/handle\/10483\/22335<\/a><\/p>","protected":false},"excerpt":{"rendered":"<p>6 de dez. de 2019 Os temas culturais t\u00eam ocupado um espa\u00e7o significativo em pesquisas nas \u00e1reas sociais e humanas nas principais universidades brasileiras, em face \u00e0 import\u00e2ncia desse segmento, n\u00e3o s\u00f3 na constru\u00e7\u00e3o de pol\u00edticas p\u00fablicas, mas no desenvolvimento social e econ\u00f4mico do pa\u00eds. Congadeiro durante as celebra\u00e7\u00f5es da Congada na cidade de Catal\u00e3o\/GO. [&hellip;]<\/p>","protected":false},"author":2,"featured_media":0,"comment_status":"open","ping_status":"open","sticky":false,"template":"","format":"standard","meta":{"content-type":"","inline_featured_image":false,"footnotes":""},"categories":[5],"tags":[],"acf":[],"yoast_head":"<!-- This site is optimized with the Yoast SEO plugin v22.2 - https:\/\/yoast.com\/wordpress\/plugins\/seo\/ -->\n<title>Projeto Filhos da Terra \u00e9 objeto de estudo em pesquisa de p\u00f3s-gradua\u00e7\u00e3o na Unb - Filhos da Terra - Diversidade e Cultura<\/title>\n<meta name=\"robots\" content=\"index, follow, max-snippet:-1, max-image-preview:large, max-video-preview:-1\" \/>\n<link rel=\"canonical\" href=\"https:\/\/filhosdaterra.org\/en\/projeto-filhos-da-terra-e-objeto-de-estudo-em-pesquisa-de-pos-graduacao-na-unb\/\" \/>\n<meta property=\"og:locale\" content=\"en_US\" \/>\n<meta property=\"og:type\" content=\"article\" \/>\n<meta property=\"og:title\" content=\"Projeto Filhos da Terra \u00e9 objeto de estudo em pesquisa de p\u00f3s-gradua\u00e7\u00e3o na Unb - Filhos da Terra - Diversidade e Cultura\" \/>\n<meta property=\"og:description\" content=\"6 de dez. de 2019 Os temas culturais t\u00eam ocupado um espa\u00e7o significativo em pesquisas nas \u00e1reas sociais e humanas nas principais universidades brasileiras, em face \u00e0 import\u00e2ncia desse segmento, n\u00e3o s\u00f3 na constru\u00e7\u00e3o de pol\u00edticas p\u00fablicas, mas no desenvolvimento social e econ\u00f4mico do pa\u00eds. Congadeiro durante as celebra\u00e7\u00f5es da Congada na cidade de Catal\u00e3o\/GO. [&hellip;]\" \/>\n<meta property=\"og:url\" content=\"https:\/\/filhosdaterra.org\/en\/projeto-filhos-da-terra-e-objeto-de-estudo-em-pesquisa-de-pos-graduacao-na-unb\/\" \/>\n<meta property=\"og:site_name\" content=\"Filhos da Terra - Diversidade e Cultura\" \/>\n<meta property=\"article:published_time\" content=\"2022-09-21T19:44:36+00:00\" \/>\n<meta property=\"article:modified_time\" content=\"2023-11-17T14:08:58+00:00\" \/>\n<meta property=\"og:image\" content=\"https:\/\/filhosdaterra.org\/wp-content\/uploads\/2024\/03\/placeholder.png\" \/>\n\t<meta property=\"og:image:width\" content=\"1200\" \/>\n\t<meta property=\"og:image:height\" content=\"675\" \/>\n\t<meta property=\"og:image:type\" content=\"image\/png\" \/>\n<meta name=\"author\" content=\"editor@\" \/>\n<meta name=\"twitter:card\" content=\"summary_large_image\" \/>\n<meta name=\"twitter:label1\" content=\"Written by\" \/>\n\t<meta name=\"twitter:data1\" content=\"editor@\" \/>\n\t<meta name=\"twitter:label2\" content=\"Est. reading time\" \/>\n\t<meta name=\"twitter:data2\" content=\"3 minutes\" \/>\n<script type=\"application\/ld+json\" class=\"yoast-schema-graph\">{\"@context\":\"https:\/\/schema.org\",\"@graph\":[{\"@type\":\"Article\",\"@id\":\"https:\/\/filhosdaterra.org\/projeto-filhos-da-terra-e-objeto-de-estudo-em-pesquisa-de-pos-graduacao-na-unb\/#article\",\"isPartOf\":{\"@id\":\"https:\/\/filhosdaterra.org\/projeto-filhos-da-terra-e-objeto-de-estudo-em-pesquisa-de-pos-graduacao-na-unb\/\"},\"author\":{\"name\":\"editor@\",\"@id\":\"https:\/\/filhosdaterra.org\/#\/schema\/person\/8d05d45ba91354cc38ecfc05c089c6d0\"},\"headline\":\"Projeto Filhos da Terra \u00e9 objeto de estudo em pesquisa de p\u00f3s-gradua\u00e7\u00e3o na Unb\",\"datePublished\":\"2022-09-21T19:44:36+00:00\",\"dateModified\":\"2023-11-17T14:08:58+00:00\",\"mainEntityOfPage\":{\"@id\":\"https:\/\/filhosdaterra.org\/projeto-filhos-da-terra-e-objeto-de-estudo-em-pesquisa-de-pos-graduacao-na-unb\/\"},\"wordCount\":572,\"commentCount\":0,\"publisher\":{\"@id\":\"https:\/\/filhosdaterra.org\/#organization\"},\"articleSection\":[\"Blog\"],\"inLanguage\":\"en-US\",\"potentialAction\":[{\"@type\":\"CommentAction\",\"name\":\"Comment\",\"target\":[\"https:\/\/filhosdaterra.org\/projeto-filhos-da-terra-e-objeto-de-estudo-em-pesquisa-de-pos-graduacao-na-unb\/#respond\"]}]},{\"@type\":\"WebPage\",\"@id\":\"https:\/\/filhosdaterra.org\/projeto-filhos-da-terra-e-objeto-de-estudo-em-pesquisa-de-pos-graduacao-na-unb\/\",\"url\":\"https:\/\/filhosdaterra.org\/projeto-filhos-da-terra-e-objeto-de-estudo-em-pesquisa-de-pos-graduacao-na-unb\/\",\"name\":\"Projeto Filhos da Terra \u00e9 objeto de estudo em pesquisa de p\u00f3s-gradua\u00e7\u00e3o na Unb - Filhos da Terra - Diversidade e Cultura\",\"isPartOf\":{\"@id\":\"https:\/\/filhosdaterra.org\/#website\"},\"datePublished\":\"2022-09-21T19:44:36+00:00\",\"dateModified\":\"2023-11-17T14:08:58+00:00\",\"breadcrumb\":{\"@id\":\"https:\/\/filhosdaterra.org\/projeto-filhos-da-terra-e-objeto-de-estudo-em-pesquisa-de-pos-graduacao-na-unb\/#breadcrumb\"},\"inLanguage\":\"en-US\",\"potentialAction\":[{\"@type\":\"ReadAction\",\"target\":[\"https:\/\/filhosdaterra.org\/projeto-filhos-da-terra-e-objeto-de-estudo-em-pesquisa-de-pos-graduacao-na-unb\/\"]}]},{\"@type\":\"BreadcrumbList\",\"@id\":\"https:\/\/filhosdaterra.org\/projeto-filhos-da-terra-e-objeto-de-estudo-em-pesquisa-de-pos-graduacao-na-unb\/#breadcrumb\",\"itemListElement\":[{\"@type\":\"ListItem\",\"position\":1,\"name\":\"In\u00edcio\",\"item\":\"https:\/\/filhosdaterra.org\/\"},{\"@type\":\"ListItem\",\"position\":2,\"name\":\"Projeto Filhos da Terra \u00e9 objeto de estudo em pesquisa de p\u00f3s-gradua\u00e7\u00e3o na Unb\"}]},{\"@type\":\"WebSite\",\"@id\":\"https:\/\/filhosdaterra.org\/#website\",\"url\":\"https:\/\/filhosdaterra.org\/\",\"name\":\"Filhos da Terra - Diversidade e Cultura\",\"description\":\"O projeto busca documentar e mostrar ao Brasil quem \u00e9 o povo brasileiro, como s\u00e3o suas festas e celebra\u00e7\u00f5es.\",\"publisher\":{\"@id\":\"https:\/\/filhosdaterra.org\/#organization\"},\"potentialAction\":[{\"@type\":\"SearchAction\",\"target\":{\"@type\":\"EntryPoint\",\"urlTemplate\":\"https:\/\/filhosdaterra.org\/?s={search_term_string}\"},\"query-input\":\"required name=search_term_string\"}],\"inLanguage\":\"en-US\"},{\"@type\":\"Organization\",\"@id\":\"https:\/\/filhosdaterra.org\/#organization\",\"name\":\"Filhos da Terra - Diversidade e Cultura\",\"url\":\"https:\/\/filhosdaterra.org\/\",\"logo\":{\"@type\":\"ImageObject\",\"inLanguage\":\"en-US\",\"@id\":\"https:\/\/filhosdaterra.org\/#\/schema\/logo\/image\/\",\"url\":\"https:\/\/filhosdaterra.org\/wp-content\/uploads\/2022\/08\/logo-filhos-da-terra.png\",\"contentUrl\":\"https:\/\/filhosdaterra.org\/wp-content\/uploads\/2022\/08\/logo-filhos-da-terra.png\",\"width\":600,\"height\":517,\"caption\":\"Filhos da Terra - Diversidade e Cultura\"},\"image\":{\"@id\":\"https:\/\/filhosdaterra.org\/#\/schema\/logo\/image\/\"}},{\"@type\":\"Person\",\"@id\":\"https:\/\/filhosdaterra.org\/#\/schema\/person\/8d05d45ba91354cc38ecfc05c089c6d0\",\"name\":\"editor@\",\"image\":{\"@type\":\"ImageObject\",\"inLanguage\":\"en-US\",\"@id\":\"https:\/\/filhosdaterra.org\/#\/schema\/person\/image\/\",\"url\":\"https:\/\/secure.gravatar.com\/avatar\/f0ab3a18c92e84114ff42cb50aede4cc?s=96&d=mm&r=g\",\"contentUrl\":\"https:\/\/secure.gravatar.com\/avatar\/f0ab3a18c92e84114ff42cb50aede4cc?s=96&d=mm&r=g\",\"caption\":\"editor@\"},\"url\":\"https:\/\/filhosdaterra.org\/en\/author\/editor\/\"}]}<\/script>\n<!-- \/ Yoast SEO plugin. -->","yoast_head_json":{"title":"Projeto Filhos da Terra \u00e9 objeto de estudo em pesquisa de p\u00f3s-gradua\u00e7\u00e3o na Unb - Filhos da Terra - Diversidade e Cultura","robots":{"index":"index","follow":"follow","max-snippet":"max-snippet:-1","max-image-preview":"max-image-preview:large","max-video-preview":"max-video-preview:-1"},"canonical":"https:\/\/filhosdaterra.org\/en\/projeto-filhos-da-terra-e-objeto-de-estudo-em-pesquisa-de-pos-graduacao-na-unb\/","og_locale":"en_US","og_type":"article","og_title":"Projeto Filhos da Terra \u00e9 objeto de estudo em pesquisa de p\u00f3s-gradua\u00e7\u00e3o na Unb - Filhos da Terra - Diversidade e Cultura","og_description":"6 de dez. de 2019 Os temas culturais t\u00eam ocupado um espa\u00e7o significativo em pesquisas nas \u00e1reas sociais e humanas nas principais universidades brasileiras, em face \u00e0 import\u00e2ncia desse segmento, n\u00e3o s\u00f3 na constru\u00e7\u00e3o de pol\u00edticas p\u00fablicas, mas no desenvolvimento social e econ\u00f4mico do pa\u00eds. Congadeiro durante as celebra\u00e7\u00f5es da Congada na cidade de Catal\u00e3o\/GO. [&hellip;]","og_url":"https:\/\/filhosdaterra.org\/en\/projeto-filhos-da-terra-e-objeto-de-estudo-em-pesquisa-de-pos-graduacao-na-unb\/","og_site_name":"Filhos da Terra - Diversidade e Cultura","article_published_time":"2022-09-21T19:44:36+00:00","article_modified_time":"2023-11-17T14:08:58+00:00","og_image":[{"width":1200,"height":675,"url":"https:\/\/filhosdaterra.org\/wp-content\/uploads\/2024\/03\/placeholder.png","type":"image\/png"}],"author":"editor@","twitter_card":"summary_large_image","twitter_misc":{"Written by":"editor@","Est. reading time":"3 minutes"},"schema":{"@context":"https:\/\/schema.org","@graph":[{"@type":"Article","@id":"https:\/\/filhosdaterra.org\/projeto-filhos-da-terra-e-objeto-de-estudo-em-pesquisa-de-pos-graduacao-na-unb\/#article","isPartOf":{"@id":"https:\/\/filhosdaterra.org\/projeto-filhos-da-terra-e-objeto-de-estudo-em-pesquisa-de-pos-graduacao-na-unb\/"},"author":{"name":"editor@","@id":"https:\/\/filhosdaterra.org\/#\/schema\/person\/8d05d45ba91354cc38ecfc05c089c6d0"},"headline":"Projeto Filhos da Terra \u00e9 objeto de estudo em pesquisa de p\u00f3s-gradua\u00e7\u00e3o na Unb","datePublished":"2022-09-21T19:44:36+00:00","dateModified":"2023-11-17T14:08:58+00:00","mainEntityOfPage":{"@id":"https:\/\/filhosdaterra.org\/projeto-filhos-da-terra-e-objeto-de-estudo-em-pesquisa-de-pos-graduacao-na-unb\/"},"wordCount":572,"commentCount":0,"publisher":{"@id":"https:\/\/filhosdaterra.org\/#organization"},"articleSection":["Blog"],"inLanguage":"en-US","potentialAction":[{"@type":"CommentAction","name":"Comment","target":["https:\/\/filhosdaterra.org\/projeto-filhos-da-terra-e-objeto-de-estudo-em-pesquisa-de-pos-graduacao-na-unb\/#respond"]}]},{"@type":"WebPage","@id":"https:\/\/filhosdaterra.org\/projeto-filhos-da-terra-e-objeto-de-estudo-em-pesquisa-de-pos-graduacao-na-unb\/","url":"https:\/\/filhosdaterra.org\/projeto-filhos-da-terra-e-objeto-de-estudo-em-pesquisa-de-pos-graduacao-na-unb\/","name":"Projeto Filhos da Terra \u00e9 objeto de estudo em pesquisa de p\u00f3s-gradua\u00e7\u00e3o na Unb - Filhos da Terra - Diversidade e Cultura","isPartOf":{"@id":"https:\/\/filhosdaterra.org\/#website"},"datePublished":"2022-09-21T19:44:36+00:00","dateModified":"2023-11-17T14:08:58+00:00","breadcrumb":{"@id":"https:\/\/filhosdaterra.org\/projeto-filhos-da-terra-e-objeto-de-estudo-em-pesquisa-de-pos-graduacao-na-unb\/#breadcrumb"},"inLanguage":"en-US","potentialAction":[{"@type":"ReadAction","target":["https:\/\/filhosdaterra.org\/projeto-filhos-da-terra-e-objeto-de-estudo-em-pesquisa-de-pos-graduacao-na-unb\/"]}]},{"@type":"BreadcrumbList","@id":"https:\/\/filhosdaterra.org\/projeto-filhos-da-terra-e-objeto-de-estudo-em-pesquisa-de-pos-graduacao-na-unb\/#breadcrumb","itemListElement":[{"@type":"ListItem","position":1,"name":"In\u00edcio","item":"https:\/\/filhosdaterra.org\/"},{"@type":"ListItem","position":2,"name":"Projeto Filhos da Terra \u00e9 objeto de estudo em pesquisa de p\u00f3s-gradua\u00e7\u00e3o na Unb"}]},{"@type":"WebSite","@id":"https:\/\/filhosdaterra.org\/#website","url":"https:\/\/filhosdaterra.org\/","name":"Filhos da Terra - Diversidade e Cultura","description":"O projeto busca documentar e mostrar ao Brasil quem \u00e9 o povo brasileiro, como s\u00e3o suas festas e celebra\u00e7\u00f5es.","publisher":{"@id":"https:\/\/filhosdaterra.org\/#organization"},"potentialAction":[{"@type":"SearchAction","target":{"@type":"EntryPoint","urlTemplate":"https:\/\/filhosdaterra.org\/?s={search_term_string}"},"query-input":"required name=search_term_string"}],"inLanguage":"en-US"},{"@type":"Organization","@id":"https:\/\/filhosdaterra.org\/#organization","name":"Filhos da Terra - Diversidade e Cultura","url":"https:\/\/filhosdaterra.org\/","logo":{"@type":"ImageObject","inLanguage":"en-US","@id":"https:\/\/filhosdaterra.org\/#\/schema\/logo\/image\/","url":"https:\/\/filhosdaterra.org\/wp-content\/uploads\/2022\/08\/logo-filhos-da-terra.png","contentUrl":"https:\/\/filhosdaterra.org\/wp-content\/uploads\/2022\/08\/logo-filhos-da-terra.png","width":600,"height":517,"caption":"Filhos da Terra - Diversidade e Cultura"},"image":{"@id":"https:\/\/filhosdaterra.org\/#\/schema\/logo\/image\/"}},{"@type":"Person","@id":"https:\/\/filhosdaterra.org\/#\/schema\/person\/8d05d45ba91354cc38ecfc05c089c6d0","name":"editor@","image":{"@type":"ImageObject","inLanguage":"en-US","@id":"https:\/\/filhosdaterra.org\/#\/schema\/person\/image\/","url":"https:\/\/secure.gravatar.com\/avatar\/f0ab3a18c92e84114ff42cb50aede4cc?s=96&d=mm&r=g","contentUrl":"https:\/\/secure.gravatar.com\/avatar\/f0ab3a18c92e84114ff42cb50aede4cc?s=96&d=mm&r=g","caption":"editor@"},"url":"https:\/\/filhosdaterra.org\/en\/author\/editor\/"}]}},"_links":{"self":[{"href":"https:\/\/filhosdaterra.org\/en\/wp-json\/wp\/v2\/posts\/491"}],"collection":[{"href":"https:\/\/filhosdaterra.org\/en\/wp-json\/wp\/v2\/posts"}],"about":[{"href":"https:\/\/filhosdaterra.org\/en\/wp-json\/wp\/v2\/types\/post"}],"author":[{"embeddable":true,"href":"https:\/\/filhosdaterra.org\/en\/wp-json\/wp\/v2\/users\/2"}],"replies":[{"embeddable":true,"href":"https:\/\/filhosdaterra.org\/en\/wp-json\/wp\/v2\/comments?post=491"}],"version-history":[{"count":1,"href":"https:\/\/filhosdaterra.org\/en\/wp-json\/wp\/v2\/posts\/491\/revisions"}],"predecessor-version":[{"id":492,"href":"https:\/\/filhosdaterra.org\/en\/wp-json\/wp\/v2\/posts\/491\/revisions\/492"}],"wp:attachment":[{"href":"https:\/\/filhosdaterra.org\/en\/wp-json\/wp\/v2\/media?parent=491"}],"wp:term":[{"taxonomy":"category","embeddable":true,"href":"https:\/\/filhosdaterra.org\/en\/wp-json\/wp\/v2\/categories?post=491"},{"taxonomy":"post_tag","embeddable":true,"href":"https:\/\/filhosdaterra.org\/en\/wp-json\/wp\/v2\/tags?post=491"}],"curies":[{"name":"wp","href":"https:\/\/api.w.org\/{rel}","templated":true}]}}