{"id":489,"date":"2022-09-21T16:44:36","date_gmt":"2022-09-21T19:44:36","guid":{"rendered":"https:\/\/filhosdaterra.org\/?p=489"},"modified":"2023-11-17T11:08:52","modified_gmt":"2023-11-17T14:08:52","slug":"projeto-filhos-da-terra-e-selecionado-para-campanha-de-financiamento-coletivo","status":"publish","type":"post","link":"https:\/\/filhosdaterra.org\/en\/projeto-filhos-da-terra-e-selecionado-para-campanha-de-financiamento-coletivo\/","title":{"rendered":"Projeto Filhos da Terra \u00e9 selecionado para campanha de financiamento coletivo"},"content":{"rendered":"<p class=\"has-small-font-size\">17 de mai. 2021<\/p>\r\n\r\n\r\n\r\n<p class=\"has-small-font-size\"><em>Colabore para constru\u00e7\u00e3o de um ambiente educativo game para jovens, com informa\u00e7\u00f5es e emo\u00e7\u00f5es sobre os mestres e as festas da cultura popular brasileira!<\/em><\/p>\r\n\r\n\r\n\r\n<p class=\"has-small-font-size\">O<a href=\"https:\/\/filhosdaterra.org\/en\/\"> projeto Filhos da Terra<\/a> \u00e9 um sonho que pretende semear e valorizar as festas e os mestres da nossa cultura popular! E para isso, <strong>queremos construir um ambiente gamificado e educativo para os jovens, com informa\u00e7\u00f5es e emo\u00e7\u00f5es sobre as celebra\u00e7\u00f5es da cultura popular brasileira.<\/strong> E agora, voc\u00ea tamb\u00e9m pode fazer parte desse sonho e tentar viabiliz\u00e1-lo atrav\u00e9s do edital Matchfunding BNDES+. Um<a href=\"http:\/\/www.benfeitoria.com\/filhosdaterra\"> financiamento coletivo<\/a> que testa produtos e servi\u00e7os e ajuda a viabilizar ideias. Para cada real doado pelos nossos colaboradores, a organiza\u00e7\u00e3o parceira, neste caso o BNDES, coloca mais dois reais, triplicando os recursos at\u00e9 atingir a primeira meta de R$25.000,00. Mas, a regra \u00e9 na base do tudo ou nada. Ou seja, se a meta n\u00e3o for atingida, o valor arrecadado \u00e9 devolvido aos colaboradores. Portanto, precisamos contar com a participa\u00e7\u00e3o de todos e passar essa ideia adiante, criando uma grande <strong>rede de apoio em prol da cultura brasileira<\/strong>.<\/p>\r\n\r\n\r\n\r\n<p class=\"has-small-font-size\">O \u201cFilhos da Terra\u201d teve in\u00edcio em 2015, como uma busca da compreens\u00e3o coletiva dos bens culturais imateriais das diferentes regi\u00f5es do Brasil: sudeste, sul, centro-oeste, norte e nordeste. Com seus bens, natureza, costumes, jeitos, vestimentas e festas, que formam a diversidade da cultura desse pa\u00eds continental. <strong>Finalista do pr\u00eamio Rodrigo Melo Franco do Iphan, idealizado pelo fot\u00f3grafo Eraldo Peres e realizado pelo Coletivo Lente Cultural<\/strong>, o projeto nasceu com o intuito de pesquisar e fazer uma documenta\u00e7\u00e3o audiovisual, atrav\u00e9s de fotos e v\u00eddeos documentais, gerando conhecimento e conscientizando sobre a import\u00e2ncia desse patrim\u00f4nio vivo o que, sem d\u00favida, enriquece o sentimento de identidade e brasilidade de manifesta\u00e7\u00f5es culturais que, muitas vezes, s\u00e3o colocadas \u00e0 margem do reconhecimento.<\/p>\r\n\r\n\r\n\r\n<p class=\"has-small-font-size\">\u201cN\u00f3s que somos \u201cFilhos da Terra\u201d queremos apresentar nossa cultura, preservar nossos conhecimentos, celebrar nossos mestres e valorizar nossas tradi\u00e7\u00f5es\u201d, afirma Eraldo.<\/p>\r\n\r\n\r\n\r\n<p class=\"has-small-font-size\">Uma proposta que busca contribuir para a educa\u00e7\u00e3o, construir pontes para um novo futuro, aproximar grupos e lan\u00e7ar um olhar atencioso e carinhoso sobre o nosso patrim\u00f4nio cultural. E esse \u00e9 o momento de somar colaborando com a nossa campanha de financiamento coletivo e juntos, avan\u00e7armos na divulga\u00e7\u00e3o e valoriza\u00e7\u00e3o do nosso patrim\u00f4nio cultural.<\/p>\r\n\r\n\r\n\r\n<p class=\"has-small-font-size\">Grupo de Congada Mam\u00e3e do Ros\u00e1rio &#8211; Catal\u00e3o\/Goi\u00e1s\/Brasil.<\/p>\r\n\r\n\r\n\r\n<p class=\"has-small-font-size\"><strong>The Project<\/strong><\/p>\r\n\r\n\r\n\r\n<p class=\"has-small-font-size\">Com roteiros livremente inspirados nos \u201cBrasis\u201d, do antrop\u00f3logo Darcy Ribeiro, Filhos da Terra apresenta o dia a dia dos brincantes e mestres de festas remanescentes tais como: Irmandades do Ros\u00e1rio, Congada, Catal\u00e3o\/GO; Cultura A\u00e7oriana, Enseada do Brito, Palho\u00e7a\/SC; Santo Daime, C\u00e9u do Mapi\u00e1\/AM; Marujada, Bragan\u00e7a\/PA; Maracatu Rural, Nazar\u00e9 da Mata\/PE; Comitiva Pantaneira, Corumb\u00e1\/MS; Vale do Amanhecer, Planaltina\/DF, construindo uma cartografia desse patrim\u00f4nio imaterial brasileiro.<\/p>\r\n\r\n\r\n\r\n<p class=\"has-small-font-size\">O Elex Miguel Ad\u00e3o \u00e9 um dos 12 diretores do Maracatu de Baque Solto \u201c\u00c1guia Misteriosa\u201d, da zona da mata pernambucana. Ele acredita que esse projeto \u00e9 de extrema import\u00e2ncia para mostrar o trabalho desses grupos desde a montagem, confec\u00e7\u00e3o de fantasias e adere\u00e7os at\u00e9 chegar o grande dia de se apresentar no domingo de carnaval. \u201cAs lentes do projeto \u201cFilhos da Terra\u201d mostra os bastidores e todo o processo para chegar ao dia da apresenta\u00e7\u00e3o, com maior visibilidade, al\u00e9m da fronteira do nosso estado, nos apresentando para o Brasil e para o mundo.<\/p>\r\n\r\n\r\n\r\n<p class=\"has-small-font-size\">Com isso, n\u00e3o \u00e9 s\u00f3 o \u00c1guia Misteriosa que est\u00e1 sendo representado, e sim os mais de 115 grupos de maracatu de raiz que, apesar de ser uma cultura centen\u00e1ria, muitas vezes n\u00e3o \u00e9 reconhecida fora da sua regi\u00e3o, afirma Elex.<\/p>\r\n\r\n\r\n\r\n<p class=\"has-small-font-size\">A opini\u00e3o do goiano Matheus Henrique, 2\u00ba capit\u00e3o do grupo de congado, \u201cMo\u00e7ambique Mam\u00e3e do Ros\u00e1rio\u201d, um dos mais antigos e tradicionais da cidade de Catal\u00e3o, Goi\u00e1s, coincide com o pensamento do Elex sobre esse projeto. E ele faz quest\u00e3o de afirmar que, o \u201cFilhos da Terra\u201d \u00e9 de grande valor para quem faz parte da cultura popular brasileira, seja ela religiosa ou folcl\u00f3rica. \u201cMe sinto honrado em participar desse projeto representando o meu povo e minhas tradi\u00e7\u00f5es\u201d, diz Matheus.<\/p>\r\n\r\n\r\n\r\n<p class=\"has-small-font-size\"><strong>Construindo Redes<\/strong> Essa nova fase do projeto visa contribuir para a educa\u00e7\u00e3o e apresentar aos jovens essa diversidade \u00e9tnica e cultural. Portanto, levar essas manifesta\u00e7\u00f5es para o ambiente digital online e gamificado, criando uma Plataforma Rede Cultura Game, com distribui\u00e7\u00e3o de conte\u00fados multim\u00eddias como: cadernos de cultura com fotos e document\u00e1rios em v\u00eddeo, entre outros conte\u00fados, promove a educa\u00e7\u00e3o patrimonial e possibilita uma maior interatividade dessa gera\u00e7\u00e3o mais nova com grupos, mestres e brincantes da nossa cultura popular. Esses conte\u00fados estar\u00e3o disponibilizados com uma licen\u00e7a creative commons, podendo ser visualizados e compartilhados para fins educacionais e de pesquisa.<\/p>\r\n\r\n\r\n\r\n<p class=\"has-small-font-size\"><strong>Como colaborar?<\/strong><\/p>\r\n\r\n\r\n\r\n<p class=\"has-small-font-size\">Para participar e ser um colaborador do projeto atrav\u00e9s do matchfunding, basta entrar na p\u00e1gina do projeto na plataforma,<a href=\"http:\/\/www.benfeitoria.com\/filhosdaterra\"> benfeitoria.com\/filhosdaterra<\/a>, e doar o valor que puder. Recompensas especiais ser\u00e3o dadas, como forma de agradecer os apoiadores de acordo com a doa\u00e7\u00e3o de cada um. E cada doa\u00e7\u00e3o tem sua recompensa, que vai desde im\u00e3s de geladeira e canecas personalizadas com fotografias exclusivas do projeto, adere\u00e7os usados por grupos folcl\u00f3ricos ou at\u00e9m mesmo lives interativas com os Mestres do Maracatu, Congada, entre outras manifesta\u00e7\u00f5es culturais.<\/p>\r\n\r\n\r\n\r\n<p class=\"has-small-font-size\">Qualquer valor ser\u00e1 bem-vindo. Al\u00e9m disso, voc\u00ea tamb\u00e9m pode contribuir sendo um embaixador e parceiro do projeto, compartilhando essa ideia nas<\/p>\r\n\r\n\r\n\r\n<p class=\"has-small-font-size\">suas redes socais e, dessa forma, nos ajudar a divulgar o \u201cFilhos da Terra\u201d. Seremos eternamente gratos em nome da cultura popular brasileira.<\/p>\r\n\r\n\r\n\r\n<p class=\"has-small-font-size\"><strong>Redes sociais do Projeto Filhos da Terra<\/strong><\/p>\r\n\r\n\r\n\r\n<p class=\"has-small-font-size\"><a href=\"http:\/\/facebook.com\/filhosdaterraprojeto\">Facebook.com\/filhosdaterraprojeto<\/a><\/p>\r\n\r\n\r\n\r\n<p class=\"has-small-font-size\"><a href=\"http:\/\/instagram.com\/filhosdaterracultura\">Instagram.com\/filhosdaterracultura<\/a><\/p>\r\n\r\n\r\n\r\n<p class=\"has-small-font-size\"><strong>Servi\u00e7o<\/strong><\/p>\r\n\r\n\r\n\r\n<p class=\"has-small-font-size\"><strong>Campanha de Financiamento Coletivo &#8211; Filhos da Terra<\/strong><\/p>\r\n\r\n\r\n\r\n<p class=\"has-small-font-size\">Matchfunding BNDES+ &#8211;<a href=\"http:\/\/www.benfeitoria.com\/filhosdaterra\"> www.benfeitoria.com\/filhosdaterra<\/a><\/p>\r\n\r\n\r\n\r\n<p class=\"has-small-font-size\">Data: de 17 de maio a 16 de junho<\/p>\r\n\r\n\r\n\r\n<p class=\"has-small-font-size\">Assessoria de Imprensa<\/p>\r\n\r\n\r\n\r\n<p class=\"has-small-font-size\">T\u00e1tika Comunica\u00e7\u00e3o e Produ\u00e7\u00e3o: K\u00e1tia Turra (61) 992247294<\/p>","protected":false},"excerpt":{"rendered":"<p>17 de mai. 2021 Colabore para constru\u00e7\u00e3o de um ambiente educativo game para jovens, com informa\u00e7\u00f5es e emo\u00e7\u00f5es sobre os mestres e as festas da cultura popular brasileira! O projeto Filhos da Terra \u00e9 um sonho que pretende semear e valorizar as festas e os mestres da nossa cultura popular! E para isso, queremos construir [&hellip;]<\/p>","protected":false},"author":2,"featured_media":0,"comment_status":"open","ping_status":"open","sticky":false,"template":"","format":"standard","meta":{"content-type":"","inline_featured_image":false,"footnotes":""},"categories":[5],"tags":[],"acf":[],"yoast_head":"<!-- This site is optimized with the Yoast SEO plugin v22.2 - https:\/\/yoast.com\/wordpress\/plugins\/seo\/ -->\n<title>Projeto Filhos da Terra \u00e9 selecionado para campanha de financiamento coletivo - Filhos da Terra - Diversidade e Cultura<\/title>\n<meta name=\"robots\" content=\"index, follow, max-snippet:-1, max-image-preview:large, max-video-preview:-1\" \/>\n<link rel=\"canonical\" href=\"https:\/\/filhosdaterra.org\/en\/projeto-filhos-da-terra-e-selecionado-para-campanha-de-financiamento-coletivo\/\" \/>\n<meta property=\"og:locale\" content=\"en_US\" \/>\n<meta property=\"og:type\" content=\"article\" \/>\n<meta property=\"og:title\" content=\"Projeto Filhos da Terra \u00e9 selecionado para campanha de financiamento coletivo - Filhos da Terra - Diversidade e Cultura\" \/>\n<meta property=\"og:description\" content=\"17 de mai. 2021 Colabore para constru\u00e7\u00e3o de um ambiente educativo game para jovens, com informa\u00e7\u00f5es e emo\u00e7\u00f5es sobre os mestres e as festas da cultura popular brasileira! O projeto Filhos da Terra \u00e9 um sonho que pretende semear e valorizar as festas e os mestres da nossa cultura popular! E para isso, queremos construir [&hellip;]\" \/>\n<meta property=\"og:url\" content=\"https:\/\/filhosdaterra.org\/en\/projeto-filhos-da-terra-e-selecionado-para-campanha-de-financiamento-coletivo\/\" \/>\n<meta property=\"og:site_name\" content=\"Filhos da Terra - Diversidade e Cultura\" \/>\n<meta property=\"article:published_time\" content=\"2022-09-21T19:44:36+00:00\" \/>\n<meta property=\"article:modified_time\" content=\"2023-11-17T14:08:52+00:00\" \/>\n<meta property=\"og:image\" content=\"https:\/\/filhosdaterra.org\/wp-content\/uploads\/2024\/03\/placeholder.png\" \/>\n\t<meta property=\"og:image:width\" content=\"1200\" \/>\n\t<meta property=\"og:image:height\" content=\"675\" \/>\n\t<meta property=\"og:image:type\" content=\"image\/png\" \/>\n<meta name=\"author\" content=\"editor@\" \/>\n<meta name=\"twitter:card\" content=\"summary_large_image\" \/>\n<meta name=\"twitter:label1\" content=\"Written by\" \/>\n\t<meta name=\"twitter:data1\" content=\"editor@\" \/>\n\t<meta name=\"twitter:label2\" content=\"Est. reading time\" \/>\n\t<meta name=\"twitter:data2\" content=\"5 minutes\" \/>\n<script type=\"application\/ld+json\" class=\"yoast-schema-graph\">{\"@context\":\"https:\/\/schema.org\",\"@graph\":[{\"@type\":\"Article\",\"@id\":\"https:\/\/filhosdaterra.org\/projeto-filhos-da-terra-e-selecionado-para-campanha-de-financiamento-coletivo\/#article\",\"isPartOf\":{\"@id\":\"https:\/\/filhosdaterra.org\/projeto-filhos-da-terra-e-selecionado-para-campanha-de-financiamento-coletivo\/\"},\"author\":{\"name\":\"editor@\",\"@id\":\"https:\/\/filhosdaterra.org\/#\/schema\/person\/8d05d45ba91354cc38ecfc05c089c6d0\"},\"headline\":\"Projeto Filhos da Terra \u00e9 selecionado para campanha de financiamento coletivo\",\"datePublished\":\"2022-09-21T19:44:36+00:00\",\"dateModified\":\"2023-11-17T14:08:52+00:00\",\"mainEntityOfPage\":{\"@id\":\"https:\/\/filhosdaterra.org\/projeto-filhos-da-terra-e-selecionado-para-campanha-de-financiamento-coletivo\/\"},\"wordCount\":1040,\"commentCount\":0,\"publisher\":{\"@id\":\"https:\/\/filhosdaterra.org\/#organization\"},\"articleSection\":[\"Blog\"],\"inLanguage\":\"en-US\",\"potentialAction\":[{\"@type\":\"CommentAction\",\"name\":\"Comment\",\"target\":[\"https:\/\/filhosdaterra.org\/projeto-filhos-da-terra-e-selecionado-para-campanha-de-financiamento-coletivo\/#respond\"]}]},{\"@type\":\"WebPage\",\"@id\":\"https:\/\/filhosdaterra.org\/projeto-filhos-da-terra-e-selecionado-para-campanha-de-financiamento-coletivo\/\",\"url\":\"https:\/\/filhosdaterra.org\/projeto-filhos-da-terra-e-selecionado-para-campanha-de-financiamento-coletivo\/\",\"name\":\"Projeto Filhos da Terra \u00e9 selecionado para campanha de financiamento coletivo - Filhos da Terra - Diversidade e Cultura\",\"isPartOf\":{\"@id\":\"https:\/\/filhosdaterra.org\/#website\"},\"datePublished\":\"2022-09-21T19:44:36+00:00\",\"dateModified\":\"2023-11-17T14:08:52+00:00\",\"breadcrumb\":{\"@id\":\"https:\/\/filhosdaterra.org\/projeto-filhos-da-terra-e-selecionado-para-campanha-de-financiamento-coletivo\/#breadcrumb\"},\"inLanguage\":\"en-US\",\"potentialAction\":[{\"@type\":\"ReadAction\",\"target\":[\"https:\/\/filhosdaterra.org\/projeto-filhos-da-terra-e-selecionado-para-campanha-de-financiamento-coletivo\/\"]}]},{\"@type\":\"BreadcrumbList\",\"@id\":\"https:\/\/filhosdaterra.org\/projeto-filhos-da-terra-e-selecionado-para-campanha-de-financiamento-coletivo\/#breadcrumb\",\"itemListElement\":[{\"@type\":\"ListItem\",\"position\":1,\"name\":\"In\u00edcio\",\"item\":\"https:\/\/filhosdaterra.org\/\"},{\"@type\":\"ListItem\",\"position\":2,\"name\":\"Projeto Filhos da Terra \u00e9 selecionado para campanha de financiamento coletivo\"}]},{\"@type\":\"WebSite\",\"@id\":\"https:\/\/filhosdaterra.org\/#website\",\"url\":\"https:\/\/filhosdaterra.org\/\",\"name\":\"Filhos da Terra - Diversidade e Cultura\",\"description\":\"O projeto busca documentar e mostrar ao Brasil quem \u00e9 o povo brasileiro, como s\u00e3o suas festas e celebra\u00e7\u00f5es.\",\"publisher\":{\"@id\":\"https:\/\/filhosdaterra.org\/#organization\"},\"potentialAction\":[{\"@type\":\"SearchAction\",\"target\":{\"@type\":\"EntryPoint\",\"urlTemplate\":\"https:\/\/filhosdaterra.org\/?s={search_term_string}\"},\"query-input\":\"required name=search_term_string\"}],\"inLanguage\":\"en-US\"},{\"@type\":\"Organization\",\"@id\":\"https:\/\/filhosdaterra.org\/#organization\",\"name\":\"Filhos da Terra - Diversidade e Cultura\",\"url\":\"https:\/\/filhosdaterra.org\/\",\"logo\":{\"@type\":\"ImageObject\",\"inLanguage\":\"en-US\",\"@id\":\"https:\/\/filhosdaterra.org\/#\/schema\/logo\/image\/\",\"url\":\"https:\/\/filhosdaterra.org\/wp-content\/uploads\/2022\/08\/logo-filhos-da-terra.png\",\"contentUrl\":\"https:\/\/filhosdaterra.org\/wp-content\/uploads\/2022\/08\/logo-filhos-da-terra.png\",\"width\":600,\"height\":517,\"caption\":\"Filhos da Terra - Diversidade e Cultura\"},\"image\":{\"@id\":\"https:\/\/filhosdaterra.org\/#\/schema\/logo\/image\/\"}},{\"@type\":\"Person\",\"@id\":\"https:\/\/filhosdaterra.org\/#\/schema\/person\/8d05d45ba91354cc38ecfc05c089c6d0\",\"name\":\"editor@\",\"image\":{\"@type\":\"ImageObject\",\"inLanguage\":\"en-US\",\"@id\":\"https:\/\/filhosdaterra.org\/#\/schema\/person\/image\/\",\"url\":\"https:\/\/secure.gravatar.com\/avatar\/f0ab3a18c92e84114ff42cb50aede4cc?s=96&d=mm&r=g\",\"contentUrl\":\"https:\/\/secure.gravatar.com\/avatar\/f0ab3a18c92e84114ff42cb50aede4cc?s=96&d=mm&r=g\",\"caption\":\"editor@\"},\"url\":\"https:\/\/filhosdaterra.org\/en\/author\/editor\/\"}]}<\/script>\n<!-- \/ Yoast SEO plugin. -->","yoast_head_json":{"title":"Projeto Filhos da Terra \u00e9 selecionado para campanha de financiamento coletivo - Filhos da Terra - Diversidade e Cultura","robots":{"index":"index","follow":"follow","max-snippet":"max-snippet:-1","max-image-preview":"max-image-preview:large","max-video-preview":"max-video-preview:-1"},"canonical":"https:\/\/filhosdaterra.org\/en\/projeto-filhos-da-terra-e-selecionado-para-campanha-de-financiamento-coletivo\/","og_locale":"en_US","og_type":"article","og_title":"Projeto Filhos da Terra \u00e9 selecionado para campanha de financiamento coletivo - Filhos da Terra - Diversidade e Cultura","og_description":"17 de mai. 2021 Colabore para constru\u00e7\u00e3o de um ambiente educativo game para jovens, com informa\u00e7\u00f5es e emo\u00e7\u00f5es sobre os mestres e as festas da cultura popular brasileira! O projeto Filhos da Terra \u00e9 um sonho que pretende semear e valorizar as festas e os mestres da nossa cultura popular! E para isso, queremos construir [&hellip;]","og_url":"https:\/\/filhosdaterra.org\/en\/projeto-filhos-da-terra-e-selecionado-para-campanha-de-financiamento-coletivo\/","og_site_name":"Filhos da Terra - Diversidade e Cultura","article_published_time":"2022-09-21T19:44:36+00:00","article_modified_time":"2023-11-17T14:08:52+00:00","og_image":[{"width":1200,"height":675,"url":"https:\/\/filhosdaterra.org\/wp-content\/uploads\/2024\/03\/placeholder.png","type":"image\/png"}],"author":"editor@","twitter_card":"summary_large_image","twitter_misc":{"Written by":"editor@","Est. reading time":"5 minutes"},"schema":{"@context":"https:\/\/schema.org","@graph":[{"@type":"Article","@id":"https:\/\/filhosdaterra.org\/projeto-filhos-da-terra-e-selecionado-para-campanha-de-financiamento-coletivo\/#article","isPartOf":{"@id":"https:\/\/filhosdaterra.org\/projeto-filhos-da-terra-e-selecionado-para-campanha-de-financiamento-coletivo\/"},"author":{"name":"editor@","@id":"https:\/\/filhosdaterra.org\/#\/schema\/person\/8d05d45ba91354cc38ecfc05c089c6d0"},"headline":"Projeto Filhos da Terra \u00e9 selecionado para campanha de financiamento coletivo","datePublished":"2022-09-21T19:44:36+00:00","dateModified":"2023-11-17T14:08:52+00:00","mainEntityOfPage":{"@id":"https:\/\/filhosdaterra.org\/projeto-filhos-da-terra-e-selecionado-para-campanha-de-financiamento-coletivo\/"},"wordCount":1040,"commentCount":0,"publisher":{"@id":"https:\/\/filhosdaterra.org\/#organization"},"articleSection":["Blog"],"inLanguage":"en-US","potentialAction":[{"@type":"CommentAction","name":"Comment","target":["https:\/\/filhosdaterra.org\/projeto-filhos-da-terra-e-selecionado-para-campanha-de-financiamento-coletivo\/#respond"]}]},{"@type":"WebPage","@id":"https:\/\/filhosdaterra.org\/projeto-filhos-da-terra-e-selecionado-para-campanha-de-financiamento-coletivo\/","url":"https:\/\/filhosdaterra.org\/projeto-filhos-da-terra-e-selecionado-para-campanha-de-financiamento-coletivo\/","name":"Projeto Filhos da Terra \u00e9 selecionado para campanha de financiamento coletivo - Filhos da Terra - Diversidade e Cultura","isPartOf":{"@id":"https:\/\/filhosdaterra.org\/#website"},"datePublished":"2022-09-21T19:44:36+00:00","dateModified":"2023-11-17T14:08:52+00:00","breadcrumb":{"@id":"https:\/\/filhosdaterra.org\/projeto-filhos-da-terra-e-selecionado-para-campanha-de-financiamento-coletivo\/#breadcrumb"},"inLanguage":"en-US","potentialAction":[{"@type":"ReadAction","target":["https:\/\/filhosdaterra.org\/projeto-filhos-da-terra-e-selecionado-para-campanha-de-financiamento-coletivo\/"]}]},{"@type":"BreadcrumbList","@id":"https:\/\/filhosdaterra.org\/projeto-filhos-da-terra-e-selecionado-para-campanha-de-financiamento-coletivo\/#breadcrumb","itemListElement":[{"@type":"ListItem","position":1,"name":"In\u00edcio","item":"https:\/\/filhosdaterra.org\/"},{"@type":"ListItem","position":2,"name":"Projeto Filhos da Terra \u00e9 selecionado para campanha de financiamento coletivo"}]},{"@type":"WebSite","@id":"https:\/\/filhosdaterra.org\/#website","url":"https:\/\/filhosdaterra.org\/","name":"Filhos da Terra - Diversidade e Cultura","description":"O projeto busca documentar e mostrar ao Brasil quem \u00e9 o povo brasileiro, como s\u00e3o suas festas e celebra\u00e7\u00f5es.","publisher":{"@id":"https:\/\/filhosdaterra.org\/#organization"},"potentialAction":[{"@type":"SearchAction","target":{"@type":"EntryPoint","urlTemplate":"https:\/\/filhosdaterra.org\/?s={search_term_string}"},"query-input":"required name=search_term_string"}],"inLanguage":"en-US"},{"@type":"Organization","@id":"https:\/\/filhosdaterra.org\/#organization","name":"Filhos da Terra - Diversidade e Cultura","url":"https:\/\/filhosdaterra.org\/","logo":{"@type":"ImageObject","inLanguage":"en-US","@id":"https:\/\/filhosdaterra.org\/#\/schema\/logo\/image\/","url":"https:\/\/filhosdaterra.org\/wp-content\/uploads\/2022\/08\/logo-filhos-da-terra.png","contentUrl":"https:\/\/filhosdaterra.org\/wp-content\/uploads\/2022\/08\/logo-filhos-da-terra.png","width":600,"height":517,"caption":"Filhos da Terra - Diversidade e Cultura"},"image":{"@id":"https:\/\/filhosdaterra.org\/#\/schema\/logo\/image\/"}},{"@type":"Person","@id":"https:\/\/filhosdaterra.org\/#\/schema\/person\/8d05d45ba91354cc38ecfc05c089c6d0","name":"editor@","image":{"@type":"ImageObject","inLanguage":"en-US","@id":"https:\/\/filhosdaterra.org\/#\/schema\/person\/image\/","url":"https:\/\/secure.gravatar.com\/avatar\/f0ab3a18c92e84114ff42cb50aede4cc?s=96&d=mm&r=g","contentUrl":"https:\/\/secure.gravatar.com\/avatar\/f0ab3a18c92e84114ff42cb50aede4cc?s=96&d=mm&r=g","caption":"editor@"},"url":"https:\/\/filhosdaterra.org\/en\/author\/editor\/"}]}},"_links":{"self":[{"href":"https:\/\/filhosdaterra.org\/en\/wp-json\/wp\/v2\/posts\/489"}],"collection":[{"href":"https:\/\/filhosdaterra.org\/en\/wp-json\/wp\/v2\/posts"}],"about":[{"href":"https:\/\/filhosdaterra.org\/en\/wp-json\/wp\/v2\/types\/post"}],"author":[{"embeddable":true,"href":"https:\/\/filhosdaterra.org\/en\/wp-json\/wp\/v2\/users\/2"}],"replies":[{"embeddable":true,"href":"https:\/\/filhosdaterra.org\/en\/wp-json\/wp\/v2\/comments?post=489"}],"version-history":[{"count":1,"href":"https:\/\/filhosdaterra.org\/en\/wp-json\/wp\/v2\/posts\/489\/revisions"}],"predecessor-version":[{"id":490,"href":"https:\/\/filhosdaterra.org\/en\/wp-json\/wp\/v2\/posts\/489\/revisions\/490"}],"wp:attachment":[{"href":"https:\/\/filhosdaterra.org\/en\/wp-json\/wp\/v2\/media?parent=489"}],"wp:term":[{"taxonomy":"category","embeddable":true,"href":"https:\/\/filhosdaterra.org\/en\/wp-json\/wp\/v2\/categories?post=489"},{"taxonomy":"post_tag","embeddable":true,"href":"https:\/\/filhosdaterra.org\/en\/wp-json\/wp\/v2\/tags?post=489"}],"curies":[{"name":"wp","href":"https:\/\/api.w.org\/{rel}","templated":true}]}}