{"id":487,"date":"2022-09-21T16:44:37","date_gmt":"2022-09-21T19:44:37","guid":{"rendered":"https:\/\/filhosdaterra.org\/?p=487"},"modified":"2023-11-17T11:08:27","modified_gmt":"2023-11-17T14:08:27","slug":"camara-dos-deputados-lanca-frente-parlamentar-em-defesa-do-patrimonio-cultural-brasileiro","status":"publish","type":"post","link":"https:\/\/filhosdaterra.org\/en\/camara-dos-deputados-lanca-frente-parlamentar-em-defesa-do-patrimonio-cultural-brasileiro\/","title":{"rendered":"C\u00e2mara dos Deputados lan\u00e7a Frente Parlamentar em defesa do Patrim\u00f4nio Cultural Brasileiro"},"content":{"rendered":"<p class=\"has-small-font-size\">3 de set. de 2019<\/p>\r\n\r\n\r\n\r\n<h1 class=\"has-small-font-size wp-block-heading\">A prote\u00e7\u00e3o e a preserva\u00e7\u00e3o do Patrim\u00f4nio Cultural Brasileiro ganham mais um forte apoio. No pr\u00f3ximo dia 04 de setembro, \u00e0s 11h30, na C\u00e2mara dos Deputados, em Bras\u00edlia (DF), ser\u00e1 lan\u00e7ada a <strong>Frente Parlamentar em Defesa do Patrim\u00f4nio Hist\u00f3rico Nacional<\/strong>. Proposta pelo deputado maranhense Hildo Rocha, entre as principais finalidades da iniciativa est\u00e3o apoiar e fortalecer as institui\u00e7\u00f5es ou \u00f3rg\u00e3os federais, estaduais e municipais respons\u00e1veis pela defesa da mem\u00f3ria do pa\u00eds. O lan\u00e7amento da Frente Parlamentar contar\u00e1 com a presen\u00e7a do ministro da Cidadania, Osmar Terra, e da presidente do Instituto do Patrim\u00f4nio Hist\u00f3rico e Art\u00edstico Nacional (Iphan), K\u00e1tia Bogea.<\/h1>\r\n\r\n\r\n\r\n<p class=\"has-small-font-size\">Maracatu Rural em Nazar\u00e9 da Mata\/PE (Foto: Eraldo Peres\/Filhos da Terra)<\/p>\r\n\r\n\r\n\r\n<p class=\"has-small-font-size\">De car\u00e1ter suprapartid\u00e1rio, sem fins lucrativos, a <strong>Frente Parlamentar em Defesa do Patrim\u00f4nio Hist\u00f3rico Nacional<\/strong> pretende acompanhar a tramita\u00e7\u00e3o de proposi\u00e7\u00f5es na C\u00e2mara dos Deputados e no Senado Federal que contribuam para o aprimoramento de legisla\u00e7\u00e3o de preserva\u00e7\u00e3o do Patrim\u00f4nio Cultural Brasileiro. Tamb\u00e9m tem como objetivo promover debates, audi\u00eancias e semin\u00e1rios sobre o tema.<\/p>\r\n\r\n\r\n\r\n<p class=\"has-small-font-size\">Para a presidente do Iphan, a iniciativa vai contribuir no fortalecimento da pol\u00edtica de Patrim\u00f4nio Cultural no Brasil, especialmente no que diz respeito \u00e0 gest\u00e3o dos bens acautelados em todos os Estados brasileiros. \u201c\u00c9 fundamental a parceria com os munic\u00edpios e com os governadores para conseguirmos implementar a\u00e7\u00f5es que v\u00e3o<\/p>\r\n\r\n\r\n\r\n<p class=\"has-small-font-size\">al\u00e9m da preserva\u00e7\u00e3o de monumentos e da salvaguarda das tradi\u00e7\u00f5es culturais. \u00c9 nas cidades que vivem as pessoas, que s\u00e3o os maiores interessados em preservar sua mem\u00f3ria e sua hist\u00f3ria. Com a participa\u00e7\u00e3o efetiva dos parlamentares neste contexto, priorizando o fortalecimento das pol\u00edticas p\u00fablicas, ser\u00e1 muito mais produtiva a a\u00e7\u00e3o do Iphan e seus parceiros na meta de transformar o Patrim\u00f4nio Cultural em vetor de desenvolvimento e de sustentabilidade, al\u00e9m de promover o turismo e a gera\u00e7\u00e3o de renda nos munic\u00edpios\u201d, explica K\u00e1tia Bogea.<\/p>\r\n\r\n\r\n\r\n<p class=\"has-small-font-size\">O deputado Hildo Rocha destaca que \u201co Patrim\u00f4nio Cultural Brasileiro \u00e9 a grande riqueza do pa\u00eds; \u00e9 o que une todos os brasileiros em torno de sua hist\u00f3ria e de sua identidade. Assim, \u00e9 fundamental que o Congresso Nacional esteja envolvido no fortalecimento das pol\u00edticas p\u00fablicas, bem como no interc\u00e2mbio entre parlamentos e institui\u00e7\u00f5es nacionais e estrangeiras, visando uma ampla e democr\u00e1tica participa\u00e7\u00e3o da sociedade nas discuss\u00f5es sobre a preserva\u00e7\u00e3o do Patrim\u00f4nio Cultural e o desenvolvimento do Brasil\u201d.<\/p>\r\n\r\n\r\n\r\n<p class=\"has-small-font-size\">A <strong>Frente Parlamentar em Defesa do Patrim\u00f4nio Hist\u00f3rico Nacional<\/strong> ser\u00e1 formada por um presidente, sete vice-presidentes, um secret\u00e1rio, dois subsecret\u00e1rios, al\u00e9m de coordenadores estaduais e regionais. Tamb\u00e9m poder\u00e1 conceder t\u00edtulos honor\u00edficos a parlamentares, institui\u00e7\u00f5es, autoridades e pessoas da sociedade que contribuam para promo\u00e7\u00e3o do Patrim\u00f4nio Cultural.<\/p>\r\n\r\n\r\n\r\n<p class=\"has-small-font-size\"><strong>Servi\u00e7o:<\/strong> <strong>Lan\u00e7amento da Frente Parlamentar em Defesa do Patrim\u00f4nio Hist\u00f3rico Nacional<\/strong> <strong>Data:<\/strong> 04 de setembro de 2019, \u00e0s 11h30 <strong>Local:<\/strong> Sal\u00e3o Nobre da C\u00e2mara dos Deputados \u2013 Bras\u00edlia (DF)<\/p>\r\n\r\n\r\n\r\n<p class=\"has-small-font-size\"><em>Com informa\u00e7\u00f5es do Iphan.<\/em><\/p>","protected":false},"excerpt":{"rendered":"<p>3 de set. de 2019 A prote\u00e7\u00e3o e a preserva\u00e7\u00e3o do Patrim\u00f4nio Cultural Brasileiro ganham mais um forte apoio. No pr\u00f3ximo dia 04 de setembro, \u00e0s 11h30, na C\u00e2mara dos Deputados, em Bras\u00edlia (DF), ser\u00e1 lan\u00e7ada a Frente Parlamentar em Defesa do Patrim\u00f4nio Hist\u00f3rico Nacional. Proposta pelo deputado maranhense Hildo Rocha, entre as principais finalidades [&hellip;]<\/p>","protected":false},"author":2,"featured_media":0,"comment_status":"open","ping_status":"open","sticky":false,"template":"","format":"standard","meta":{"content-type":"","inline_featured_image":false,"footnotes":""},"categories":[5],"tags":[],"acf":[],"yoast_head":"<!-- This site is optimized with the Yoast SEO plugin v22.2 - https:\/\/yoast.com\/wordpress\/plugins\/seo\/ -->\n<title>C\u00e2mara dos Deputados lan\u00e7a Frente Parlamentar em defesa do Patrim\u00f4nio Cultural Brasileiro - Filhos da Terra - Diversidade e Cultura<\/title>\n<meta name=\"robots\" content=\"index, follow, max-snippet:-1, max-image-preview:large, max-video-preview:-1\" \/>\n<link rel=\"canonical\" href=\"https:\/\/filhosdaterra.org\/en\/camara-dos-deputados-lanca-frente-parlamentar-em-defesa-do-patrimonio-cultural-brasileiro\/\" \/>\n<meta property=\"og:locale\" content=\"en_US\" \/>\n<meta property=\"og:type\" content=\"article\" \/>\n<meta property=\"og:title\" content=\"C\u00e2mara dos Deputados lan\u00e7a Frente Parlamentar em defesa do Patrim\u00f4nio Cultural Brasileiro - Filhos da Terra - Diversidade e Cultura\" \/>\n<meta property=\"og:description\" content=\"3 de set. de 2019 A prote\u00e7\u00e3o e a preserva\u00e7\u00e3o do Patrim\u00f4nio Cultural Brasileiro ganham mais um forte apoio. No pr\u00f3ximo dia 04 de setembro, \u00e0s 11h30, na C\u00e2mara dos Deputados, em Bras\u00edlia (DF), ser\u00e1 lan\u00e7ada a Frente Parlamentar em Defesa do Patrim\u00f4nio Hist\u00f3rico Nacional. Proposta pelo deputado maranhense Hildo Rocha, entre as principais finalidades [&hellip;]\" \/>\n<meta property=\"og:url\" content=\"https:\/\/filhosdaterra.org\/en\/camara-dos-deputados-lanca-frente-parlamentar-em-defesa-do-patrimonio-cultural-brasileiro\/\" \/>\n<meta property=\"og:site_name\" content=\"Filhos da Terra - Diversidade e Cultura\" \/>\n<meta property=\"article:published_time\" content=\"2022-09-21T19:44:37+00:00\" \/>\n<meta property=\"article:modified_time\" content=\"2023-11-17T14:08:27+00:00\" \/>\n<meta property=\"og:image\" content=\"https:\/\/filhosdaterra.org\/wp-content\/uploads\/2024\/03\/placeholder.png\" \/>\n\t<meta property=\"og:image:width\" content=\"1200\" \/>\n\t<meta property=\"og:image:height\" content=\"675\" \/>\n\t<meta property=\"og:image:type\" content=\"image\/png\" \/>\n<meta name=\"author\" content=\"editor@\" \/>\n<meta name=\"twitter:card\" content=\"summary_large_image\" \/>\n<meta name=\"twitter:label1\" content=\"Written by\" \/>\n\t<meta name=\"twitter:data1\" content=\"editor@\" \/>\n\t<meta name=\"twitter:label2\" content=\"Est. reading time\" \/>\n\t<meta name=\"twitter:data2\" content=\"3 minutes\" \/>\n<script type=\"application\/ld+json\" class=\"yoast-schema-graph\">{\"@context\":\"https:\/\/schema.org\",\"@graph\":[{\"@type\":\"Article\",\"@id\":\"https:\/\/filhosdaterra.org\/camara-dos-deputados-lanca-frente-parlamentar-em-defesa-do-patrimonio-cultural-brasileiro\/#article\",\"isPartOf\":{\"@id\":\"https:\/\/filhosdaterra.org\/camara-dos-deputados-lanca-frente-parlamentar-em-defesa-do-patrimonio-cultural-brasileiro\/\"},\"author\":{\"name\":\"editor@\",\"@id\":\"https:\/\/filhosdaterra.org\/#\/schema\/person\/8d05d45ba91354cc38ecfc05c089c6d0\"},\"headline\":\"C\u00e2mara dos Deputados lan\u00e7a Frente Parlamentar em defesa do Patrim\u00f4nio Cultural Brasileiro\",\"datePublished\":\"2022-09-21T19:44:37+00:00\",\"dateModified\":\"2023-11-17T14:08:27+00:00\",\"mainEntityOfPage\":{\"@id\":\"https:\/\/filhosdaterra.org\/camara-dos-deputados-lanca-frente-parlamentar-em-defesa-do-patrimonio-cultural-brasileiro\/\"},\"wordCount\":552,\"commentCount\":0,\"publisher\":{\"@id\":\"https:\/\/filhosdaterra.org\/#organization\"},\"articleSection\":[\"Blog\"],\"inLanguage\":\"en-US\",\"potentialAction\":[{\"@type\":\"CommentAction\",\"name\":\"Comment\",\"target\":[\"https:\/\/filhosdaterra.org\/camara-dos-deputados-lanca-frente-parlamentar-em-defesa-do-patrimonio-cultural-brasileiro\/#respond\"]}]},{\"@type\":\"WebPage\",\"@id\":\"https:\/\/filhosdaterra.org\/camara-dos-deputados-lanca-frente-parlamentar-em-defesa-do-patrimonio-cultural-brasileiro\/\",\"url\":\"https:\/\/filhosdaterra.org\/camara-dos-deputados-lanca-frente-parlamentar-em-defesa-do-patrimonio-cultural-brasileiro\/\",\"name\":\"C\u00e2mara dos Deputados lan\u00e7a Frente Parlamentar em defesa do Patrim\u00f4nio Cultural Brasileiro - Filhos da Terra - Diversidade e Cultura\",\"isPartOf\":{\"@id\":\"https:\/\/filhosdaterra.org\/#website\"},\"datePublished\":\"2022-09-21T19:44:37+00:00\",\"dateModified\":\"2023-11-17T14:08:27+00:00\",\"breadcrumb\":{\"@id\":\"https:\/\/filhosdaterra.org\/camara-dos-deputados-lanca-frente-parlamentar-em-defesa-do-patrimonio-cultural-brasileiro\/#breadcrumb\"},\"inLanguage\":\"en-US\",\"potentialAction\":[{\"@type\":\"ReadAction\",\"target\":[\"https:\/\/filhosdaterra.org\/camara-dos-deputados-lanca-frente-parlamentar-em-defesa-do-patrimonio-cultural-brasileiro\/\"]}]},{\"@type\":\"BreadcrumbList\",\"@id\":\"https:\/\/filhosdaterra.org\/camara-dos-deputados-lanca-frente-parlamentar-em-defesa-do-patrimonio-cultural-brasileiro\/#breadcrumb\",\"itemListElement\":[{\"@type\":\"ListItem\",\"position\":1,\"name\":\"In\u00edcio\",\"item\":\"https:\/\/filhosdaterra.org\/\"},{\"@type\":\"ListItem\",\"position\":2,\"name\":\"C\u00e2mara dos Deputados lan\u00e7a Frente Parlamentar em defesa do Patrim\u00f4nio Cultural Brasileiro\"}]},{\"@type\":\"WebSite\",\"@id\":\"https:\/\/filhosdaterra.org\/#website\",\"url\":\"https:\/\/filhosdaterra.org\/\",\"name\":\"Filhos da Terra - Diversidade e Cultura\",\"description\":\"O projeto busca documentar e mostrar ao Brasil quem \u00e9 o povo brasileiro, como s\u00e3o suas festas e celebra\u00e7\u00f5es.\",\"publisher\":{\"@id\":\"https:\/\/filhosdaterra.org\/#organization\"},\"potentialAction\":[{\"@type\":\"SearchAction\",\"target\":{\"@type\":\"EntryPoint\",\"urlTemplate\":\"https:\/\/filhosdaterra.org\/?s={search_term_string}\"},\"query-input\":\"required name=search_term_string\"}],\"inLanguage\":\"en-US\"},{\"@type\":\"Organization\",\"@id\":\"https:\/\/filhosdaterra.org\/#organization\",\"name\":\"Filhos da Terra - Diversidade e Cultura\",\"url\":\"https:\/\/filhosdaterra.org\/\",\"logo\":{\"@type\":\"ImageObject\",\"inLanguage\":\"en-US\",\"@id\":\"https:\/\/filhosdaterra.org\/#\/schema\/logo\/image\/\",\"url\":\"https:\/\/filhosdaterra.org\/wp-content\/uploads\/2022\/08\/logo-filhos-da-terra.png\",\"contentUrl\":\"https:\/\/filhosdaterra.org\/wp-content\/uploads\/2022\/08\/logo-filhos-da-terra.png\",\"width\":600,\"height\":517,\"caption\":\"Filhos da Terra - Diversidade e Cultura\"},\"image\":{\"@id\":\"https:\/\/filhosdaterra.org\/#\/schema\/logo\/image\/\"}},{\"@type\":\"Person\",\"@id\":\"https:\/\/filhosdaterra.org\/#\/schema\/person\/8d05d45ba91354cc38ecfc05c089c6d0\",\"name\":\"editor@\",\"image\":{\"@type\":\"ImageObject\",\"inLanguage\":\"en-US\",\"@id\":\"https:\/\/filhosdaterra.org\/#\/schema\/person\/image\/\",\"url\":\"https:\/\/secure.gravatar.com\/avatar\/f0ab3a18c92e84114ff42cb50aede4cc?s=96&d=mm&r=g\",\"contentUrl\":\"https:\/\/secure.gravatar.com\/avatar\/f0ab3a18c92e84114ff42cb50aede4cc?s=96&d=mm&r=g\",\"caption\":\"editor@\"},\"url\":\"https:\/\/filhosdaterra.org\/en\/author\/editor\/\"}]}<\/script>\n<!-- \/ Yoast SEO plugin. -->","yoast_head_json":{"title":"C\u00e2mara dos Deputados lan\u00e7a Frente Parlamentar em defesa do Patrim\u00f4nio Cultural Brasileiro - Filhos da Terra - Diversidade e Cultura","robots":{"index":"index","follow":"follow","max-snippet":"max-snippet:-1","max-image-preview":"max-image-preview:large","max-video-preview":"max-video-preview:-1"},"canonical":"https:\/\/filhosdaterra.org\/en\/camara-dos-deputados-lanca-frente-parlamentar-em-defesa-do-patrimonio-cultural-brasileiro\/","og_locale":"en_US","og_type":"article","og_title":"C\u00e2mara dos Deputados lan\u00e7a Frente Parlamentar em defesa do Patrim\u00f4nio Cultural Brasileiro - Filhos da Terra - Diversidade e Cultura","og_description":"3 de set. de 2019 A prote\u00e7\u00e3o e a preserva\u00e7\u00e3o do Patrim\u00f4nio Cultural Brasileiro ganham mais um forte apoio. No pr\u00f3ximo dia 04 de setembro, \u00e0s 11h30, na C\u00e2mara dos Deputados, em Bras\u00edlia (DF), ser\u00e1 lan\u00e7ada a Frente Parlamentar em Defesa do Patrim\u00f4nio Hist\u00f3rico Nacional. Proposta pelo deputado maranhense Hildo Rocha, entre as principais finalidades [&hellip;]","og_url":"https:\/\/filhosdaterra.org\/en\/camara-dos-deputados-lanca-frente-parlamentar-em-defesa-do-patrimonio-cultural-brasileiro\/","og_site_name":"Filhos da Terra - Diversidade e Cultura","article_published_time":"2022-09-21T19:44:37+00:00","article_modified_time":"2023-11-17T14:08:27+00:00","og_image":[{"width":1200,"height":675,"url":"https:\/\/filhosdaterra.org\/wp-content\/uploads\/2024\/03\/placeholder.png","type":"image\/png"}],"author":"editor@","twitter_card":"summary_large_image","twitter_misc":{"Written by":"editor@","Est. reading time":"3 minutes"},"schema":{"@context":"https:\/\/schema.org","@graph":[{"@type":"Article","@id":"https:\/\/filhosdaterra.org\/camara-dos-deputados-lanca-frente-parlamentar-em-defesa-do-patrimonio-cultural-brasileiro\/#article","isPartOf":{"@id":"https:\/\/filhosdaterra.org\/camara-dos-deputados-lanca-frente-parlamentar-em-defesa-do-patrimonio-cultural-brasileiro\/"},"author":{"name":"editor@","@id":"https:\/\/filhosdaterra.org\/#\/schema\/person\/8d05d45ba91354cc38ecfc05c089c6d0"},"headline":"C\u00e2mara dos Deputados lan\u00e7a Frente Parlamentar em defesa do Patrim\u00f4nio Cultural Brasileiro","datePublished":"2022-09-21T19:44:37+00:00","dateModified":"2023-11-17T14:08:27+00:00","mainEntityOfPage":{"@id":"https:\/\/filhosdaterra.org\/camara-dos-deputados-lanca-frente-parlamentar-em-defesa-do-patrimonio-cultural-brasileiro\/"},"wordCount":552,"commentCount":0,"publisher":{"@id":"https:\/\/filhosdaterra.org\/#organization"},"articleSection":["Blog"],"inLanguage":"en-US","potentialAction":[{"@type":"CommentAction","name":"Comment","target":["https:\/\/filhosdaterra.org\/camara-dos-deputados-lanca-frente-parlamentar-em-defesa-do-patrimonio-cultural-brasileiro\/#respond"]}]},{"@type":"WebPage","@id":"https:\/\/filhosdaterra.org\/camara-dos-deputados-lanca-frente-parlamentar-em-defesa-do-patrimonio-cultural-brasileiro\/","url":"https:\/\/filhosdaterra.org\/camara-dos-deputados-lanca-frente-parlamentar-em-defesa-do-patrimonio-cultural-brasileiro\/","name":"C\u00e2mara dos Deputados lan\u00e7a Frente Parlamentar em defesa do Patrim\u00f4nio Cultural Brasileiro - Filhos da Terra - Diversidade e Cultura","isPartOf":{"@id":"https:\/\/filhosdaterra.org\/#website"},"datePublished":"2022-09-21T19:44:37+00:00","dateModified":"2023-11-17T14:08:27+00:00","breadcrumb":{"@id":"https:\/\/filhosdaterra.org\/camara-dos-deputados-lanca-frente-parlamentar-em-defesa-do-patrimonio-cultural-brasileiro\/#breadcrumb"},"inLanguage":"en-US","potentialAction":[{"@type":"ReadAction","target":["https:\/\/filhosdaterra.org\/camara-dos-deputados-lanca-frente-parlamentar-em-defesa-do-patrimonio-cultural-brasileiro\/"]}]},{"@type":"BreadcrumbList","@id":"https:\/\/filhosdaterra.org\/camara-dos-deputados-lanca-frente-parlamentar-em-defesa-do-patrimonio-cultural-brasileiro\/#breadcrumb","itemListElement":[{"@type":"ListItem","position":1,"name":"In\u00edcio","item":"https:\/\/filhosdaterra.org\/"},{"@type":"ListItem","position":2,"name":"C\u00e2mara dos Deputados lan\u00e7a Frente Parlamentar em defesa do Patrim\u00f4nio Cultural Brasileiro"}]},{"@type":"WebSite","@id":"https:\/\/filhosdaterra.org\/#website","url":"https:\/\/filhosdaterra.org\/","name":"Filhos da Terra - Diversidade e Cultura","description":"O projeto busca documentar e mostrar ao Brasil quem \u00e9 o povo brasileiro, como s\u00e3o suas festas e celebra\u00e7\u00f5es.","publisher":{"@id":"https:\/\/filhosdaterra.org\/#organization"},"potentialAction":[{"@type":"SearchAction","target":{"@type":"EntryPoint","urlTemplate":"https:\/\/filhosdaterra.org\/?s={search_term_string}"},"query-input":"required name=search_term_string"}],"inLanguage":"en-US"},{"@type":"Organization","@id":"https:\/\/filhosdaterra.org\/#organization","name":"Filhos da Terra - Diversidade e Cultura","url":"https:\/\/filhosdaterra.org\/","logo":{"@type":"ImageObject","inLanguage":"en-US","@id":"https:\/\/filhosdaterra.org\/#\/schema\/logo\/image\/","url":"https:\/\/filhosdaterra.org\/wp-content\/uploads\/2022\/08\/logo-filhos-da-terra.png","contentUrl":"https:\/\/filhosdaterra.org\/wp-content\/uploads\/2022\/08\/logo-filhos-da-terra.png","width":600,"height":517,"caption":"Filhos da Terra - Diversidade e Cultura"},"image":{"@id":"https:\/\/filhosdaterra.org\/#\/schema\/logo\/image\/"}},{"@type":"Person","@id":"https:\/\/filhosdaterra.org\/#\/schema\/person\/8d05d45ba91354cc38ecfc05c089c6d0","name":"editor@","image":{"@type":"ImageObject","inLanguage":"en-US","@id":"https:\/\/filhosdaterra.org\/#\/schema\/person\/image\/","url":"https:\/\/secure.gravatar.com\/avatar\/f0ab3a18c92e84114ff42cb50aede4cc?s=96&d=mm&r=g","contentUrl":"https:\/\/secure.gravatar.com\/avatar\/f0ab3a18c92e84114ff42cb50aede4cc?s=96&d=mm&r=g","caption":"editor@"},"url":"https:\/\/filhosdaterra.org\/en\/author\/editor\/"}]}},"_links":{"self":[{"href":"https:\/\/filhosdaterra.org\/en\/wp-json\/wp\/v2\/posts\/487"}],"collection":[{"href":"https:\/\/filhosdaterra.org\/en\/wp-json\/wp\/v2\/posts"}],"about":[{"href":"https:\/\/filhosdaterra.org\/en\/wp-json\/wp\/v2\/types\/post"}],"author":[{"embeddable":true,"href":"https:\/\/filhosdaterra.org\/en\/wp-json\/wp\/v2\/users\/2"}],"replies":[{"embeddable":true,"href":"https:\/\/filhosdaterra.org\/en\/wp-json\/wp\/v2\/comments?post=487"}],"version-history":[{"count":1,"href":"https:\/\/filhosdaterra.org\/en\/wp-json\/wp\/v2\/posts\/487\/revisions"}],"predecessor-version":[{"id":488,"href":"https:\/\/filhosdaterra.org\/en\/wp-json\/wp\/v2\/posts\/487\/revisions\/488"}],"wp:attachment":[{"href":"https:\/\/filhosdaterra.org\/en\/wp-json\/wp\/v2\/media?parent=487"}],"wp:term":[{"taxonomy":"category","embeddable":true,"href":"https:\/\/filhosdaterra.org\/en\/wp-json\/wp\/v2\/categories?post=487"},{"taxonomy":"post_tag","embeddable":true,"href":"https:\/\/filhosdaterra.org\/en\/wp-json\/wp\/v2\/tags?post=487"}],"curies":[{"name":"wp","href":"https:\/\/api.w.org\/{rel}","templated":true}]}}