{"id":4869,"date":"2024-05-10T14:38:02","date_gmt":"2024-05-10T17:38:02","guid":{"rendered":"https:\/\/filhosdaterra.org\/?p=4869"},"modified":"2024-05-23T22:40:39","modified_gmt":"2024-05-24T01:40:39","slug":"encontro-de-mestres-do-brasil-2024","status":"publish","type":"post","link":"https:\/\/filhosdaterra.org\/en\/encontro-de-mestres-do-brasil-2024\/","title":{"rendered":"Encontro de Mestres do Brasil 2024"},"content":{"rendered":"<p>O soar dos tambores do Seu Estrelo nos tr\u00e1s as emo\u00e7\u00f5es, e os versos do Mestre Jo\u00e3o Paulo, do Maracatu Rural, nos tr\u00e1s os sonhos e os pensamentos. Essa imagem sintetiza a import\u00e2ncia e a beleza da abertura do \u201cEncontro de Mestres do Brasil\u201d, na noite desta quinta-feira no Espa\u00e7o Cultural Renato Russo.<\/p>\n<p>Um encontro com mestras e mestres das culturas populares de todo o pa\u00eds, reunidos em Bras\u00edlia para um per\u00edodo de di\u00e1logos e trocas culturais em torno da diversidade e da riqueza do nosso patrim\u00f4nio cultural. O evento acontece de sexta-feira a domingo no Eixo Cultural Ibero-americano, onde s\u00e3o realizadas as rodas de conversas, prosas, oficinas e apresenta\u00e7\u00f5es culturais.<\/p>\n<p>Acompanhe a programa\u00e7\u00e3o em &#8211; https:\/\/www.sympla.com.br\/evento\/encontro-de-mestras-e-mestres-do-brasil\/2452143 .<\/p>\n<p>Segundo o coordenador do evento, Anderson Formiga, o encontro re\u00fane mestras e mestres de v\u00e1rias tradi\u00e7\u00f5es culturais populares e de diversos estados, com o objetivo de celebrar as culturas populares e tradicionais, fomentando o reconhecimento dos mestres que mant\u00e9m as tradi\u00e7\u00f5es vivas e transmitidas entre gera\u00e7\u00f5es.<\/p>\n<p>Na noite de abertura a Mestra Janja, da Bahia, e o Mestre Paul\u00e3o Kikongo, do Rio de Janeiro, entregaram aos representantes do Minist\u00e9rio da Cultura e do Iphan uma carta do movimento das culturas populares apresentando o \u201cMovimento Nacional. 30% PNAB J\u00e1, Representatividade e Repara\u00e7\u00e3o\u201d, com o objetivo de validar a proposta priorit\u00e1ria aprovada na 4a Confer\u00eancia Nacional de Cultura e que exige a destina\u00e7\u00e3o desse percentual m\u00ednimo dos recursos da Pol\u00edtica Nacional de Cultura.<\/p>\n<p>&nbsp;<\/p>\n<figure id=\"attachment_4894\" aria-describedby=\"caption-attachment-4894\" style=\"width: 800px\" class=\"wp-caption aligncenter\"><img decoding=\"async\" loading=\"lazy\" class=\"wp-image-4894 size-large\" src=\"https:\/\/filhosdaterra.org\/wp-content\/uploads\/2024\/05\/IMG_20240509_212907-3-1024x576.jpg\" alt=\"Mesa de abertura do Encontro de Mestres do Brasil\" width=\"800\" height=\"450\" srcset=\"https:\/\/filhosdaterra.org\/wp-content\/uploads\/2024\/05\/IMG_20240509_212907-3-1024x576.jpg 1024w, https:\/\/filhosdaterra.org\/wp-content\/uploads\/2024\/05\/IMG_20240509_212907-3-300x169.jpg 300w, https:\/\/filhosdaterra.org\/wp-content\/uploads\/2024\/05\/IMG_20240509_212907-3-768x432.jpg 768w, https:\/\/filhosdaterra.org\/wp-content\/uploads\/2024\/05\/IMG_20240509_212907-3-1536x864.jpg 1536w, https:\/\/filhosdaterra.org\/wp-content\/uploads\/2024\/05\/IMG_20240509_212907-3-2048x1152.jpg 2048w, https:\/\/filhosdaterra.org\/wp-content\/uploads\/2024\/05\/IMG_20240509_212907-3-18x10.jpg 18w\" sizes=\"(max-width: 800px) 100vw, 800px\" \/><figcaption id=\"caption-attachment-4894\" class=\"wp-caption-text\">Mesa de abertura do Encontro de Mestres do Brasil<\/figcaption><\/figure>\n<p>Mestras(es) convidadas: Capit\u00e3o Benedito (DF), Chica do Pandeiro (BA), Dara\u00edna Pregnolatto (GO), Manoelzinho Salustiano (PE), M\u00e1rcio Caires (BA), Mestra Ana Paula (AL), Mestra Claudete (PA), Mestra Dina (CE), Mestra Janja (BA), Mestra Laine (SP), Mestre Dod\u00f4 (CE), Mestre Jo\u00e3o Paulo (PE), Mestre Paul\u00e3o Kikongo (RJ), Mestre Poloca (BA), Rainha Ginga Preta (RS), Taata Mut\u00e1 Im\u00ea (BA), Chico Sim\u00f5es (DF), Martinha do Coco (DF), Fernanda Machado (DF), Tamatat\u00edua Freire (DF).<\/p>\n<h6 style=\"text-align: center;\"><\/h6>\n<figure id=\"attachment_4897\" aria-describedby=\"caption-attachment-4897\" style=\"width: 800px\" class=\"wp-caption aligncenter\"><img decoding=\"async\" loading=\"lazy\" class=\"wp-image-4897 size-large\" src=\"https:\/\/filhosdaterra.org\/wp-content\/uploads\/2024\/05\/IMG_20240509_215930-2-1024x576.jpg\" alt=\"\" width=\"800\" height=\"450\" srcset=\"https:\/\/filhosdaterra.org\/wp-content\/uploads\/2024\/05\/IMG_20240509_215930-2-1024x576.jpg 1024w, https:\/\/filhosdaterra.org\/wp-content\/uploads\/2024\/05\/IMG_20240509_215930-2-300x169.jpg 300w, https:\/\/filhosdaterra.org\/wp-content\/uploads\/2024\/05\/IMG_20240509_215930-2-768x432.jpg 768w, https:\/\/filhosdaterra.org\/wp-content\/uploads\/2024\/05\/IMG_20240509_215930-2-1536x864.jpg 1536w, https:\/\/filhosdaterra.org\/wp-content\/uploads\/2024\/05\/IMG_20240509_215930-2-2048x1152.jpg 2048w, https:\/\/filhosdaterra.org\/wp-content\/uploads\/2024\/05\/IMG_20240509_215930-2-18x10.jpg 18w\" sizes=\"(max-width: 800px) 100vw, 800px\" \/><figcaption id=\"caption-attachment-4897\" class=\"wp-caption-text\">Mestre Jo\u00e3o Paulo do Maracatu Rural<\/figcaption><\/figure>\n<p>&nbsp;<\/p>\n<figure id=\"attachment_4895\" aria-describedby=\"caption-attachment-4895\" style=\"width: 800px\" class=\"wp-caption aligncenter\"><img decoding=\"async\" loading=\"lazy\" class=\"wp-image-4895 size-large\" src=\"https:\/\/filhosdaterra.org\/wp-content\/uploads\/2024\/05\/IMG_20240509_215543-2-1024x576.jpg\" alt=\"\" width=\"800\" height=\"450\" srcset=\"https:\/\/filhosdaterra.org\/wp-content\/uploads\/2024\/05\/IMG_20240509_215543-2-1024x576.jpg 1024w, https:\/\/filhosdaterra.org\/wp-content\/uploads\/2024\/05\/IMG_20240509_215543-2-300x169.jpg 300w, https:\/\/filhosdaterra.org\/wp-content\/uploads\/2024\/05\/IMG_20240509_215543-2-768x432.jpg 768w, https:\/\/filhosdaterra.org\/wp-content\/uploads\/2024\/05\/IMG_20240509_215543-2-1536x864.jpg 1536w, https:\/\/filhosdaterra.org\/wp-content\/uploads\/2024\/05\/IMG_20240509_215543-2-2048x1152.jpg 2048w, https:\/\/filhosdaterra.org\/wp-content\/uploads\/2024\/05\/IMG_20240509_215543-2-18x10.jpg 18w\" sizes=\"(max-width: 800px) 100vw, 800px\" \/><figcaption id=\"caption-attachment-4895\" class=\"wp-caption-text\">Mestre Jo\u00e3o Paulo, do Maracatu Rural, centro, e Felipe Guima do Grupo Seu Estrelo<\/figcaption><\/figure>\n<p>&nbsp;<\/p>\n<figure id=\"attachment_4891\" aria-describedby=\"caption-attachment-4891\" style=\"width: 800px\" class=\"wp-caption aligncenter\"><img decoding=\"async\" loading=\"lazy\" class=\"wp-image-4891\" src=\"https:\/\/filhosdaterra.org\/wp-content\/uploads\/2024\/05\/IMG_20240509_2211272-1-1.jpg\" alt=\"\" width=\"800\" height=\"520\" srcset=\"https:\/\/filhosdaterra.org\/wp-content\/uploads\/2024\/05\/IMG_20240509_2211272-1-1.jpg 1000w, https:\/\/filhosdaterra.org\/wp-content\/uploads\/2024\/05\/IMG_20240509_2211272-1-1-300x195.jpg 300w, https:\/\/filhosdaterra.org\/wp-content\/uploads\/2024\/05\/IMG_20240509_2211272-1-1-768x499.jpg 768w, https:\/\/filhosdaterra.org\/wp-content\/uploads\/2024\/05\/IMG_20240509_2211272-1-1-18x12.jpg 18w\" sizes=\"(max-width: 800px) 100vw, 800px\" \/><figcaption id=\"caption-attachment-4891\" class=\"wp-caption-text\">Mestre Jo\u00e3o Paulo do Maracatu Rural, esquerda, e o fot\u00f3grafo Eraldo Peres, do projeto Filhos da Terra<\/figcaption><\/figure>\n<p>(C) Fotos\/Shirley Fernandes<\/p>\n<h6 style=\"text-align: center;\"><\/h6>","protected":false},"excerpt":{"rendered":"<p>O soar dos tambores do Seu Estrelo nos tr\u00e1s as emo\u00e7\u00f5es, e os versos do Mestre Jo\u00e3o Paulo, do Maracatu Rural, nos tr\u00e1s os sonhos e os pensamentos. Essa imagem sintetiza a import\u00e2ncia e a beleza da abertura do \u201cEncontro de Mestres do Brasil\u201d, na noite desta quinta-feira no Espa\u00e7o Cultural Renato Russo. Um encontro [&hellip;]<\/p>","protected":false},"author":2,"featured_media":4893,"comment_status":"open","ping_status":"open","sticky":false,"template":"","format":"standard","meta":{"content-type":"","inline_featured_image":false,"footnotes":""},"categories":[5],"tags":[],"acf":[],"yoast_head":"<!-- This site is optimized with the Yoast SEO plugin v22.2 - https:\/\/yoast.com\/wordpress\/plugins\/seo\/ -->\n<title>Encontro de Mestres do Brasil 2024 - Filhos da Terra - Diversidade e Cultura<\/title>\n<meta name=\"robots\" content=\"index, follow, max-snippet:-1, max-image-preview:large, max-video-preview:-1\" \/>\n<link rel=\"canonical\" href=\"https:\/\/filhosdaterra.org\/en\/encontro-de-mestres-do-brasil-2024\/\" \/>\n<meta property=\"og:locale\" content=\"en_US\" \/>\n<meta property=\"og:type\" content=\"article\" \/>\n<meta property=\"og:title\" content=\"Encontro de Mestres do Brasil 2024 - Filhos da Terra - Diversidade e Cultura\" \/>\n<meta property=\"og:description\" content=\"O soar dos tambores do Seu Estrelo nos tr\u00e1s as emo\u00e7\u00f5es, e os versos do Mestre Jo\u00e3o Paulo, do Maracatu Rural, nos tr\u00e1s os sonhos e os pensamentos. Essa imagem sintetiza a import\u00e2ncia e a beleza da abertura do \u201cEncontro de Mestres do Brasil\u201d, na noite desta quinta-feira no Espa\u00e7o Cultural Renato Russo. Um encontro [&hellip;]\" \/>\n<meta property=\"og:url\" content=\"https:\/\/filhosdaterra.org\/en\/encontro-de-mestres-do-brasil-2024\/\" \/>\n<meta property=\"og:site_name\" content=\"Filhos da Terra - Diversidade e Cultura\" \/>\n<meta property=\"article:published_time\" content=\"2024-05-10T17:38:02+00:00\" \/>\n<meta property=\"article:modified_time\" content=\"2024-05-24T01:40:39+00:00\" \/>\n<meta property=\"og:image\" content=\"https:\/\/filhosdaterra.org\/wp-content\/uploads\/2024\/05\/Captura-de-Tela-2024-05-10-as-11.18.19-1.png\" \/>\n\t<meta property=\"og:image:width\" content=\"2036\" \/>\n\t<meta property=\"og:image:height\" content=\"994\" \/>\n\t<meta property=\"og:image:type\" content=\"image\/png\" \/>\n<meta name=\"author\" content=\"editor@\" \/>\n<meta name=\"twitter:card\" content=\"summary_large_image\" \/>\n<meta name=\"twitter:label1\" content=\"Written by\" \/>\n\t<meta name=\"twitter:data1\" content=\"editor@\" \/>\n\t<meta name=\"twitter:label2\" content=\"Est. reading time\" \/>\n\t<meta name=\"twitter:data2\" content=\"4 minutes\" \/>\n<script type=\"application\/ld+json\" class=\"yoast-schema-graph\">{\"@context\":\"https:\/\/schema.org\",\"@graph\":[{\"@type\":\"Article\",\"@id\":\"https:\/\/filhosdaterra.org\/encontro-de-mestres-do-brasil-2024\/#article\",\"isPartOf\":{\"@id\":\"https:\/\/filhosdaterra.org\/encontro-de-mestres-do-brasil-2024\/\"},\"author\":{\"name\":\"editor@\",\"@id\":\"https:\/\/filhosdaterra.org\/#\/schema\/person\/8d05d45ba91354cc38ecfc05c089c6d0\"},\"headline\":\"Encontro de Mestres do Brasil 2024\",\"datePublished\":\"2024-05-10T17:38:02+00:00\",\"dateModified\":\"2024-05-24T01:40:39+00:00\",\"mainEntityOfPage\":{\"@id\":\"https:\/\/filhosdaterra.org\/encontro-de-mestres-do-brasil-2024\/\"},\"wordCount\":438,\"commentCount\":0,\"publisher\":{\"@id\":\"https:\/\/filhosdaterra.org\/#organization\"},\"image\":{\"@id\":\"https:\/\/filhosdaterra.org\/encontro-de-mestres-do-brasil-2024\/#primaryimage\"},\"thumbnailUrl\":\"https:\/\/filhosdaterra.org\/wp-content\/uploads\/2024\/05\/Captura-de-Tela-2024-05-10-as-11.18.19-1.png\",\"articleSection\":[\"Blog\"],\"inLanguage\":\"en-US\",\"potentialAction\":[{\"@type\":\"CommentAction\",\"name\":\"Comment\",\"target\":[\"https:\/\/filhosdaterra.org\/encontro-de-mestres-do-brasil-2024\/#respond\"]}]},{\"@type\":\"WebPage\",\"@id\":\"https:\/\/filhosdaterra.org\/encontro-de-mestres-do-brasil-2024\/\",\"url\":\"https:\/\/filhosdaterra.org\/encontro-de-mestres-do-brasil-2024\/\",\"name\":\"Encontro de Mestres do Brasil 2024 - Filhos da Terra - Diversidade e Cultura\",\"isPartOf\":{\"@id\":\"https:\/\/filhosdaterra.org\/#website\"},\"primaryImageOfPage\":{\"@id\":\"https:\/\/filhosdaterra.org\/encontro-de-mestres-do-brasil-2024\/#primaryimage\"},\"image\":{\"@id\":\"https:\/\/filhosdaterra.org\/encontro-de-mestres-do-brasil-2024\/#primaryimage\"},\"thumbnailUrl\":\"https:\/\/filhosdaterra.org\/wp-content\/uploads\/2024\/05\/Captura-de-Tela-2024-05-10-as-11.18.19-1.png\",\"datePublished\":\"2024-05-10T17:38:02+00:00\",\"dateModified\":\"2024-05-24T01:40:39+00:00\",\"breadcrumb\":{\"@id\":\"https:\/\/filhosdaterra.org\/encontro-de-mestres-do-brasil-2024\/#breadcrumb\"},\"inLanguage\":\"en-US\",\"potentialAction\":[{\"@type\":\"ReadAction\",\"target\":[\"https:\/\/filhosdaterra.org\/encontro-de-mestres-do-brasil-2024\/\"]}]},{\"@type\":\"ImageObject\",\"inLanguage\":\"en-US\",\"@id\":\"https:\/\/filhosdaterra.org\/encontro-de-mestres-do-brasil-2024\/#primaryimage\",\"url\":\"https:\/\/filhosdaterra.org\/wp-content\/uploads\/2024\/05\/Captura-de-Tela-2024-05-10-as-11.18.19-1.png\",\"contentUrl\":\"https:\/\/filhosdaterra.org\/wp-content\/uploads\/2024\/05\/Captura-de-Tela-2024-05-10-as-11.18.19-1.png\",\"width\":2036,\"height\":994},{\"@type\":\"BreadcrumbList\",\"@id\":\"https:\/\/filhosdaterra.org\/encontro-de-mestres-do-brasil-2024\/#breadcrumb\",\"itemListElement\":[{\"@type\":\"ListItem\",\"position\":1,\"name\":\"In\u00edcio\",\"item\":\"https:\/\/filhosdaterra.org\/\"},{\"@type\":\"ListItem\",\"position\":2,\"name\":\"Encontro de Mestres do Brasil 2024\"}]},{\"@type\":\"WebSite\",\"@id\":\"https:\/\/filhosdaterra.org\/#website\",\"url\":\"https:\/\/filhosdaterra.org\/\",\"name\":\"Filhos da Terra - Diversidade e Cultura\",\"description\":\"O projeto busca documentar e mostrar ao Brasil quem \u00e9 o povo brasileiro, como s\u00e3o suas festas e celebra\u00e7\u00f5es.\",\"publisher\":{\"@id\":\"https:\/\/filhosdaterra.org\/#organization\"},\"potentialAction\":[{\"@type\":\"SearchAction\",\"target\":{\"@type\":\"EntryPoint\",\"urlTemplate\":\"https:\/\/filhosdaterra.org\/?s={search_term_string}\"},\"query-input\":\"required name=search_term_string\"}],\"inLanguage\":\"en-US\"},{\"@type\":\"Organization\",\"@id\":\"https:\/\/filhosdaterra.org\/#organization\",\"name\":\"Filhos da Terra - Diversidade e Cultura\",\"url\":\"https:\/\/filhosdaterra.org\/\",\"logo\":{\"@type\":\"ImageObject\",\"inLanguage\":\"en-US\",\"@id\":\"https:\/\/filhosdaterra.org\/#\/schema\/logo\/image\/\",\"url\":\"https:\/\/filhosdaterra.org\/wp-content\/uploads\/2022\/08\/logo-filhos-da-terra.png\",\"contentUrl\":\"https:\/\/filhosdaterra.org\/wp-content\/uploads\/2022\/08\/logo-filhos-da-terra.png\",\"width\":600,\"height\":517,\"caption\":\"Filhos da Terra - Diversidade e Cultura\"},\"image\":{\"@id\":\"https:\/\/filhosdaterra.org\/#\/schema\/logo\/image\/\"}},{\"@type\":\"Person\",\"@id\":\"https:\/\/filhosdaterra.org\/#\/schema\/person\/8d05d45ba91354cc38ecfc05c089c6d0\",\"name\":\"editor@\",\"image\":{\"@type\":\"ImageObject\",\"inLanguage\":\"en-US\",\"@id\":\"https:\/\/filhosdaterra.org\/#\/schema\/person\/image\/\",\"url\":\"https:\/\/secure.gravatar.com\/avatar\/f0ab3a18c92e84114ff42cb50aede4cc?s=96&d=mm&r=g\",\"contentUrl\":\"https:\/\/secure.gravatar.com\/avatar\/f0ab3a18c92e84114ff42cb50aede4cc?s=96&d=mm&r=g\",\"caption\":\"editor@\"},\"url\":\"https:\/\/filhosdaterra.org\/en\/author\/editor\/\"}]}<\/script>\n<!-- \/ Yoast SEO plugin. -->","yoast_head_json":{"title":"Encontro de Mestres do Brasil 2024 - Filhos da Terra - Diversidade e Cultura","robots":{"index":"index","follow":"follow","max-snippet":"max-snippet:-1","max-image-preview":"max-image-preview:large","max-video-preview":"max-video-preview:-1"},"canonical":"https:\/\/filhosdaterra.org\/en\/encontro-de-mestres-do-brasil-2024\/","og_locale":"en_US","og_type":"article","og_title":"Encontro de Mestres do Brasil 2024 - Filhos da Terra - Diversidade e Cultura","og_description":"O soar dos tambores do Seu Estrelo nos tr\u00e1s as emo\u00e7\u00f5es, e os versos do Mestre Jo\u00e3o Paulo, do Maracatu Rural, nos tr\u00e1s os sonhos e os pensamentos. Essa imagem sintetiza a import\u00e2ncia e a beleza da abertura do \u201cEncontro de Mestres do Brasil\u201d, na noite desta quinta-feira no Espa\u00e7o Cultural Renato Russo. Um encontro [&hellip;]","og_url":"https:\/\/filhosdaterra.org\/en\/encontro-de-mestres-do-brasil-2024\/","og_site_name":"Filhos da Terra - Diversidade e Cultura","article_published_time":"2024-05-10T17:38:02+00:00","article_modified_time":"2024-05-24T01:40:39+00:00","og_image":[{"width":2036,"height":994,"url":"https:\/\/filhosdaterra.org\/wp-content\/uploads\/2024\/05\/Captura-de-Tela-2024-05-10-as-11.18.19-1.png","type":"image\/png"}],"author":"editor@","twitter_card":"summary_large_image","twitter_misc":{"Written by":"editor@","Est. reading time":"4 minutes"},"schema":{"@context":"https:\/\/schema.org","@graph":[{"@type":"Article","@id":"https:\/\/filhosdaterra.org\/encontro-de-mestres-do-brasil-2024\/#article","isPartOf":{"@id":"https:\/\/filhosdaterra.org\/encontro-de-mestres-do-brasil-2024\/"},"author":{"name":"editor@","@id":"https:\/\/filhosdaterra.org\/#\/schema\/person\/8d05d45ba91354cc38ecfc05c089c6d0"},"headline":"Encontro de Mestres do Brasil 2024","datePublished":"2024-05-10T17:38:02+00:00","dateModified":"2024-05-24T01:40:39+00:00","mainEntityOfPage":{"@id":"https:\/\/filhosdaterra.org\/encontro-de-mestres-do-brasil-2024\/"},"wordCount":438,"commentCount":0,"publisher":{"@id":"https:\/\/filhosdaterra.org\/#organization"},"image":{"@id":"https:\/\/filhosdaterra.org\/encontro-de-mestres-do-brasil-2024\/#primaryimage"},"thumbnailUrl":"https:\/\/filhosdaterra.org\/wp-content\/uploads\/2024\/05\/Captura-de-Tela-2024-05-10-as-11.18.19-1.png","articleSection":["Blog"],"inLanguage":"en-US","potentialAction":[{"@type":"CommentAction","name":"Comment","target":["https:\/\/filhosdaterra.org\/encontro-de-mestres-do-brasil-2024\/#respond"]}]},{"@type":"WebPage","@id":"https:\/\/filhosdaterra.org\/encontro-de-mestres-do-brasil-2024\/","url":"https:\/\/filhosdaterra.org\/encontro-de-mestres-do-brasil-2024\/","name":"Encontro de Mestres do Brasil 2024 - Filhos da Terra - Diversidade e Cultura","isPartOf":{"@id":"https:\/\/filhosdaterra.org\/#website"},"primaryImageOfPage":{"@id":"https:\/\/filhosdaterra.org\/encontro-de-mestres-do-brasil-2024\/#primaryimage"},"image":{"@id":"https:\/\/filhosdaterra.org\/encontro-de-mestres-do-brasil-2024\/#primaryimage"},"thumbnailUrl":"https:\/\/filhosdaterra.org\/wp-content\/uploads\/2024\/05\/Captura-de-Tela-2024-05-10-as-11.18.19-1.png","datePublished":"2024-05-10T17:38:02+00:00","dateModified":"2024-05-24T01:40:39+00:00","breadcrumb":{"@id":"https:\/\/filhosdaterra.org\/encontro-de-mestres-do-brasil-2024\/#breadcrumb"},"inLanguage":"en-US","potentialAction":[{"@type":"ReadAction","target":["https:\/\/filhosdaterra.org\/encontro-de-mestres-do-brasil-2024\/"]}]},{"@type":"ImageObject","inLanguage":"en-US","@id":"https:\/\/filhosdaterra.org\/encontro-de-mestres-do-brasil-2024\/#primaryimage","url":"https:\/\/filhosdaterra.org\/wp-content\/uploads\/2024\/05\/Captura-de-Tela-2024-05-10-as-11.18.19-1.png","contentUrl":"https:\/\/filhosdaterra.org\/wp-content\/uploads\/2024\/05\/Captura-de-Tela-2024-05-10-as-11.18.19-1.png","width":2036,"height":994},{"@type":"BreadcrumbList","@id":"https:\/\/filhosdaterra.org\/encontro-de-mestres-do-brasil-2024\/#breadcrumb","itemListElement":[{"@type":"ListItem","position":1,"name":"In\u00edcio","item":"https:\/\/filhosdaterra.org\/"},{"@type":"ListItem","position":2,"name":"Encontro de Mestres do Brasil 2024"}]},{"@type":"WebSite","@id":"https:\/\/filhosdaterra.org\/#website","url":"https:\/\/filhosdaterra.org\/","name":"Filhos da Terra - Diversidade e Cultura","description":"O projeto busca documentar e mostrar ao Brasil quem \u00e9 o povo brasileiro, como s\u00e3o suas festas e celebra\u00e7\u00f5es.","publisher":{"@id":"https:\/\/filhosdaterra.org\/#organization"},"potentialAction":[{"@type":"SearchAction","target":{"@type":"EntryPoint","urlTemplate":"https:\/\/filhosdaterra.org\/?s={search_term_string}"},"query-input":"required name=search_term_string"}],"inLanguage":"en-US"},{"@type":"Organization","@id":"https:\/\/filhosdaterra.org\/#organization","name":"Filhos da Terra - Diversidade e Cultura","url":"https:\/\/filhosdaterra.org\/","logo":{"@type":"ImageObject","inLanguage":"en-US","@id":"https:\/\/filhosdaterra.org\/#\/schema\/logo\/image\/","url":"https:\/\/filhosdaterra.org\/wp-content\/uploads\/2022\/08\/logo-filhos-da-terra.png","contentUrl":"https:\/\/filhosdaterra.org\/wp-content\/uploads\/2022\/08\/logo-filhos-da-terra.png","width":600,"height":517,"caption":"Filhos da Terra - Diversidade e Cultura"},"image":{"@id":"https:\/\/filhosdaterra.org\/#\/schema\/logo\/image\/"}},{"@type":"Person","@id":"https:\/\/filhosdaterra.org\/#\/schema\/person\/8d05d45ba91354cc38ecfc05c089c6d0","name":"editor@","image":{"@type":"ImageObject","inLanguage":"en-US","@id":"https:\/\/filhosdaterra.org\/#\/schema\/person\/image\/","url":"https:\/\/secure.gravatar.com\/avatar\/f0ab3a18c92e84114ff42cb50aede4cc?s=96&d=mm&r=g","contentUrl":"https:\/\/secure.gravatar.com\/avatar\/f0ab3a18c92e84114ff42cb50aede4cc?s=96&d=mm&r=g","caption":"editor@"},"url":"https:\/\/filhosdaterra.org\/en\/author\/editor\/"}]}},"_links":{"self":[{"href":"https:\/\/filhosdaterra.org\/en\/wp-json\/wp\/v2\/posts\/4869"}],"collection":[{"href":"https:\/\/filhosdaterra.org\/en\/wp-json\/wp\/v2\/posts"}],"about":[{"href":"https:\/\/filhosdaterra.org\/en\/wp-json\/wp\/v2\/types\/post"}],"author":[{"embeddable":true,"href":"https:\/\/filhosdaterra.org\/en\/wp-json\/wp\/v2\/users\/2"}],"replies":[{"embeddable":true,"href":"https:\/\/filhosdaterra.org\/en\/wp-json\/wp\/v2\/comments?post=4869"}],"version-history":[{"count":14,"href":"https:\/\/filhosdaterra.org\/en\/wp-json\/wp\/v2\/posts\/4869\/revisions"}],"predecessor-version":[{"id":4975,"href":"https:\/\/filhosdaterra.org\/en\/wp-json\/wp\/v2\/posts\/4869\/revisions\/4975"}],"wp:featuredmedia":[{"embeddable":true,"href":"https:\/\/filhosdaterra.org\/en\/wp-json\/wp\/v2\/media\/4893"}],"wp:attachment":[{"href":"https:\/\/filhosdaterra.org\/en\/wp-json\/wp\/v2\/media?parent=4869"}],"wp:term":[{"taxonomy":"category","embeddable":true,"href":"https:\/\/filhosdaterra.org\/en\/wp-json\/wp\/v2\/categories?post=4869"},{"taxonomy":"post_tag","embeddable":true,"href":"https:\/\/filhosdaterra.org\/en\/wp-json\/wp\/v2\/tags?post=4869"}],"curies":[{"name":"wp","href":"https:\/\/api.w.org\/{rel}","templated":true}]}}