{"id":485,"date":"2022-09-21T16:44:37","date_gmt":"2022-09-21T19:44:37","guid":{"rendered":"https:\/\/filhosdaterra.org\/?p=485"},"modified":"2023-11-17T11:08:39","modified_gmt":"2023-11-17T14:08:39","slug":"iphan-oferece-curso-livre-de-folclore-e-cultura-popular","status":"publish","type":"post","link":"https:\/\/filhosdaterra.org\/en\/iphan-oferece-curso-livre-de-folclore-e-cultura-popular\/","title":{"rendered":"Iphan oferece curso livre de Folclore e Cultura Popular"},"content":{"rendered":"<p class=\"has-small-font-size\">17 de jul. de 2019<\/p>\r\n\r\n\r\n\r\n<h1 class=\"has-small-font-size wp-block-heading\">O Centro Nacional de Folclore e Cultura Popular do Instituto do Patrim\u00f4nio Hist\u00f3rico e Art\u00edstico Nacional (CNFCP\/Iphan) realizar\u00e1, de 22 a 26 de julho, a 14\u00aa edi\u00e7\u00e3o do Curso Livre de Folclore e Cultura Popular. O tema este ano ser\u00e1 Sonoridades contempor\u00e2neas e visa trazer reflex\u00f5es que relacionam pr\u00e1ticas e express\u00f5es sonoro-musicais com seus significados dentro dos contextos sociais.\u00a0<\/h1>\r\n\r\n\r\n\r\n<p class=\"has-small-font-size\">As inscri\u00e7\u00f5es ficam abertas de 1\u00ba a 19 de julho, sendo oferecidas 50 vagas para participa\u00e7\u00e3o livre. \u00c9 necess\u00e1rio fazer uma pr\u00e9-inscri\u00e7\u00e3o pelo e-mail atendimento.cnfcp@iphan.gov.br, depositar a taxa de R$50 e enviar o comprovante para, s\u00f3 ent\u00e3o, ter confirmada a inscri\u00e7\u00e3o. O local do curso ser\u00e1 a Sala Multim\u00eddia do Museu de Folclore Edison Carneiro.<\/p>\r\n\r\n\r\n\r\n<p class=\"has-small-font-size\">A iniciativa que conta com a parceria da Associa\u00e7\u00e3o de Amigos do Museu de Folclore Edison Carneiro (Acamufec) ser\u00e1 de 40 horas tendo ao final, o certificado de participa\u00e7\u00e3o, mediante o comparecimento de pelo menos 75% das aulas. Entre os temas abordados est\u00e3o: Sonoridades, pol\u00edticas culturais e transforma\u00e7\u00e3o social; Paisagens sonoras: m\u00fasica, oralidade e lugares; A m\u00fasica entre o real e o virtual: M\u00eddia, patrim\u00f4nios e mercado; Sonoridades e circularidades das tradi\u00e7\u00f5es; Sons e corporalidade; A festa, a m\u00fasica e o corpo; e Sons do Sagrado.<\/p>\r\n\r\n\r\n\r\n<p class=\"has-small-font-size\"><strong>Sobre o tema do curso<\/strong> A primeira edi\u00e7\u00e3o ocorreu em 2001 e, ao longo dos anos, foi abordada uma s\u00e9rie de tem\u00e1ticas no campo do folclore e cultura popular. Esta edi\u00e7\u00e3o foi pensada em homenagem \u00e0 professora Maria Elisabeth Travassos (1955 \u2013 2013) que coordenou a \u00e1rea de M\u00fasica do CNFCP de 1982 a 1996, sendo respons\u00e1vel pela organiza\u00e7\u00e3o da cole\u00e7\u00e3o de registros audiovisuais, edi\u00e7\u00e3o e<\/p>\r\n\r\n\r\n\r\n<p class=\"has-small-font-size\">pesquisa de campo. Quando institu\u00eddo o Programa do Patrim\u00f4nio Imaterial, a professora foi consultora no invent\u00e1rio para o Registro do Jongo do Sudeste e no Projeto Celebra\u00e7\u00f5es e Saberes, desenvolvido pelo Centro.<\/p>\r\n\r\n\r\n\r\n<p class=\"has-small-font-size\">Em 1997, passou a integrar o corpo docente do Centro de Letras e Artes da Universidade Federal do Rio de Janeiro (Uni- Rio). Com s\u00f3lida forma\u00e7\u00e3o intelectual em M\u00fasica e Antropologia, Elisabeth Travassos possu\u00eda vasta experi\u00eancia em pesquisa de campo de tradi\u00e7\u00f5es orais, bem como em pesquisa documental. Investigou a rela\u00e7\u00e3o entre o xamanismo e a m\u00fasica Kayabi no Parque do Xingu, e fez um estudo comparativo sobre o ide\u00e1rio est\u00e9tico dos pesquisadores modernistas de tradi\u00e7\u00f5es populares \u2013 M\u00e1rio de Andrade e o h\u00fangaro Bela Bart\u00f3k.<\/p>\r\n\r\n\r\n\r\n<p class=\"has-small-font-size\"><strong>Servi\u00e7o Curso Livre de Folclore e Cultura Popular<\/strong>\u00a0<\/p>\r\n\r\n\r\n\r\n<p class=\"has-small-font-size\"><strong>Per\u00edodo:<\/strong> 22 a 26 de julho de 2019\u00a0<\/p>\r\n\r\n\r\n\r\n<p class=\"has-small-font-size\"><strong>Carga hor\u00e1ria:<\/strong> 40 horas\u00a0<\/p>\r\n\r\n\r\n\r\n<p class=\"has-small-font-size\"><strong>Hor\u00e1rio:<\/strong> 9h \u00e0s 18h\u00a0<\/p>\r\n\r\n\r\n\r\n<p class=\"has-small-font-size\"><strong>Pr\u00e9-inscri\u00e7\u00f5es:<\/strong> 01 a 19 de julho de 2019\u00a0<\/p>\r\n\r\n\r\n\r\n<p class=\"has-small-font-size\"><strong>E-mail:<\/strong> atendimento.cnfcp@iphan.gov.br\u00a0<\/p>\r\n\r\n\r\n\r\n<p class=\"has-small-font-size\"><strong>Vagas:<\/strong> 50\u00a0<\/p>\r\n\r\n\r\n\r\n<p class=\"has-small-font-size\"><strong>Local:<\/strong> Sala Multim\u00eddia do Museu de Folclore Edison Carneiro<\/p>\r\n\r\n\r\n\r\n<p class=\"has-small-font-size\"><strong>Endere\u00e7o:<\/strong> Rua do Catete, 179 (esta\u00e7\u00e3o Catete do metr\u00f4) &#8211; Rio de Janeiro, RJ<\/p>","protected":false},"excerpt":{"rendered":"<p>17 de jul. de 2019 O Centro Nacional de Folclore e Cultura Popular do Instituto do Patrim\u00f4nio Hist\u00f3rico e Art\u00edstico Nacional (CNFCP\/Iphan) realizar\u00e1, de 22 a 26 de julho, a 14\u00aa edi\u00e7\u00e3o do Curso Livre de Folclore e Cultura Popular. O tema este ano ser\u00e1 Sonoridades contempor\u00e2neas e visa trazer reflex\u00f5es que relacionam pr\u00e1ticas e [&hellip;]<\/p>","protected":false},"author":2,"featured_media":0,"comment_status":"open","ping_status":"open","sticky":false,"template":"","format":"standard","meta":{"content-type":"","inline_featured_image":false,"footnotes":""},"categories":[5],"tags":[],"acf":[],"yoast_head":"<!-- This site is optimized with the Yoast SEO plugin v22.2 - https:\/\/yoast.com\/wordpress\/plugins\/seo\/ -->\n<title>Iphan oferece curso livre de Folclore e Cultura Popular - Filhos da Terra - Diversidade e Cultura<\/title>\n<meta name=\"robots\" content=\"index, follow, max-snippet:-1, max-image-preview:large, max-video-preview:-1\" \/>\n<link rel=\"canonical\" href=\"https:\/\/filhosdaterra.org\/en\/iphan-oferece-curso-livre-de-folclore-e-cultura-popular\/\" \/>\n<meta property=\"og:locale\" content=\"en_US\" \/>\n<meta property=\"og:type\" content=\"article\" \/>\n<meta property=\"og:title\" content=\"Iphan oferece curso livre de Folclore e Cultura Popular - Filhos da Terra - Diversidade e Cultura\" \/>\n<meta property=\"og:description\" content=\"17 de jul. de 2019 O Centro Nacional de Folclore e Cultura Popular do Instituto do Patrim\u00f4nio Hist\u00f3rico e Art\u00edstico Nacional (CNFCP\/Iphan) realizar\u00e1, de 22 a 26 de julho, a 14\u00aa edi\u00e7\u00e3o do Curso Livre de Folclore e Cultura Popular. O tema este ano ser\u00e1 Sonoridades contempor\u00e2neas e visa trazer reflex\u00f5es que relacionam pr\u00e1ticas e [&hellip;]\" \/>\n<meta property=\"og:url\" content=\"https:\/\/filhosdaterra.org\/en\/iphan-oferece-curso-livre-de-folclore-e-cultura-popular\/\" \/>\n<meta property=\"og:site_name\" content=\"Filhos da Terra - Diversidade e Cultura\" \/>\n<meta property=\"article:published_time\" content=\"2022-09-21T19:44:37+00:00\" \/>\n<meta property=\"article:modified_time\" content=\"2023-11-17T14:08:39+00:00\" \/>\n<meta property=\"og:image\" content=\"https:\/\/filhosdaterra.org\/wp-content\/uploads\/2024\/03\/placeholder.png\" \/>\n\t<meta property=\"og:image:width\" content=\"1200\" \/>\n\t<meta property=\"og:image:height\" content=\"675\" \/>\n\t<meta property=\"og:image:type\" content=\"image\/png\" \/>\n<meta name=\"author\" content=\"editor@\" \/>\n<meta name=\"twitter:card\" content=\"summary_large_image\" \/>\n<meta name=\"twitter:label1\" content=\"Written by\" \/>\n\t<meta name=\"twitter:data1\" content=\"editor@\" \/>\n\t<meta name=\"twitter:label2\" content=\"Est. reading time\" \/>\n\t<meta name=\"twitter:data2\" content=\"2 minutes\" \/>\n<script type=\"application\/ld+json\" class=\"yoast-schema-graph\">{\"@context\":\"https:\/\/schema.org\",\"@graph\":[{\"@type\":\"Article\",\"@id\":\"https:\/\/filhosdaterra.org\/iphan-oferece-curso-livre-de-folclore-e-cultura-popular\/#article\",\"isPartOf\":{\"@id\":\"https:\/\/filhosdaterra.org\/iphan-oferece-curso-livre-de-folclore-e-cultura-popular\/\"},\"author\":{\"name\":\"editor@\",\"@id\":\"https:\/\/filhosdaterra.org\/#\/schema\/person\/8d05d45ba91354cc38ecfc05c089c6d0\"},\"headline\":\"Iphan oferece curso livre de Folclore e Cultura Popular\",\"datePublished\":\"2022-09-21T19:44:37+00:00\",\"dateModified\":\"2023-11-17T14:08:39+00:00\",\"mainEntityOfPage\":{\"@id\":\"https:\/\/filhosdaterra.org\/iphan-oferece-curso-livre-de-folclore-e-cultura-popular\/\"},\"wordCount\":500,\"commentCount\":0,\"publisher\":{\"@id\":\"https:\/\/filhosdaterra.org\/#organization\"},\"articleSection\":[\"Blog\"],\"inLanguage\":\"en-US\",\"potentialAction\":[{\"@type\":\"CommentAction\",\"name\":\"Comment\",\"target\":[\"https:\/\/filhosdaterra.org\/iphan-oferece-curso-livre-de-folclore-e-cultura-popular\/#respond\"]}]},{\"@type\":\"WebPage\",\"@id\":\"https:\/\/filhosdaterra.org\/iphan-oferece-curso-livre-de-folclore-e-cultura-popular\/\",\"url\":\"https:\/\/filhosdaterra.org\/iphan-oferece-curso-livre-de-folclore-e-cultura-popular\/\",\"name\":\"Iphan oferece curso livre de Folclore e Cultura Popular - Filhos da Terra - Diversidade e Cultura\",\"isPartOf\":{\"@id\":\"https:\/\/filhosdaterra.org\/#website\"},\"datePublished\":\"2022-09-21T19:44:37+00:00\",\"dateModified\":\"2023-11-17T14:08:39+00:00\",\"breadcrumb\":{\"@id\":\"https:\/\/filhosdaterra.org\/iphan-oferece-curso-livre-de-folclore-e-cultura-popular\/#breadcrumb\"},\"inLanguage\":\"en-US\",\"potentialAction\":[{\"@type\":\"ReadAction\",\"target\":[\"https:\/\/filhosdaterra.org\/iphan-oferece-curso-livre-de-folclore-e-cultura-popular\/\"]}]},{\"@type\":\"BreadcrumbList\",\"@id\":\"https:\/\/filhosdaterra.org\/iphan-oferece-curso-livre-de-folclore-e-cultura-popular\/#breadcrumb\",\"itemListElement\":[{\"@type\":\"ListItem\",\"position\":1,\"name\":\"In\u00edcio\",\"item\":\"https:\/\/filhosdaterra.org\/\"},{\"@type\":\"ListItem\",\"position\":2,\"name\":\"Iphan oferece curso livre de Folclore e Cultura Popular\"}]},{\"@type\":\"WebSite\",\"@id\":\"https:\/\/filhosdaterra.org\/#website\",\"url\":\"https:\/\/filhosdaterra.org\/\",\"name\":\"Filhos da Terra - Diversidade e Cultura\",\"description\":\"O projeto busca documentar e mostrar ao Brasil quem \u00e9 o povo brasileiro, como s\u00e3o suas festas e celebra\u00e7\u00f5es.\",\"publisher\":{\"@id\":\"https:\/\/filhosdaterra.org\/#organization\"},\"potentialAction\":[{\"@type\":\"SearchAction\",\"target\":{\"@type\":\"EntryPoint\",\"urlTemplate\":\"https:\/\/filhosdaterra.org\/?s={search_term_string}\"},\"query-input\":\"required name=search_term_string\"}],\"inLanguage\":\"en-US\"},{\"@type\":\"Organization\",\"@id\":\"https:\/\/filhosdaterra.org\/#organization\",\"name\":\"Filhos da Terra - Diversidade e Cultura\",\"url\":\"https:\/\/filhosdaterra.org\/\",\"logo\":{\"@type\":\"ImageObject\",\"inLanguage\":\"en-US\",\"@id\":\"https:\/\/filhosdaterra.org\/#\/schema\/logo\/image\/\",\"url\":\"https:\/\/filhosdaterra.org\/wp-content\/uploads\/2022\/08\/logo-filhos-da-terra.png\",\"contentUrl\":\"https:\/\/filhosdaterra.org\/wp-content\/uploads\/2022\/08\/logo-filhos-da-terra.png\",\"width\":600,\"height\":517,\"caption\":\"Filhos da Terra - Diversidade e Cultura\"},\"image\":{\"@id\":\"https:\/\/filhosdaterra.org\/#\/schema\/logo\/image\/\"}},{\"@type\":\"Person\",\"@id\":\"https:\/\/filhosdaterra.org\/#\/schema\/person\/8d05d45ba91354cc38ecfc05c089c6d0\",\"name\":\"editor@\",\"image\":{\"@type\":\"ImageObject\",\"inLanguage\":\"en-US\",\"@id\":\"https:\/\/filhosdaterra.org\/#\/schema\/person\/image\/\",\"url\":\"https:\/\/secure.gravatar.com\/avatar\/f0ab3a18c92e84114ff42cb50aede4cc?s=96&d=mm&r=g\",\"contentUrl\":\"https:\/\/secure.gravatar.com\/avatar\/f0ab3a18c92e84114ff42cb50aede4cc?s=96&d=mm&r=g\",\"caption\":\"editor@\"},\"url\":\"https:\/\/filhosdaterra.org\/en\/author\/editor\/\"}]}<\/script>\n<!-- \/ Yoast SEO plugin. -->","yoast_head_json":{"title":"Iphan oferece curso livre de Folclore e Cultura Popular - Filhos da Terra - Diversidade e Cultura","robots":{"index":"index","follow":"follow","max-snippet":"max-snippet:-1","max-image-preview":"max-image-preview:large","max-video-preview":"max-video-preview:-1"},"canonical":"https:\/\/filhosdaterra.org\/en\/iphan-oferece-curso-livre-de-folclore-e-cultura-popular\/","og_locale":"en_US","og_type":"article","og_title":"Iphan oferece curso livre de Folclore e Cultura Popular - Filhos da Terra - Diversidade e Cultura","og_description":"17 de jul. de 2019 O Centro Nacional de Folclore e Cultura Popular do Instituto do Patrim\u00f4nio Hist\u00f3rico e Art\u00edstico Nacional (CNFCP\/Iphan) realizar\u00e1, de 22 a 26 de julho, a 14\u00aa edi\u00e7\u00e3o do Curso Livre de Folclore e Cultura Popular. O tema este ano ser\u00e1 Sonoridades contempor\u00e2neas e visa trazer reflex\u00f5es que relacionam pr\u00e1ticas e [&hellip;]","og_url":"https:\/\/filhosdaterra.org\/en\/iphan-oferece-curso-livre-de-folclore-e-cultura-popular\/","og_site_name":"Filhos da Terra - Diversidade e Cultura","article_published_time":"2022-09-21T19:44:37+00:00","article_modified_time":"2023-11-17T14:08:39+00:00","og_image":[{"width":1200,"height":675,"url":"https:\/\/filhosdaterra.org\/wp-content\/uploads\/2024\/03\/placeholder.png","type":"image\/png"}],"author":"editor@","twitter_card":"summary_large_image","twitter_misc":{"Written by":"editor@","Est. reading time":"2 minutes"},"schema":{"@context":"https:\/\/schema.org","@graph":[{"@type":"Article","@id":"https:\/\/filhosdaterra.org\/iphan-oferece-curso-livre-de-folclore-e-cultura-popular\/#article","isPartOf":{"@id":"https:\/\/filhosdaterra.org\/iphan-oferece-curso-livre-de-folclore-e-cultura-popular\/"},"author":{"name":"editor@","@id":"https:\/\/filhosdaterra.org\/#\/schema\/person\/8d05d45ba91354cc38ecfc05c089c6d0"},"headline":"Iphan oferece curso livre de Folclore e Cultura Popular","datePublished":"2022-09-21T19:44:37+00:00","dateModified":"2023-11-17T14:08:39+00:00","mainEntityOfPage":{"@id":"https:\/\/filhosdaterra.org\/iphan-oferece-curso-livre-de-folclore-e-cultura-popular\/"},"wordCount":500,"commentCount":0,"publisher":{"@id":"https:\/\/filhosdaterra.org\/#organization"},"articleSection":["Blog"],"inLanguage":"en-US","potentialAction":[{"@type":"CommentAction","name":"Comment","target":["https:\/\/filhosdaterra.org\/iphan-oferece-curso-livre-de-folclore-e-cultura-popular\/#respond"]}]},{"@type":"WebPage","@id":"https:\/\/filhosdaterra.org\/iphan-oferece-curso-livre-de-folclore-e-cultura-popular\/","url":"https:\/\/filhosdaterra.org\/iphan-oferece-curso-livre-de-folclore-e-cultura-popular\/","name":"Iphan oferece curso livre de Folclore e Cultura Popular - Filhos da Terra - Diversidade e Cultura","isPartOf":{"@id":"https:\/\/filhosdaterra.org\/#website"},"datePublished":"2022-09-21T19:44:37+00:00","dateModified":"2023-11-17T14:08:39+00:00","breadcrumb":{"@id":"https:\/\/filhosdaterra.org\/iphan-oferece-curso-livre-de-folclore-e-cultura-popular\/#breadcrumb"},"inLanguage":"en-US","potentialAction":[{"@type":"ReadAction","target":["https:\/\/filhosdaterra.org\/iphan-oferece-curso-livre-de-folclore-e-cultura-popular\/"]}]},{"@type":"BreadcrumbList","@id":"https:\/\/filhosdaterra.org\/iphan-oferece-curso-livre-de-folclore-e-cultura-popular\/#breadcrumb","itemListElement":[{"@type":"ListItem","position":1,"name":"In\u00edcio","item":"https:\/\/filhosdaterra.org\/"},{"@type":"ListItem","position":2,"name":"Iphan oferece curso livre de Folclore e Cultura Popular"}]},{"@type":"WebSite","@id":"https:\/\/filhosdaterra.org\/#website","url":"https:\/\/filhosdaterra.org\/","name":"Filhos da Terra - Diversidade e Cultura","description":"O projeto busca documentar e mostrar ao Brasil quem \u00e9 o povo brasileiro, como s\u00e3o suas festas e celebra\u00e7\u00f5es.","publisher":{"@id":"https:\/\/filhosdaterra.org\/#organization"},"potentialAction":[{"@type":"SearchAction","target":{"@type":"EntryPoint","urlTemplate":"https:\/\/filhosdaterra.org\/?s={search_term_string}"},"query-input":"required name=search_term_string"}],"inLanguage":"en-US"},{"@type":"Organization","@id":"https:\/\/filhosdaterra.org\/#organization","name":"Filhos da Terra - Diversidade e Cultura","url":"https:\/\/filhosdaterra.org\/","logo":{"@type":"ImageObject","inLanguage":"en-US","@id":"https:\/\/filhosdaterra.org\/#\/schema\/logo\/image\/","url":"https:\/\/filhosdaterra.org\/wp-content\/uploads\/2022\/08\/logo-filhos-da-terra.png","contentUrl":"https:\/\/filhosdaterra.org\/wp-content\/uploads\/2022\/08\/logo-filhos-da-terra.png","width":600,"height":517,"caption":"Filhos da Terra - Diversidade e Cultura"},"image":{"@id":"https:\/\/filhosdaterra.org\/#\/schema\/logo\/image\/"}},{"@type":"Person","@id":"https:\/\/filhosdaterra.org\/#\/schema\/person\/8d05d45ba91354cc38ecfc05c089c6d0","name":"editor@","image":{"@type":"ImageObject","inLanguage":"en-US","@id":"https:\/\/filhosdaterra.org\/#\/schema\/person\/image\/","url":"https:\/\/secure.gravatar.com\/avatar\/f0ab3a18c92e84114ff42cb50aede4cc?s=96&d=mm&r=g","contentUrl":"https:\/\/secure.gravatar.com\/avatar\/f0ab3a18c92e84114ff42cb50aede4cc?s=96&d=mm&r=g","caption":"editor@"},"url":"https:\/\/filhosdaterra.org\/en\/author\/editor\/"}]}},"_links":{"self":[{"href":"https:\/\/filhosdaterra.org\/en\/wp-json\/wp\/v2\/posts\/485"}],"collection":[{"href":"https:\/\/filhosdaterra.org\/en\/wp-json\/wp\/v2\/posts"}],"about":[{"href":"https:\/\/filhosdaterra.org\/en\/wp-json\/wp\/v2\/types\/post"}],"author":[{"embeddable":true,"href":"https:\/\/filhosdaterra.org\/en\/wp-json\/wp\/v2\/users\/2"}],"replies":[{"embeddable":true,"href":"https:\/\/filhosdaterra.org\/en\/wp-json\/wp\/v2\/comments?post=485"}],"version-history":[{"count":2,"href":"https:\/\/filhosdaterra.org\/en\/wp-json\/wp\/v2\/posts\/485\/revisions"}],"predecessor-version":[{"id":3227,"href":"https:\/\/filhosdaterra.org\/en\/wp-json\/wp\/v2\/posts\/485\/revisions\/3227"}],"wp:attachment":[{"href":"https:\/\/filhosdaterra.org\/en\/wp-json\/wp\/v2\/media?parent=485"}],"wp:term":[{"taxonomy":"category","embeddable":true,"href":"https:\/\/filhosdaterra.org\/en\/wp-json\/wp\/v2\/categories?post=485"},{"taxonomy":"post_tag","embeddable":true,"href":"https:\/\/filhosdaterra.org\/en\/wp-json\/wp\/v2\/tags?post=485"}],"curies":[{"name":"wp","href":"https:\/\/api.w.org\/{rel}","templated":true}]}}