{"id":483,"date":"2022-09-21T16:44:37","date_gmt":"2022-09-21T19:44:37","guid":{"rendered":"https:\/\/filhosdaterra.org\/?p=483"},"modified":"2023-11-17T11:08:33","modified_gmt":"2023-11-17T14:08:33","slug":"projeto-filhos-da-terra-e-selecionado-na-etapa-estadual-do-premio-rodrigo-melo-franco-2019","status":"publish","type":"post","link":"https:\/\/filhosdaterra.org\/en\/projeto-filhos-da-terra-e-selecionado-na-etapa-estadual-do-premio-rodrigo-melo-franco-2019\/","title":{"rendered":"Projeto Filhos da Terra \u00e9 selecionado na etapa estadual do Pr\u00eamio Rodrigo Melo Franco 2019"},"content":{"rendered":"<p class=\"has-small-font-size\">17 de jul. de 2019<\/p>\r\n\r\n\r\n\r\n<h1 class=\"has-small-font-size wp-block-heading\"><em>Pr\u00eamio Rodrigo 2019: Projetos selecionados na etapa estadual seguem para disputa nacional que vai premiar oito iniciativas culturais<\/em><\/h1>\r\n\r\n\r\n\r\n<h1 class=\"has-small-font-size wp-block-heading\">O<a href=\"https:\/\/filhosdaterra.org\/en\/\"> <strong>Projeto Filhos da Terra &#8211; Um olhar sobre a diversidade cultural brasileira<\/strong><\/a> foi um dos 99 projetos selecionados na etapa estadual do<a href=\"http:\/\/portal.iphan.gov.br\/editais\/detalhes\/259\/32a-edicao-do-premio-rodrigo-melo-franco-de-andrade2019\"> Pr\u00eamio Rodrigo Melo Franco 2019<\/a> realizado pelo Instituto do Patrim\u00f4nio Hist\u00f3rico e Art\u00edstico Nacional (Iphan). O Projeto, que realiza a pesquisa e documenta\u00e7\u00e3o fotogr\u00e1fica da cultura popular brasileira, concorre na <strong>Categoria 2 &#8211; Iniciativas de excel\u00eancia no campo do Patrim\u00f4nio Cultural Imaterial.<\/strong><\/h1>\r\n\r\n\r\n\r\n<h1 class=\"has-small-font-size wp-block-heading\">Para Eraldo Peres, fot\u00f3grafo e idealizador do Filhos da Terra, &#8220;ter o projeto selecionado na etapa estadual j\u00e1 \u00e9 um reconhecimento de que estamos no caminho certo. \u00c9 uma vit\u00f3ria para todos os grupos e mestres e mestras da cultura popular que participaram do projeto, sem eles isso n\u00e3o seria poss\u00edvel&#8221;.<\/h1>\r\n\r\n\r\n\r\n<p class=\"has-small-font-size\">Al\u00e9m de Eraldo, participam da equipe principal do Projeto Filhos da Terra a gestora cultural e fot\u00f3grafa Carol Peres, a professora e pesquisadora da UnB e do Instituto Rio Branco, Ang\u00e9lica Madeira, e o professor e pesquisador da UnB, UFS e UFBA, Clovis Carvalho Britto.<\/p>\r\n\r\n\r\n\r\n<p class=\"has-small-font-size\">A Comiss\u00e3o Nacional de Avalia\u00e7\u00e3o se reunir\u00e1 nos dias 26, 27 e 28 de agosto, na sede do Iphan em Bras\u00edlia, para definir quais ser\u00e3o os oito vencedores da maior premia\u00e7\u00e3o do Patrim\u00f4nio Cultural Brasileiro. O resultado final do concurso dever\u00e1 ser divulgado at\u00e9 o dia 05 de setembro. Cada premiado receber\u00e1 um valor de R$30 mil e cerim\u00f4nia de premia\u00e7\u00e3o e celebra\u00e7\u00e3o da 32\u00aa edi\u00e7\u00e3o do Pr\u00eamio Rodrigo acontecer\u00e1 em Porto Alegre, capital do Rio Grande do Sul.<\/p>\r\n\r\n\r\n\r\n<p class=\"has-small-font-size\"><strong>DF na rota do Patrim\u00f4nio Cultural<\/strong><\/p>\r\n\r\n\r\n\r\n<p class=\"has-small-font-size\">Al\u00e9m do Projeto Filhos da Terra, outras tr\u00eas iniciativas culturais est\u00e3o entre os selecionados para a etapa nacional do Pr\u00eamio Rodrigo 2019: os projetos <strong><em>Invent\u00e1rio de Cenas: mapeamento de fontes sobre o teatro<\/em><\/strong> e <strong><em>Arte por toda Casa &#8211; Este Patrim\u00f4nio tamb\u00e9m \u00e9 seu<\/em><\/strong>, selecionados na Categoria 1 &#8211; Iniciativas no campo do Patrim\u00f4nio Cultural Material; e <strong><em>Ritual &#8211; Funeral Bororo &#8211; DF<\/em><\/strong>, tamb\u00e9m na Categoria 2.<\/p>\r\n\r\n\r\n\r\n<p class=\"has-small-font-size\">Na fase estadual, 323 trabalhos de atua\u00e7\u00e3o no campo do Patrim\u00f4nio Cultural foram inscritos em todo pa\u00eds. Os estados do Mato Grosso e Roraima n\u00e3o tiveram projetos escolhidos para a pr\u00f3xima fase. O Acre, Tocantins e Amazonas tiveram 01 projeto selecionado em cada estado; Amap\u00e1, Rond\u00f4nia, Rio Grande do Norte e Sergipe tiveram 02 projetos; Alagoas, Maranh\u00e3o, Mato Grosso do Sul, Para\u00edba, Esp\u00edrito Santo, Par\u00e1 e Piau\u00ed tiveram 03 projetos selecionados em cada estado; Cear\u00e1 e Distrito Federal tiveram 04 projetos cada; Bahia, Goi\u00e1s, Pernambuco e Minas Gerais tiveram 06 projetos; Rio Grande do Sul, Santa Catarina, S\u00e3o Paulo, e Paran\u00e1 tiveram 07 projetos selecionados em cada estado; e Rio de Janeiro teve 08 projetos selecionados para a etapa final.<\/p>\r\n\r\n\r\n\r\n<p class=\"has-small-font-size\">Acesse<a href=\"http:\/\/portal.iphan.gov.br\/uploads\/ckfinder\/arquivos\/Premiado_Mapa_Estados.pdf\"> aqui<\/a> a lista completa dos projetos finalistas.<\/p>\r\n\r\n\r\n\r\n<p class=\"has-small-font-size\"><strong>Conhe\u00e7a a Comiss\u00e3o Nacional de Avalia\u00e7\u00e3o<\/strong> A Comiss\u00e3o Nacional de Avalia\u00e7\u00e3o \u00e9 presidida pela presidente do Iphan, K\u00e1tia Bog\u00e9a, e desempenha um papel de extrema relev\u00e2ncia para a promo\u00e7\u00e3o dos bens culturais do Brasil. Respons\u00e1vel pela sele\u00e7\u00e3o dos trabalhos premiados, a comiss\u00e3o \u00e9 formada por 20 profissionais do campo do patrim\u00f4nio material, do patrim\u00f4nio imaterial, por representantes de institui\u00e7\u00f5es p\u00fablicas e da sociedade civil, experientes, qualificados e envolvidos em car\u00e1ter permanente com a produ\u00e7\u00e3o e prote\u00e7\u00e3o do Patrim\u00f4nio Cultural Brasileiro.<\/p>\r\n\r\n\r\n\r\n<p class=\"has-small-font-size\"><strong>Mais informa\u00e7\u00f5es sobre o Pr\u00eamio Rodrigo 2019<\/strong> <strong>Departamento de Coopera\u00e7\u00e3o e Fomento (Decof)<\/strong> (61) 2024 \u2013 5454\/5468 premio.prmfa@iphan.gov.br<\/p>","protected":false},"excerpt":{"rendered":"<p>17 de jul. de 2019 Pr\u00eamio Rodrigo 2019: Projetos selecionados na etapa estadual seguem para disputa nacional que vai premiar oito iniciativas culturais O Projeto Filhos da Terra &#8211; Um olhar sobre a diversidade cultural brasileira foi um dos 99 projetos selecionados na etapa estadual do Pr\u00eamio Rodrigo Melo Franco 2019 realizado pelo Instituto do [&hellip;]<\/p>","protected":false},"author":2,"featured_media":0,"comment_status":"open","ping_status":"open","sticky":false,"template":"","format":"standard","meta":{"content-type":"","inline_featured_image":false,"footnotes":""},"categories":[5],"tags":[],"acf":[],"yoast_head":"<!-- This site is optimized with the Yoast SEO plugin v22.2 - https:\/\/yoast.com\/wordpress\/plugins\/seo\/ -->\n<title>Projeto Filhos da Terra \u00e9 selecionado na etapa estadual do Pr\u00eamio Rodrigo Melo Franco 2019 - Filhos da Terra - Diversidade e Cultura<\/title>\n<meta name=\"robots\" content=\"index, follow, max-snippet:-1, max-image-preview:large, max-video-preview:-1\" \/>\n<link rel=\"canonical\" href=\"https:\/\/filhosdaterra.org\/en\/projeto-filhos-da-terra-e-selecionado-na-etapa-estadual-do-premio-rodrigo-melo-franco-2019\/\" \/>\n<meta property=\"og:locale\" content=\"en_US\" \/>\n<meta property=\"og:type\" content=\"article\" \/>\n<meta property=\"og:title\" content=\"Projeto Filhos da Terra \u00e9 selecionado na etapa estadual do Pr\u00eamio Rodrigo Melo Franco 2019 - Filhos da Terra - Diversidade e Cultura\" \/>\n<meta property=\"og:description\" content=\"17 de jul. de 2019 Pr\u00eamio Rodrigo 2019: Projetos selecionados na etapa estadual seguem para disputa nacional que vai premiar oito iniciativas culturais O Projeto Filhos da Terra &#8211; Um olhar sobre a diversidade cultural brasileira foi um dos 99 projetos selecionados na etapa estadual do Pr\u00eamio Rodrigo Melo Franco 2019 realizado pelo Instituto do [&hellip;]\" \/>\n<meta property=\"og:url\" content=\"https:\/\/filhosdaterra.org\/en\/projeto-filhos-da-terra-e-selecionado-na-etapa-estadual-do-premio-rodrigo-melo-franco-2019\/\" \/>\n<meta property=\"og:site_name\" content=\"Filhos da Terra - Diversidade e Cultura\" \/>\n<meta property=\"article:published_time\" content=\"2022-09-21T19:44:37+00:00\" \/>\n<meta property=\"article:modified_time\" content=\"2023-11-17T14:08:33+00:00\" \/>\n<meta property=\"og:image\" content=\"https:\/\/filhosdaterra.org\/wp-content\/uploads\/2024\/03\/placeholder.png\" \/>\n\t<meta property=\"og:image:width\" content=\"1200\" \/>\n\t<meta property=\"og:image:height\" content=\"675\" \/>\n\t<meta property=\"og:image:type\" content=\"image\/png\" \/>\n<meta name=\"author\" content=\"editor@\" \/>\n<meta name=\"twitter:card\" content=\"summary_large_image\" \/>\n<meta name=\"twitter:label1\" content=\"Written by\" \/>\n\t<meta name=\"twitter:data1\" content=\"editor@\" \/>\n\t<meta name=\"twitter:label2\" content=\"Est. reading time\" \/>\n\t<meta name=\"twitter:data2\" content=\"3 minutes\" \/>\n<script type=\"application\/ld+json\" class=\"yoast-schema-graph\">{\"@context\":\"https:\/\/schema.org\",\"@graph\":[{\"@type\":\"Article\",\"@id\":\"https:\/\/filhosdaterra.org\/projeto-filhos-da-terra-e-selecionado-na-etapa-estadual-do-premio-rodrigo-melo-franco-2019\/#article\",\"isPartOf\":{\"@id\":\"https:\/\/filhosdaterra.org\/projeto-filhos-da-terra-e-selecionado-na-etapa-estadual-do-premio-rodrigo-melo-franco-2019\/\"},\"author\":{\"name\":\"editor@\",\"@id\":\"https:\/\/filhosdaterra.org\/#\/schema\/person\/8d05d45ba91354cc38ecfc05c089c6d0\"},\"headline\":\"Projeto Filhos da Terra \u00e9 selecionado na etapa estadual do Pr\u00eamio Rodrigo Melo Franco 2019\",\"datePublished\":\"2022-09-21T19:44:37+00:00\",\"dateModified\":\"2023-11-17T14:08:33+00:00\",\"mainEntityOfPage\":{\"@id\":\"https:\/\/filhosdaterra.org\/projeto-filhos-da-terra-e-selecionado-na-etapa-estadual-do-premio-rodrigo-melo-franco-2019\/\"},\"wordCount\":618,\"commentCount\":0,\"publisher\":{\"@id\":\"https:\/\/filhosdaterra.org\/#organization\"},\"articleSection\":[\"Blog\"],\"inLanguage\":\"en-US\",\"potentialAction\":[{\"@type\":\"CommentAction\",\"name\":\"Comment\",\"target\":[\"https:\/\/filhosdaterra.org\/projeto-filhos-da-terra-e-selecionado-na-etapa-estadual-do-premio-rodrigo-melo-franco-2019\/#respond\"]}]},{\"@type\":\"WebPage\",\"@id\":\"https:\/\/filhosdaterra.org\/projeto-filhos-da-terra-e-selecionado-na-etapa-estadual-do-premio-rodrigo-melo-franco-2019\/\",\"url\":\"https:\/\/filhosdaterra.org\/projeto-filhos-da-terra-e-selecionado-na-etapa-estadual-do-premio-rodrigo-melo-franco-2019\/\",\"name\":\"Projeto Filhos da Terra \u00e9 selecionado na etapa estadual do Pr\u00eamio Rodrigo Melo Franco 2019 - Filhos da Terra - Diversidade e Cultura\",\"isPartOf\":{\"@id\":\"https:\/\/filhosdaterra.org\/#website\"},\"datePublished\":\"2022-09-21T19:44:37+00:00\",\"dateModified\":\"2023-11-17T14:08:33+00:00\",\"breadcrumb\":{\"@id\":\"https:\/\/filhosdaterra.org\/projeto-filhos-da-terra-e-selecionado-na-etapa-estadual-do-premio-rodrigo-melo-franco-2019\/#breadcrumb\"},\"inLanguage\":\"en-US\",\"potentialAction\":[{\"@type\":\"ReadAction\",\"target\":[\"https:\/\/filhosdaterra.org\/projeto-filhos-da-terra-e-selecionado-na-etapa-estadual-do-premio-rodrigo-melo-franco-2019\/\"]}]},{\"@type\":\"BreadcrumbList\",\"@id\":\"https:\/\/filhosdaterra.org\/projeto-filhos-da-terra-e-selecionado-na-etapa-estadual-do-premio-rodrigo-melo-franco-2019\/#breadcrumb\",\"itemListElement\":[{\"@type\":\"ListItem\",\"position\":1,\"name\":\"In\u00edcio\",\"item\":\"https:\/\/filhosdaterra.org\/\"},{\"@type\":\"ListItem\",\"position\":2,\"name\":\"Projeto Filhos da Terra \u00e9 selecionado na etapa estadual do Pr\u00eamio Rodrigo Melo Franco 2019\"}]},{\"@type\":\"WebSite\",\"@id\":\"https:\/\/filhosdaterra.org\/#website\",\"url\":\"https:\/\/filhosdaterra.org\/\",\"name\":\"Filhos da Terra - Diversidade e Cultura\",\"description\":\"O projeto busca documentar e mostrar ao Brasil quem \u00e9 o povo brasileiro, como s\u00e3o suas festas e celebra\u00e7\u00f5es.\",\"publisher\":{\"@id\":\"https:\/\/filhosdaterra.org\/#organization\"},\"potentialAction\":[{\"@type\":\"SearchAction\",\"target\":{\"@type\":\"EntryPoint\",\"urlTemplate\":\"https:\/\/filhosdaterra.org\/?s={search_term_string}\"},\"query-input\":\"required name=search_term_string\"}],\"inLanguage\":\"en-US\"},{\"@type\":\"Organization\",\"@id\":\"https:\/\/filhosdaterra.org\/#organization\",\"name\":\"Filhos da Terra - Diversidade e Cultura\",\"url\":\"https:\/\/filhosdaterra.org\/\",\"logo\":{\"@type\":\"ImageObject\",\"inLanguage\":\"en-US\",\"@id\":\"https:\/\/filhosdaterra.org\/#\/schema\/logo\/image\/\",\"url\":\"https:\/\/filhosdaterra.org\/wp-content\/uploads\/2022\/08\/logo-filhos-da-terra.png\",\"contentUrl\":\"https:\/\/filhosdaterra.org\/wp-content\/uploads\/2022\/08\/logo-filhos-da-terra.png\",\"width\":600,\"height\":517,\"caption\":\"Filhos da Terra - Diversidade e Cultura\"},\"image\":{\"@id\":\"https:\/\/filhosdaterra.org\/#\/schema\/logo\/image\/\"}},{\"@type\":\"Person\",\"@id\":\"https:\/\/filhosdaterra.org\/#\/schema\/person\/8d05d45ba91354cc38ecfc05c089c6d0\",\"name\":\"editor@\",\"image\":{\"@type\":\"ImageObject\",\"inLanguage\":\"en-US\",\"@id\":\"https:\/\/filhosdaterra.org\/#\/schema\/person\/image\/\",\"url\":\"https:\/\/secure.gravatar.com\/avatar\/f0ab3a18c92e84114ff42cb50aede4cc?s=96&d=mm&r=g\",\"contentUrl\":\"https:\/\/secure.gravatar.com\/avatar\/f0ab3a18c92e84114ff42cb50aede4cc?s=96&d=mm&r=g\",\"caption\":\"editor@\"},\"url\":\"https:\/\/filhosdaterra.org\/en\/author\/editor\/\"}]}<\/script>\n<!-- \/ Yoast SEO plugin. -->","yoast_head_json":{"title":"Projeto Filhos da Terra \u00e9 selecionado na etapa estadual do Pr\u00eamio Rodrigo Melo Franco 2019 - Filhos da Terra - Diversidade e Cultura","robots":{"index":"index","follow":"follow","max-snippet":"max-snippet:-1","max-image-preview":"max-image-preview:large","max-video-preview":"max-video-preview:-1"},"canonical":"https:\/\/filhosdaterra.org\/en\/projeto-filhos-da-terra-e-selecionado-na-etapa-estadual-do-premio-rodrigo-melo-franco-2019\/","og_locale":"en_US","og_type":"article","og_title":"Projeto Filhos da Terra \u00e9 selecionado na etapa estadual do Pr\u00eamio Rodrigo Melo Franco 2019 - Filhos da Terra - Diversidade e Cultura","og_description":"17 de jul. de 2019 Pr\u00eamio Rodrigo 2019: Projetos selecionados na etapa estadual seguem para disputa nacional que vai premiar oito iniciativas culturais O Projeto Filhos da Terra &#8211; Um olhar sobre a diversidade cultural brasileira foi um dos 99 projetos selecionados na etapa estadual do Pr\u00eamio Rodrigo Melo Franco 2019 realizado pelo Instituto do [&hellip;]","og_url":"https:\/\/filhosdaterra.org\/en\/projeto-filhos-da-terra-e-selecionado-na-etapa-estadual-do-premio-rodrigo-melo-franco-2019\/","og_site_name":"Filhos da Terra - Diversidade e Cultura","article_published_time":"2022-09-21T19:44:37+00:00","article_modified_time":"2023-11-17T14:08:33+00:00","og_image":[{"width":1200,"height":675,"url":"https:\/\/filhosdaterra.org\/wp-content\/uploads\/2024\/03\/placeholder.png","type":"image\/png"}],"author":"editor@","twitter_card":"summary_large_image","twitter_misc":{"Written by":"editor@","Est. reading time":"3 minutes"},"schema":{"@context":"https:\/\/schema.org","@graph":[{"@type":"Article","@id":"https:\/\/filhosdaterra.org\/projeto-filhos-da-terra-e-selecionado-na-etapa-estadual-do-premio-rodrigo-melo-franco-2019\/#article","isPartOf":{"@id":"https:\/\/filhosdaterra.org\/projeto-filhos-da-terra-e-selecionado-na-etapa-estadual-do-premio-rodrigo-melo-franco-2019\/"},"author":{"name":"editor@","@id":"https:\/\/filhosdaterra.org\/#\/schema\/person\/8d05d45ba91354cc38ecfc05c089c6d0"},"headline":"Projeto Filhos da Terra \u00e9 selecionado na etapa estadual do Pr\u00eamio Rodrigo Melo Franco 2019","datePublished":"2022-09-21T19:44:37+00:00","dateModified":"2023-11-17T14:08:33+00:00","mainEntityOfPage":{"@id":"https:\/\/filhosdaterra.org\/projeto-filhos-da-terra-e-selecionado-na-etapa-estadual-do-premio-rodrigo-melo-franco-2019\/"},"wordCount":618,"commentCount":0,"publisher":{"@id":"https:\/\/filhosdaterra.org\/#organization"},"articleSection":["Blog"],"inLanguage":"en-US","potentialAction":[{"@type":"CommentAction","name":"Comment","target":["https:\/\/filhosdaterra.org\/projeto-filhos-da-terra-e-selecionado-na-etapa-estadual-do-premio-rodrigo-melo-franco-2019\/#respond"]}]},{"@type":"WebPage","@id":"https:\/\/filhosdaterra.org\/projeto-filhos-da-terra-e-selecionado-na-etapa-estadual-do-premio-rodrigo-melo-franco-2019\/","url":"https:\/\/filhosdaterra.org\/projeto-filhos-da-terra-e-selecionado-na-etapa-estadual-do-premio-rodrigo-melo-franco-2019\/","name":"Projeto Filhos da Terra \u00e9 selecionado na etapa estadual do Pr\u00eamio Rodrigo Melo Franco 2019 - Filhos da Terra - Diversidade e Cultura","isPartOf":{"@id":"https:\/\/filhosdaterra.org\/#website"},"datePublished":"2022-09-21T19:44:37+00:00","dateModified":"2023-11-17T14:08:33+00:00","breadcrumb":{"@id":"https:\/\/filhosdaterra.org\/projeto-filhos-da-terra-e-selecionado-na-etapa-estadual-do-premio-rodrigo-melo-franco-2019\/#breadcrumb"},"inLanguage":"en-US","potentialAction":[{"@type":"ReadAction","target":["https:\/\/filhosdaterra.org\/projeto-filhos-da-terra-e-selecionado-na-etapa-estadual-do-premio-rodrigo-melo-franco-2019\/"]}]},{"@type":"BreadcrumbList","@id":"https:\/\/filhosdaterra.org\/projeto-filhos-da-terra-e-selecionado-na-etapa-estadual-do-premio-rodrigo-melo-franco-2019\/#breadcrumb","itemListElement":[{"@type":"ListItem","position":1,"name":"In\u00edcio","item":"https:\/\/filhosdaterra.org\/"},{"@type":"ListItem","position":2,"name":"Projeto Filhos da Terra \u00e9 selecionado na etapa estadual do Pr\u00eamio Rodrigo Melo Franco 2019"}]},{"@type":"WebSite","@id":"https:\/\/filhosdaterra.org\/#website","url":"https:\/\/filhosdaterra.org\/","name":"Filhos da Terra - Diversidade e Cultura","description":"O projeto busca documentar e mostrar ao Brasil quem \u00e9 o povo brasileiro, como s\u00e3o suas festas e celebra\u00e7\u00f5es.","publisher":{"@id":"https:\/\/filhosdaterra.org\/#organization"},"potentialAction":[{"@type":"SearchAction","target":{"@type":"EntryPoint","urlTemplate":"https:\/\/filhosdaterra.org\/?s={search_term_string}"},"query-input":"required name=search_term_string"}],"inLanguage":"en-US"},{"@type":"Organization","@id":"https:\/\/filhosdaterra.org\/#organization","name":"Filhos da Terra - Diversidade e Cultura","url":"https:\/\/filhosdaterra.org\/","logo":{"@type":"ImageObject","inLanguage":"en-US","@id":"https:\/\/filhosdaterra.org\/#\/schema\/logo\/image\/","url":"https:\/\/filhosdaterra.org\/wp-content\/uploads\/2022\/08\/logo-filhos-da-terra.png","contentUrl":"https:\/\/filhosdaterra.org\/wp-content\/uploads\/2022\/08\/logo-filhos-da-terra.png","width":600,"height":517,"caption":"Filhos da Terra - Diversidade e Cultura"},"image":{"@id":"https:\/\/filhosdaterra.org\/#\/schema\/logo\/image\/"}},{"@type":"Person","@id":"https:\/\/filhosdaterra.org\/#\/schema\/person\/8d05d45ba91354cc38ecfc05c089c6d0","name":"editor@","image":{"@type":"ImageObject","inLanguage":"en-US","@id":"https:\/\/filhosdaterra.org\/#\/schema\/person\/image\/","url":"https:\/\/secure.gravatar.com\/avatar\/f0ab3a18c92e84114ff42cb50aede4cc?s=96&d=mm&r=g","contentUrl":"https:\/\/secure.gravatar.com\/avatar\/f0ab3a18c92e84114ff42cb50aede4cc?s=96&d=mm&r=g","caption":"editor@"},"url":"https:\/\/filhosdaterra.org\/en\/author\/editor\/"}]}},"_links":{"self":[{"href":"https:\/\/filhosdaterra.org\/en\/wp-json\/wp\/v2\/posts\/483"}],"collection":[{"href":"https:\/\/filhosdaterra.org\/en\/wp-json\/wp\/v2\/posts"}],"about":[{"href":"https:\/\/filhosdaterra.org\/en\/wp-json\/wp\/v2\/types\/post"}],"author":[{"embeddable":true,"href":"https:\/\/filhosdaterra.org\/en\/wp-json\/wp\/v2\/users\/2"}],"replies":[{"embeddable":true,"href":"https:\/\/filhosdaterra.org\/en\/wp-json\/wp\/v2\/comments?post=483"}],"version-history":[{"count":1,"href":"https:\/\/filhosdaterra.org\/en\/wp-json\/wp\/v2\/posts\/483\/revisions"}],"predecessor-version":[{"id":484,"href":"https:\/\/filhosdaterra.org\/en\/wp-json\/wp\/v2\/posts\/483\/revisions\/484"}],"wp:attachment":[{"href":"https:\/\/filhosdaterra.org\/en\/wp-json\/wp\/v2\/media?parent=483"}],"wp:term":[{"taxonomy":"category","embeddable":true,"href":"https:\/\/filhosdaterra.org\/en\/wp-json\/wp\/v2\/categories?post=483"},{"taxonomy":"post_tag","embeddable":true,"href":"https:\/\/filhosdaterra.org\/en\/wp-json\/wp\/v2\/tags?post=483"}],"curies":[{"name":"wp","href":"https:\/\/api.w.org\/{rel}","templated":true}]}}