{"id":481,"date":"2022-09-21T16:44:37","date_gmt":"2022-09-21T19:44:37","guid":{"rendered":"https:\/\/filhosdaterra.org\/?p=481"},"modified":"2023-11-17T11:08:16","modified_gmt":"2023-11-17T14:08:16","slug":"camara-aprova-pl-que-regulamenta-vaquejada-e-outras-praticas-equestres","status":"publish","type":"post","link":"https:\/\/filhosdaterra.org\/en\/camara-aprova-pl-que-regulamenta-vaquejada-e-outras-praticas-equestres\/","title":{"rendered":"C\u00e2mara aprova PL que regulamenta vaquejada e outras pr\u00e1ticas equestres"},"content":{"rendered":"<p class=\"has-small-font-size\">10 de jul. de 2019<\/p>\r\n\r\n\r\n\r\n<p class=\"has-small-font-size\">A C\u00e2mara Federal aprovou, nesta ter\u00e7a-feira (9), o<a href=\"https:\/\/www.camara.leg.br\/proposicoesWeb\/fichadetramitacao?idProposicao=2147241\"> Projeto de Lei 8240\/17<\/a>, que regulamenta algumas pr\u00e1ticas da vaquejada, do rodeio e do la\u00e7o no Brasil. O PL, que considera a vaquejada como patrim\u00f4nio cultural imaterial brasileiro, \u00e9 consequente da Emenda Constitucional 96 e teve 402 votos a favor, 34 votos contra e 6 absten\u00e7\u00f5es.<\/p>\r\n\r\n\r\n\r\n<p class=\"has-small-font-size\">Vaquejada em Serrita, Pernambuco. (Foto: Eraldo Peres\/Projeto Filhos da Terra)<\/p>\r\n\r\n\r\n\r\n<p class=\"has-small-font-size\">A proposta aprovada nesta ter\u00e7a-feira define as modalidades que passam a ser reconhecidas como esportivas, equestres e tradicionais &#8211; como o adestramento, o concurso completo de equita\u00e7\u00e3o, o enduro, o hipismo rural, as provas de la\u00e7o e velocidade, a cavalgada, a corrida, as provas de rodeio e o polo equestre.<\/p>\r\n\r\n\r\n\r\n<p class=\"has-small-font-size\">\u00c9 determinado no texto ainda que dever\u00e3o ser aprovados regulamentos espec\u00edficos para o rodeio, a vaquejada, o la\u00e7o e as demais provas equestres, por suas respectivas associa\u00e7\u00f5es, no Minist\u00e9rio da Agricultura, Pecu\u00e1ria e Abastecimento. Esses regulamentos ter\u00e3o de contemplar regras que assegurem a prote\u00e7\u00e3o e o bem-estar dos animais, e prever puni\u00e7\u00f5es para os casos de descumprimento.<\/p>\r\n\r\n\r\n\r\n<p class=\"has-small-font-size\">Sem prejudicar outras leis que tratem do bem-estar dos animais, o projeto pretende, em rela\u00e7\u00e3o \u00e0 vaquejada, assegurar \u00e1gua e alimenta\u00e7\u00e3o suficiente sempre \u00e0 disposi\u00e7\u00e3o, assim como um local adequado para o descanso. Tamb\u00e9m prevenir ferimentos e doen\u00e7as por meio de instala\u00e7\u00f5es, ferramentas e utens\u00edlios adequados, al\u00e9m da presta\u00e7\u00e3o de assist\u00eancia m\u00e9dico-veterin\u00e1ria.<\/p>\r\n\r\n\r\n\r\n<p><em>Com informa\u00e7\u00f5es da Ag\u00eancia C\u00e2mara.<\/em><\/p>","protected":false},"excerpt":{"rendered":"<p>10 de jul. de 2019 A C\u00e2mara Federal aprovou, nesta ter\u00e7a-feira (9), o Projeto de Lei 8240\/17, que regulamenta algumas pr\u00e1ticas da vaquejada, do rodeio e do la\u00e7o no Brasil. O PL, que considera a vaquejada como patrim\u00f4nio cultural imaterial brasileiro, \u00e9 consequente da Emenda Constitucional 96 e teve 402 votos a favor, 34 votos [&hellip;]<\/p>","protected":false},"author":2,"featured_media":0,"comment_status":"open","ping_status":"open","sticky":false,"template":"","format":"standard","meta":{"content-type":"","inline_featured_image":false,"footnotes":""},"categories":[5],"tags":[],"acf":[],"yoast_head":"<!-- This site is optimized with the Yoast SEO plugin v22.2 - https:\/\/yoast.com\/wordpress\/plugins\/seo\/ -->\n<title>C\u00e2mara aprova PL que regulamenta vaquejada e outras pr\u00e1ticas equestres - Filhos da Terra - Diversidade e Cultura<\/title>\n<meta name=\"robots\" content=\"index, follow, max-snippet:-1, max-image-preview:large, max-video-preview:-1\" \/>\n<link rel=\"canonical\" href=\"https:\/\/filhosdaterra.org\/en\/camara-aprova-pl-que-regulamenta-vaquejada-e-outras-praticas-equestres\/\" \/>\n<meta property=\"og:locale\" content=\"en_US\" \/>\n<meta property=\"og:type\" content=\"article\" \/>\n<meta property=\"og:title\" content=\"C\u00e2mara aprova PL que regulamenta vaquejada e outras pr\u00e1ticas equestres - Filhos da Terra - Diversidade e Cultura\" \/>\n<meta property=\"og:description\" content=\"10 de jul. de 2019 A C\u00e2mara Federal aprovou, nesta ter\u00e7a-feira (9), o Projeto de Lei 8240\/17, que regulamenta algumas pr\u00e1ticas da vaquejada, do rodeio e do la\u00e7o no Brasil. O PL, que considera a vaquejada como patrim\u00f4nio cultural imaterial brasileiro, \u00e9 consequente da Emenda Constitucional 96 e teve 402 votos a favor, 34 votos [&hellip;]\" \/>\n<meta property=\"og:url\" content=\"https:\/\/filhosdaterra.org\/en\/camara-aprova-pl-que-regulamenta-vaquejada-e-outras-praticas-equestres\/\" \/>\n<meta property=\"og:site_name\" content=\"Filhos da Terra - Diversidade e Cultura\" \/>\n<meta property=\"article:published_time\" content=\"2022-09-21T19:44:37+00:00\" \/>\n<meta property=\"article:modified_time\" content=\"2023-11-17T14:08:16+00:00\" \/>\n<meta property=\"og:image\" content=\"https:\/\/filhosdaterra.org\/wp-content\/uploads\/2024\/03\/placeholder.png\" \/>\n\t<meta property=\"og:image:width\" content=\"1200\" \/>\n\t<meta property=\"og:image:height\" content=\"675\" \/>\n\t<meta property=\"og:image:type\" content=\"image\/png\" \/>\n<meta name=\"author\" content=\"editor@\" \/>\n<meta name=\"twitter:card\" content=\"summary_large_image\" \/>\n<meta name=\"twitter:label1\" content=\"Written by\" \/>\n\t<meta name=\"twitter:data1\" content=\"editor@\" \/>\n\t<meta name=\"twitter:label2\" content=\"Est. reading time\" \/>\n\t<meta name=\"twitter:data2\" content=\"1 minute\" \/>\n<script type=\"application\/ld+json\" class=\"yoast-schema-graph\">{\"@context\":\"https:\/\/schema.org\",\"@graph\":[{\"@type\":\"Article\",\"@id\":\"https:\/\/filhosdaterra.org\/camara-aprova-pl-que-regulamenta-vaquejada-e-outras-praticas-equestres\/#article\",\"isPartOf\":{\"@id\":\"https:\/\/filhosdaterra.org\/camara-aprova-pl-que-regulamenta-vaquejada-e-outras-praticas-equestres\/\"},\"author\":{\"name\":\"editor@\",\"@id\":\"https:\/\/filhosdaterra.org\/#\/schema\/person\/8d05d45ba91354cc38ecfc05c089c6d0\"},\"headline\":\"C\u00e2mara aprova PL que regulamenta vaquejada e outras pr\u00e1ticas equestres\",\"datePublished\":\"2022-09-21T19:44:37+00:00\",\"dateModified\":\"2023-11-17T14:08:16+00:00\",\"mainEntityOfPage\":{\"@id\":\"https:\/\/filhosdaterra.org\/camara-aprova-pl-que-regulamenta-vaquejada-e-outras-praticas-equestres\/\"},\"wordCount\":267,\"commentCount\":0,\"publisher\":{\"@id\":\"https:\/\/filhosdaterra.org\/#organization\"},\"articleSection\":[\"Blog\"],\"inLanguage\":\"en-US\",\"potentialAction\":[{\"@type\":\"CommentAction\",\"name\":\"Comment\",\"target\":[\"https:\/\/filhosdaterra.org\/camara-aprova-pl-que-regulamenta-vaquejada-e-outras-praticas-equestres\/#respond\"]}]},{\"@type\":\"WebPage\",\"@id\":\"https:\/\/filhosdaterra.org\/camara-aprova-pl-que-regulamenta-vaquejada-e-outras-praticas-equestres\/\",\"url\":\"https:\/\/filhosdaterra.org\/camara-aprova-pl-que-regulamenta-vaquejada-e-outras-praticas-equestres\/\",\"name\":\"C\u00e2mara aprova PL que regulamenta vaquejada e outras pr\u00e1ticas equestres - Filhos da Terra - Diversidade e Cultura\",\"isPartOf\":{\"@id\":\"https:\/\/filhosdaterra.org\/#website\"},\"datePublished\":\"2022-09-21T19:44:37+00:00\",\"dateModified\":\"2023-11-17T14:08:16+00:00\",\"breadcrumb\":{\"@id\":\"https:\/\/filhosdaterra.org\/camara-aprova-pl-que-regulamenta-vaquejada-e-outras-praticas-equestres\/#breadcrumb\"},\"inLanguage\":\"en-US\",\"potentialAction\":[{\"@type\":\"ReadAction\",\"target\":[\"https:\/\/filhosdaterra.org\/camara-aprova-pl-que-regulamenta-vaquejada-e-outras-praticas-equestres\/\"]}]},{\"@type\":\"BreadcrumbList\",\"@id\":\"https:\/\/filhosdaterra.org\/camara-aprova-pl-que-regulamenta-vaquejada-e-outras-praticas-equestres\/#breadcrumb\",\"itemListElement\":[{\"@type\":\"ListItem\",\"position\":1,\"name\":\"In\u00edcio\",\"item\":\"https:\/\/filhosdaterra.org\/\"},{\"@type\":\"ListItem\",\"position\":2,\"name\":\"C\u00e2mara aprova PL que regulamenta vaquejada e outras pr\u00e1ticas equestres\"}]},{\"@type\":\"WebSite\",\"@id\":\"https:\/\/filhosdaterra.org\/#website\",\"url\":\"https:\/\/filhosdaterra.org\/\",\"name\":\"Filhos da Terra - Diversidade e Cultura\",\"description\":\"O projeto busca documentar e mostrar ao Brasil quem \u00e9 o povo brasileiro, como s\u00e3o suas festas e celebra\u00e7\u00f5es.\",\"publisher\":{\"@id\":\"https:\/\/filhosdaterra.org\/#organization\"},\"potentialAction\":[{\"@type\":\"SearchAction\",\"target\":{\"@type\":\"EntryPoint\",\"urlTemplate\":\"https:\/\/filhosdaterra.org\/?s={search_term_string}\"},\"query-input\":\"required name=search_term_string\"}],\"inLanguage\":\"en-US\"},{\"@type\":\"Organization\",\"@id\":\"https:\/\/filhosdaterra.org\/#organization\",\"name\":\"Filhos da Terra - Diversidade e Cultura\",\"url\":\"https:\/\/filhosdaterra.org\/\",\"logo\":{\"@type\":\"ImageObject\",\"inLanguage\":\"en-US\",\"@id\":\"https:\/\/filhosdaterra.org\/#\/schema\/logo\/image\/\",\"url\":\"https:\/\/filhosdaterra.org\/wp-content\/uploads\/2022\/08\/logo-filhos-da-terra.png\",\"contentUrl\":\"https:\/\/filhosdaterra.org\/wp-content\/uploads\/2022\/08\/logo-filhos-da-terra.png\",\"width\":600,\"height\":517,\"caption\":\"Filhos da Terra - Diversidade e Cultura\"},\"image\":{\"@id\":\"https:\/\/filhosdaterra.org\/#\/schema\/logo\/image\/\"}},{\"@type\":\"Person\",\"@id\":\"https:\/\/filhosdaterra.org\/#\/schema\/person\/8d05d45ba91354cc38ecfc05c089c6d0\",\"name\":\"editor@\",\"image\":{\"@type\":\"ImageObject\",\"inLanguage\":\"en-US\",\"@id\":\"https:\/\/filhosdaterra.org\/#\/schema\/person\/image\/\",\"url\":\"https:\/\/secure.gravatar.com\/avatar\/f0ab3a18c92e84114ff42cb50aede4cc?s=96&d=mm&r=g\",\"contentUrl\":\"https:\/\/secure.gravatar.com\/avatar\/f0ab3a18c92e84114ff42cb50aede4cc?s=96&d=mm&r=g\",\"caption\":\"editor@\"},\"url\":\"https:\/\/filhosdaterra.org\/en\/author\/editor\/\"}]}<\/script>\n<!-- \/ Yoast SEO plugin. -->","yoast_head_json":{"title":"C\u00e2mara aprova PL que regulamenta vaquejada e outras pr\u00e1ticas equestres - Filhos da Terra - Diversidade e Cultura","robots":{"index":"index","follow":"follow","max-snippet":"max-snippet:-1","max-image-preview":"max-image-preview:large","max-video-preview":"max-video-preview:-1"},"canonical":"https:\/\/filhosdaterra.org\/en\/camara-aprova-pl-que-regulamenta-vaquejada-e-outras-praticas-equestres\/","og_locale":"en_US","og_type":"article","og_title":"C\u00e2mara aprova PL que regulamenta vaquejada e outras pr\u00e1ticas equestres - Filhos da Terra - Diversidade e Cultura","og_description":"10 de jul. de 2019 A C\u00e2mara Federal aprovou, nesta ter\u00e7a-feira (9), o Projeto de Lei 8240\/17, que regulamenta algumas pr\u00e1ticas da vaquejada, do rodeio e do la\u00e7o no Brasil. O PL, que considera a vaquejada como patrim\u00f4nio cultural imaterial brasileiro, \u00e9 consequente da Emenda Constitucional 96 e teve 402 votos a favor, 34 votos [&hellip;]","og_url":"https:\/\/filhosdaterra.org\/en\/camara-aprova-pl-que-regulamenta-vaquejada-e-outras-praticas-equestres\/","og_site_name":"Filhos da Terra - Diversidade e Cultura","article_published_time":"2022-09-21T19:44:37+00:00","article_modified_time":"2023-11-17T14:08:16+00:00","og_image":[{"width":1200,"height":675,"url":"https:\/\/filhosdaterra.org\/wp-content\/uploads\/2024\/03\/placeholder.png","type":"image\/png"}],"author":"editor@","twitter_card":"summary_large_image","twitter_misc":{"Written by":"editor@","Est. reading time":"1 minute"},"schema":{"@context":"https:\/\/schema.org","@graph":[{"@type":"Article","@id":"https:\/\/filhosdaterra.org\/camara-aprova-pl-que-regulamenta-vaquejada-e-outras-praticas-equestres\/#article","isPartOf":{"@id":"https:\/\/filhosdaterra.org\/camara-aprova-pl-que-regulamenta-vaquejada-e-outras-praticas-equestres\/"},"author":{"name":"editor@","@id":"https:\/\/filhosdaterra.org\/#\/schema\/person\/8d05d45ba91354cc38ecfc05c089c6d0"},"headline":"C\u00e2mara aprova PL que regulamenta vaquejada e outras pr\u00e1ticas equestres","datePublished":"2022-09-21T19:44:37+00:00","dateModified":"2023-11-17T14:08:16+00:00","mainEntityOfPage":{"@id":"https:\/\/filhosdaterra.org\/camara-aprova-pl-que-regulamenta-vaquejada-e-outras-praticas-equestres\/"},"wordCount":267,"commentCount":0,"publisher":{"@id":"https:\/\/filhosdaterra.org\/#organization"},"articleSection":["Blog"],"inLanguage":"en-US","potentialAction":[{"@type":"CommentAction","name":"Comment","target":["https:\/\/filhosdaterra.org\/camara-aprova-pl-que-regulamenta-vaquejada-e-outras-praticas-equestres\/#respond"]}]},{"@type":"WebPage","@id":"https:\/\/filhosdaterra.org\/camara-aprova-pl-que-regulamenta-vaquejada-e-outras-praticas-equestres\/","url":"https:\/\/filhosdaterra.org\/camara-aprova-pl-que-regulamenta-vaquejada-e-outras-praticas-equestres\/","name":"C\u00e2mara aprova PL que regulamenta vaquejada e outras pr\u00e1ticas equestres - Filhos da Terra - Diversidade e Cultura","isPartOf":{"@id":"https:\/\/filhosdaterra.org\/#website"},"datePublished":"2022-09-21T19:44:37+00:00","dateModified":"2023-11-17T14:08:16+00:00","breadcrumb":{"@id":"https:\/\/filhosdaterra.org\/camara-aprova-pl-que-regulamenta-vaquejada-e-outras-praticas-equestres\/#breadcrumb"},"inLanguage":"en-US","potentialAction":[{"@type":"ReadAction","target":["https:\/\/filhosdaterra.org\/camara-aprova-pl-que-regulamenta-vaquejada-e-outras-praticas-equestres\/"]}]},{"@type":"BreadcrumbList","@id":"https:\/\/filhosdaterra.org\/camara-aprova-pl-que-regulamenta-vaquejada-e-outras-praticas-equestres\/#breadcrumb","itemListElement":[{"@type":"ListItem","position":1,"name":"In\u00edcio","item":"https:\/\/filhosdaterra.org\/"},{"@type":"ListItem","position":2,"name":"C\u00e2mara aprova PL que regulamenta vaquejada e outras pr\u00e1ticas equestres"}]},{"@type":"WebSite","@id":"https:\/\/filhosdaterra.org\/#website","url":"https:\/\/filhosdaterra.org\/","name":"Filhos da Terra - Diversidade e Cultura","description":"O projeto busca documentar e mostrar ao Brasil quem \u00e9 o povo brasileiro, como s\u00e3o suas festas e celebra\u00e7\u00f5es.","publisher":{"@id":"https:\/\/filhosdaterra.org\/#organization"},"potentialAction":[{"@type":"SearchAction","target":{"@type":"EntryPoint","urlTemplate":"https:\/\/filhosdaterra.org\/?s={search_term_string}"},"query-input":"required name=search_term_string"}],"inLanguage":"en-US"},{"@type":"Organization","@id":"https:\/\/filhosdaterra.org\/#organization","name":"Filhos da Terra - Diversidade e Cultura","url":"https:\/\/filhosdaterra.org\/","logo":{"@type":"ImageObject","inLanguage":"en-US","@id":"https:\/\/filhosdaterra.org\/#\/schema\/logo\/image\/","url":"https:\/\/filhosdaterra.org\/wp-content\/uploads\/2022\/08\/logo-filhos-da-terra.png","contentUrl":"https:\/\/filhosdaterra.org\/wp-content\/uploads\/2022\/08\/logo-filhos-da-terra.png","width":600,"height":517,"caption":"Filhos da Terra - Diversidade e Cultura"},"image":{"@id":"https:\/\/filhosdaterra.org\/#\/schema\/logo\/image\/"}},{"@type":"Person","@id":"https:\/\/filhosdaterra.org\/#\/schema\/person\/8d05d45ba91354cc38ecfc05c089c6d0","name":"editor@","image":{"@type":"ImageObject","inLanguage":"en-US","@id":"https:\/\/filhosdaterra.org\/#\/schema\/person\/image\/","url":"https:\/\/secure.gravatar.com\/avatar\/f0ab3a18c92e84114ff42cb50aede4cc?s=96&d=mm&r=g","contentUrl":"https:\/\/secure.gravatar.com\/avatar\/f0ab3a18c92e84114ff42cb50aede4cc?s=96&d=mm&r=g","caption":"editor@"},"url":"https:\/\/filhosdaterra.org\/en\/author\/editor\/"}]}},"_links":{"self":[{"href":"https:\/\/filhosdaterra.org\/en\/wp-json\/wp\/v2\/posts\/481"}],"collection":[{"href":"https:\/\/filhosdaterra.org\/en\/wp-json\/wp\/v2\/posts"}],"about":[{"href":"https:\/\/filhosdaterra.org\/en\/wp-json\/wp\/v2\/types\/post"}],"author":[{"embeddable":true,"href":"https:\/\/filhosdaterra.org\/en\/wp-json\/wp\/v2\/users\/2"}],"replies":[{"embeddable":true,"href":"https:\/\/filhosdaterra.org\/en\/wp-json\/wp\/v2\/comments?post=481"}],"version-history":[{"count":1,"href":"https:\/\/filhosdaterra.org\/en\/wp-json\/wp\/v2\/posts\/481\/revisions"}],"predecessor-version":[{"id":482,"href":"https:\/\/filhosdaterra.org\/en\/wp-json\/wp\/v2\/posts\/481\/revisions\/482"}],"wp:attachment":[{"href":"https:\/\/filhosdaterra.org\/en\/wp-json\/wp\/v2\/media?parent=481"}],"wp:term":[{"taxonomy":"category","embeddable":true,"href":"https:\/\/filhosdaterra.org\/en\/wp-json\/wp\/v2\/categories?post=481"},{"taxonomy":"post_tag","embeddable":true,"href":"https:\/\/filhosdaterra.org\/en\/wp-json\/wp\/v2\/tags?post=481"}],"curies":[{"name":"wp","href":"https:\/\/api.w.org\/{rel}","templated":true}]}}