{"id":479,"date":"2022-09-21T16:44:37","date_gmt":"2022-09-21T19:44:37","guid":{"rendered":"https:\/\/filhosdaterra.org\/?p=479"},"modified":"2023-11-17T11:08:22","modified_gmt":"2023-11-17T14:08:22","slug":"festa-religiosa-de-iniciativa-popular-vira-patrimonio-imaterial-de-teresina","status":"publish","type":"post","link":"https:\/\/filhosdaterra.org\/en\/festa-religiosa-de-iniciativa-popular-vira-patrimonio-imaterial-de-teresina\/","title":{"rendered":"Festa religiosa de iniciativa popular vira patrim\u00f4nio imaterial de Teresina"},"content":{"rendered":"<p class=\"has-small-font-size\">8 de jul. de 2019<\/p>\r\n\r\n\r\n\r\n<p class=\"has-small-font-size\">O prefeito Firmino Filho sancionou a Lei Municipal n\u00ba 5.394, que reconhece a Festa para S\u00e3o Jorge, realizada anualmente no dia 23 de abril por Mar\u00edlia Gomes de Oliveira, como Patrim\u00f4nio Hist\u00f3rico, Cultural, Religioso e Imaterial do Munic\u00edpio.<\/p>\r\n\r\n\r\n\r\n<p class=\"has-small-font-size\">A festa come\u00e7ou com uma devo\u00e7\u00e3o pessoal de Mar\u00edlia Gomes de Oliveira, que afirma ter conquistado muitas gra\u00e7as por intercess\u00e3o do santo. Ap\u00f3s morar fora de<\/p>\r\n\r\n\r\n\r\n<p class=\"has-small-font-size\">Teresina por um tempo, de volta \u00e0 terra natal, Mar\u00edlia fez a primeira edi\u00e7\u00e3o da Festa para S\u00e3o Jorge na capital piauiense, nos moldes que participava no Rio de Janeiro: com ora\u00e7\u00f5es, mas tamb\u00e9m com feijoada e roda de samba.<\/p>\r\n\r\n\r\n\r\n<p class=\"has-small-font-size\">Apesar de iniciada h\u00e1 pouco tempo, a Festa para S\u00e3o Jorge movimenta um grande n\u00famero de pessoas. Na primeira edi\u00e7\u00e3o, foram cerca de 700 participantes. A quarta e \u00faltima edi\u00e7\u00e3o, em abril de 2019, contou com mais de 1.500 participantes.<\/p>\r\n\r\n\r\n\r\n<p class=\"has-small-font-size\">\u201cA minha vida toda eu fui educada na f\u00e9 e no respeito. Conheci a hist\u00f3ria de S\u00e3o Jorge e comecei a devo\u00e7\u00e3o a ele, por seu exemplo. Quando voltei a morar em Teresina, resolvi agradecer todas as b\u00ean\u00e7\u00e3os recebidas por intercess\u00e3o de S\u00e3o Jorge fazendo uma festa para ele. E foi realmente uma festa! A primeira edi\u00e7\u00e3o, para minha surpresa, teve umas 700 pessoas. Gente que eu nem conhecia. A festa foi se espalhando, crescendo. Os devotos de S\u00e3o Jorge foram se encontrando e se dando as m\u00e3os e a festa foi ficando maior a cada ano\u201d, conta Mar\u00edlia Gomes de Oliveira.<\/p>\r\n\r\n\r\n\r\n<p class=\"has-small-font-size\">A idealizadora da Festa para S\u00e3o Jorge comenta tamb\u00e9m como a festa \u00e9 organizada e destaca sua import\u00e2ncia. \u201c\u00c9 uma festa linda! Temos a parte religiosa, com a celebra\u00e7\u00e3o, a entrada de S\u00e3o Jorge, a prociss\u00e3o e depois a gente se confraterniza com m\u00fasica e feijoada. Agora, com esse reconhecimento a uma festa totalmente feita pelos cidad\u00e3os teresinenses, eu tenho certeza de que a devo\u00e7\u00e3o a S\u00e3o Jorge crescer\u00e1 ainda mais na nossa cidade.<\/p>\r\n\r\n\r\n\r\n<p class=\"has-small-font-size\">Penso que a reuni\u00e3o de pessoas em ora\u00e7\u00e3o, em qualquer religi\u00e3o, s\u00f3 pode ben\u00e9fico para todos, porque gera uma energia positiva, uma emana\u00e7\u00e3o de amor. Essa \u00e9 uma vit\u00f3ria de S\u00e3o Jorge\u201d, finaliza.<\/p>","protected":false},"excerpt":{"rendered":"<p>8 de jul. de 2019 O prefeito Firmino Filho sancionou a Lei Municipal n\u00ba 5.394, que reconhece a Festa para S\u00e3o Jorge, realizada anualmente no dia 23 de abril por Mar\u00edlia Gomes de Oliveira, como Patrim\u00f4nio Hist\u00f3rico, Cultural, Religioso e Imaterial do Munic\u00edpio. A festa come\u00e7ou com uma devo\u00e7\u00e3o pessoal de Mar\u00edlia Gomes de Oliveira, [&hellip;]<\/p>","protected":false},"author":2,"featured_media":0,"comment_status":"open","ping_status":"open","sticky":false,"template":"","format":"standard","meta":{"content-type":"","inline_featured_image":false,"footnotes":""},"categories":[5],"tags":[],"acf":[],"yoast_head":"<!-- This site is optimized with the Yoast SEO plugin v22.2 - https:\/\/yoast.com\/wordpress\/plugins\/seo\/ -->\n<title>Festa religiosa de iniciativa popular vira patrim\u00f4nio imaterial de Teresina - Filhos da Terra - Diversidade e Cultura<\/title>\n<meta name=\"robots\" content=\"index, follow, max-snippet:-1, max-image-preview:large, max-video-preview:-1\" \/>\n<link rel=\"canonical\" href=\"https:\/\/filhosdaterra.org\/en\/festa-religiosa-de-iniciativa-popular-vira-patrimonio-imaterial-de-teresina\/\" \/>\n<meta property=\"og:locale\" content=\"en_US\" \/>\n<meta property=\"og:type\" content=\"article\" \/>\n<meta property=\"og:title\" content=\"Festa religiosa de iniciativa popular vira patrim\u00f4nio imaterial de Teresina - Filhos da Terra - Diversidade e Cultura\" \/>\n<meta property=\"og:description\" content=\"8 de jul. de 2019 O prefeito Firmino Filho sancionou a Lei Municipal n\u00ba 5.394, que reconhece a Festa para S\u00e3o Jorge, realizada anualmente no dia 23 de abril por Mar\u00edlia Gomes de Oliveira, como Patrim\u00f4nio Hist\u00f3rico, Cultural, Religioso e Imaterial do Munic\u00edpio. A festa come\u00e7ou com uma devo\u00e7\u00e3o pessoal de Mar\u00edlia Gomes de Oliveira, [&hellip;]\" \/>\n<meta property=\"og:url\" content=\"https:\/\/filhosdaterra.org\/en\/festa-religiosa-de-iniciativa-popular-vira-patrimonio-imaterial-de-teresina\/\" \/>\n<meta property=\"og:site_name\" content=\"Filhos da Terra - Diversidade e Cultura\" \/>\n<meta property=\"article:published_time\" content=\"2022-09-21T19:44:37+00:00\" \/>\n<meta property=\"article:modified_time\" content=\"2023-11-17T14:08:22+00:00\" \/>\n<meta property=\"og:image\" content=\"https:\/\/filhosdaterra.org\/wp-content\/uploads\/2024\/03\/placeholder.png\" \/>\n\t<meta property=\"og:image:width\" content=\"1200\" \/>\n\t<meta property=\"og:image:height\" content=\"675\" \/>\n\t<meta property=\"og:image:type\" content=\"image\/png\" \/>\n<meta name=\"author\" content=\"editor@\" \/>\n<meta name=\"twitter:card\" content=\"summary_large_image\" \/>\n<meta name=\"twitter:label1\" content=\"Written by\" \/>\n\t<meta name=\"twitter:data1\" content=\"editor@\" \/>\n\t<meta name=\"twitter:label2\" content=\"Est. reading time\" \/>\n\t<meta name=\"twitter:data2\" content=\"2 minutes\" \/>\n<script type=\"application\/ld+json\" class=\"yoast-schema-graph\">{\"@context\":\"https:\/\/schema.org\",\"@graph\":[{\"@type\":\"Article\",\"@id\":\"https:\/\/filhosdaterra.org\/festa-religiosa-de-iniciativa-popular-vira-patrimonio-imaterial-de-teresina\/#article\",\"isPartOf\":{\"@id\":\"https:\/\/filhosdaterra.org\/festa-religiosa-de-iniciativa-popular-vira-patrimonio-imaterial-de-teresina\/\"},\"author\":{\"name\":\"editor@\",\"@id\":\"https:\/\/filhosdaterra.org\/#\/schema\/person\/8d05d45ba91354cc38ecfc05c089c6d0\"},\"headline\":\"Festa religiosa de iniciativa popular vira patrim\u00f4nio imaterial de Teresina\",\"datePublished\":\"2022-09-21T19:44:37+00:00\",\"dateModified\":\"2023-11-17T14:08:22+00:00\",\"mainEntityOfPage\":{\"@id\":\"https:\/\/filhosdaterra.org\/festa-religiosa-de-iniciativa-popular-vira-patrimonio-imaterial-de-teresina\/\"},\"wordCount\":405,\"commentCount\":0,\"publisher\":{\"@id\":\"https:\/\/filhosdaterra.org\/#organization\"},\"articleSection\":[\"Blog\"],\"inLanguage\":\"en-US\",\"potentialAction\":[{\"@type\":\"CommentAction\",\"name\":\"Comment\",\"target\":[\"https:\/\/filhosdaterra.org\/festa-religiosa-de-iniciativa-popular-vira-patrimonio-imaterial-de-teresina\/#respond\"]}]},{\"@type\":\"WebPage\",\"@id\":\"https:\/\/filhosdaterra.org\/festa-religiosa-de-iniciativa-popular-vira-patrimonio-imaterial-de-teresina\/\",\"url\":\"https:\/\/filhosdaterra.org\/festa-religiosa-de-iniciativa-popular-vira-patrimonio-imaterial-de-teresina\/\",\"name\":\"Festa religiosa de iniciativa popular vira patrim\u00f4nio imaterial de Teresina - Filhos da Terra - Diversidade e Cultura\",\"isPartOf\":{\"@id\":\"https:\/\/filhosdaterra.org\/#website\"},\"datePublished\":\"2022-09-21T19:44:37+00:00\",\"dateModified\":\"2023-11-17T14:08:22+00:00\",\"breadcrumb\":{\"@id\":\"https:\/\/filhosdaterra.org\/festa-religiosa-de-iniciativa-popular-vira-patrimonio-imaterial-de-teresina\/#breadcrumb\"},\"inLanguage\":\"en-US\",\"potentialAction\":[{\"@type\":\"ReadAction\",\"target\":[\"https:\/\/filhosdaterra.org\/festa-religiosa-de-iniciativa-popular-vira-patrimonio-imaterial-de-teresina\/\"]}]},{\"@type\":\"BreadcrumbList\",\"@id\":\"https:\/\/filhosdaterra.org\/festa-religiosa-de-iniciativa-popular-vira-patrimonio-imaterial-de-teresina\/#breadcrumb\",\"itemListElement\":[{\"@type\":\"ListItem\",\"position\":1,\"name\":\"In\u00edcio\",\"item\":\"https:\/\/filhosdaterra.org\/\"},{\"@type\":\"ListItem\",\"position\":2,\"name\":\"Festa religiosa de iniciativa popular vira patrim\u00f4nio imaterial de Teresina\"}]},{\"@type\":\"WebSite\",\"@id\":\"https:\/\/filhosdaterra.org\/#website\",\"url\":\"https:\/\/filhosdaterra.org\/\",\"name\":\"Filhos da Terra - Diversidade e Cultura\",\"description\":\"O projeto busca documentar e mostrar ao Brasil quem \u00e9 o povo brasileiro, como s\u00e3o suas festas e celebra\u00e7\u00f5es.\",\"publisher\":{\"@id\":\"https:\/\/filhosdaterra.org\/#organization\"},\"potentialAction\":[{\"@type\":\"SearchAction\",\"target\":{\"@type\":\"EntryPoint\",\"urlTemplate\":\"https:\/\/filhosdaterra.org\/?s={search_term_string}\"},\"query-input\":\"required name=search_term_string\"}],\"inLanguage\":\"en-US\"},{\"@type\":\"Organization\",\"@id\":\"https:\/\/filhosdaterra.org\/#organization\",\"name\":\"Filhos da Terra - Diversidade e Cultura\",\"url\":\"https:\/\/filhosdaterra.org\/\",\"logo\":{\"@type\":\"ImageObject\",\"inLanguage\":\"en-US\",\"@id\":\"https:\/\/filhosdaterra.org\/#\/schema\/logo\/image\/\",\"url\":\"https:\/\/filhosdaterra.org\/wp-content\/uploads\/2022\/08\/logo-filhos-da-terra.png\",\"contentUrl\":\"https:\/\/filhosdaterra.org\/wp-content\/uploads\/2022\/08\/logo-filhos-da-terra.png\",\"width\":600,\"height\":517,\"caption\":\"Filhos da Terra - Diversidade e Cultura\"},\"image\":{\"@id\":\"https:\/\/filhosdaterra.org\/#\/schema\/logo\/image\/\"}},{\"@type\":\"Person\",\"@id\":\"https:\/\/filhosdaterra.org\/#\/schema\/person\/8d05d45ba91354cc38ecfc05c089c6d0\",\"name\":\"editor@\",\"image\":{\"@type\":\"ImageObject\",\"inLanguage\":\"en-US\",\"@id\":\"https:\/\/filhosdaterra.org\/#\/schema\/person\/image\/\",\"url\":\"https:\/\/secure.gravatar.com\/avatar\/f0ab3a18c92e84114ff42cb50aede4cc?s=96&d=mm&r=g\",\"contentUrl\":\"https:\/\/secure.gravatar.com\/avatar\/f0ab3a18c92e84114ff42cb50aede4cc?s=96&d=mm&r=g\",\"caption\":\"editor@\"},\"url\":\"https:\/\/filhosdaterra.org\/en\/author\/editor\/\"}]}<\/script>\n<!-- \/ Yoast SEO plugin. -->","yoast_head_json":{"title":"Festa religiosa de iniciativa popular vira patrim\u00f4nio imaterial de Teresina - Filhos da Terra - Diversidade e Cultura","robots":{"index":"index","follow":"follow","max-snippet":"max-snippet:-1","max-image-preview":"max-image-preview:large","max-video-preview":"max-video-preview:-1"},"canonical":"https:\/\/filhosdaterra.org\/en\/festa-religiosa-de-iniciativa-popular-vira-patrimonio-imaterial-de-teresina\/","og_locale":"en_US","og_type":"article","og_title":"Festa religiosa de iniciativa popular vira patrim\u00f4nio imaterial de Teresina - Filhos da Terra - Diversidade e Cultura","og_description":"8 de jul. de 2019 O prefeito Firmino Filho sancionou a Lei Municipal n\u00ba 5.394, que reconhece a Festa para S\u00e3o Jorge, realizada anualmente no dia 23 de abril por Mar\u00edlia Gomes de Oliveira, como Patrim\u00f4nio Hist\u00f3rico, Cultural, Religioso e Imaterial do Munic\u00edpio. A festa come\u00e7ou com uma devo\u00e7\u00e3o pessoal de Mar\u00edlia Gomes de Oliveira, [&hellip;]","og_url":"https:\/\/filhosdaterra.org\/en\/festa-religiosa-de-iniciativa-popular-vira-patrimonio-imaterial-de-teresina\/","og_site_name":"Filhos da Terra - Diversidade e Cultura","article_published_time":"2022-09-21T19:44:37+00:00","article_modified_time":"2023-11-17T14:08:22+00:00","og_image":[{"width":1200,"height":675,"url":"https:\/\/filhosdaterra.org\/wp-content\/uploads\/2024\/03\/placeholder.png","type":"image\/png"}],"author":"editor@","twitter_card":"summary_large_image","twitter_misc":{"Written by":"editor@","Est. reading time":"2 minutes"},"schema":{"@context":"https:\/\/schema.org","@graph":[{"@type":"Article","@id":"https:\/\/filhosdaterra.org\/festa-religiosa-de-iniciativa-popular-vira-patrimonio-imaterial-de-teresina\/#article","isPartOf":{"@id":"https:\/\/filhosdaterra.org\/festa-religiosa-de-iniciativa-popular-vira-patrimonio-imaterial-de-teresina\/"},"author":{"name":"editor@","@id":"https:\/\/filhosdaterra.org\/#\/schema\/person\/8d05d45ba91354cc38ecfc05c089c6d0"},"headline":"Festa religiosa de iniciativa popular vira patrim\u00f4nio imaterial de Teresina","datePublished":"2022-09-21T19:44:37+00:00","dateModified":"2023-11-17T14:08:22+00:00","mainEntityOfPage":{"@id":"https:\/\/filhosdaterra.org\/festa-religiosa-de-iniciativa-popular-vira-patrimonio-imaterial-de-teresina\/"},"wordCount":405,"commentCount":0,"publisher":{"@id":"https:\/\/filhosdaterra.org\/#organization"},"articleSection":["Blog"],"inLanguage":"en-US","potentialAction":[{"@type":"CommentAction","name":"Comment","target":["https:\/\/filhosdaterra.org\/festa-religiosa-de-iniciativa-popular-vira-patrimonio-imaterial-de-teresina\/#respond"]}]},{"@type":"WebPage","@id":"https:\/\/filhosdaterra.org\/festa-religiosa-de-iniciativa-popular-vira-patrimonio-imaterial-de-teresina\/","url":"https:\/\/filhosdaterra.org\/festa-religiosa-de-iniciativa-popular-vira-patrimonio-imaterial-de-teresina\/","name":"Festa religiosa de iniciativa popular vira patrim\u00f4nio imaterial de Teresina - Filhos da Terra - Diversidade e Cultura","isPartOf":{"@id":"https:\/\/filhosdaterra.org\/#website"},"datePublished":"2022-09-21T19:44:37+00:00","dateModified":"2023-11-17T14:08:22+00:00","breadcrumb":{"@id":"https:\/\/filhosdaterra.org\/festa-religiosa-de-iniciativa-popular-vira-patrimonio-imaterial-de-teresina\/#breadcrumb"},"inLanguage":"en-US","potentialAction":[{"@type":"ReadAction","target":["https:\/\/filhosdaterra.org\/festa-religiosa-de-iniciativa-popular-vira-patrimonio-imaterial-de-teresina\/"]}]},{"@type":"BreadcrumbList","@id":"https:\/\/filhosdaterra.org\/festa-religiosa-de-iniciativa-popular-vira-patrimonio-imaterial-de-teresina\/#breadcrumb","itemListElement":[{"@type":"ListItem","position":1,"name":"In\u00edcio","item":"https:\/\/filhosdaterra.org\/"},{"@type":"ListItem","position":2,"name":"Festa religiosa de iniciativa popular vira patrim\u00f4nio imaterial de Teresina"}]},{"@type":"WebSite","@id":"https:\/\/filhosdaterra.org\/#website","url":"https:\/\/filhosdaterra.org\/","name":"Filhos da Terra - Diversidade e Cultura","description":"O projeto busca documentar e mostrar ao Brasil quem \u00e9 o povo brasileiro, como s\u00e3o suas festas e celebra\u00e7\u00f5es.","publisher":{"@id":"https:\/\/filhosdaterra.org\/#organization"},"potentialAction":[{"@type":"SearchAction","target":{"@type":"EntryPoint","urlTemplate":"https:\/\/filhosdaterra.org\/?s={search_term_string}"},"query-input":"required name=search_term_string"}],"inLanguage":"en-US"},{"@type":"Organization","@id":"https:\/\/filhosdaterra.org\/#organization","name":"Filhos da Terra - Diversidade e Cultura","url":"https:\/\/filhosdaterra.org\/","logo":{"@type":"ImageObject","inLanguage":"en-US","@id":"https:\/\/filhosdaterra.org\/#\/schema\/logo\/image\/","url":"https:\/\/filhosdaterra.org\/wp-content\/uploads\/2022\/08\/logo-filhos-da-terra.png","contentUrl":"https:\/\/filhosdaterra.org\/wp-content\/uploads\/2022\/08\/logo-filhos-da-terra.png","width":600,"height":517,"caption":"Filhos da Terra - Diversidade e Cultura"},"image":{"@id":"https:\/\/filhosdaterra.org\/#\/schema\/logo\/image\/"}},{"@type":"Person","@id":"https:\/\/filhosdaterra.org\/#\/schema\/person\/8d05d45ba91354cc38ecfc05c089c6d0","name":"editor@","image":{"@type":"ImageObject","inLanguage":"en-US","@id":"https:\/\/filhosdaterra.org\/#\/schema\/person\/image\/","url":"https:\/\/secure.gravatar.com\/avatar\/f0ab3a18c92e84114ff42cb50aede4cc?s=96&d=mm&r=g","contentUrl":"https:\/\/secure.gravatar.com\/avatar\/f0ab3a18c92e84114ff42cb50aede4cc?s=96&d=mm&r=g","caption":"editor@"},"url":"https:\/\/filhosdaterra.org\/en\/author\/editor\/"}]}},"_links":{"self":[{"href":"https:\/\/filhosdaterra.org\/en\/wp-json\/wp\/v2\/posts\/479"}],"collection":[{"href":"https:\/\/filhosdaterra.org\/en\/wp-json\/wp\/v2\/posts"}],"about":[{"href":"https:\/\/filhosdaterra.org\/en\/wp-json\/wp\/v2\/types\/post"}],"author":[{"embeddable":true,"href":"https:\/\/filhosdaterra.org\/en\/wp-json\/wp\/v2\/users\/2"}],"replies":[{"embeddable":true,"href":"https:\/\/filhosdaterra.org\/en\/wp-json\/wp\/v2\/comments?post=479"}],"version-history":[{"count":1,"href":"https:\/\/filhosdaterra.org\/en\/wp-json\/wp\/v2\/posts\/479\/revisions"}],"predecessor-version":[{"id":480,"href":"https:\/\/filhosdaterra.org\/en\/wp-json\/wp\/v2\/posts\/479\/revisions\/480"}],"wp:attachment":[{"href":"https:\/\/filhosdaterra.org\/en\/wp-json\/wp\/v2\/media?parent=479"}],"wp:term":[{"taxonomy":"category","embeddable":true,"href":"https:\/\/filhosdaterra.org\/en\/wp-json\/wp\/v2\/categories?post=479"},{"taxonomy":"post_tag","embeddable":true,"href":"https:\/\/filhosdaterra.org\/en\/wp-json\/wp\/v2\/tags?post=479"}],"curies":[{"name":"wp","href":"https:\/\/api.w.org\/{rel}","templated":true}]}}