{"id":477,"date":"2022-09-21T14:42:24","date_gmt":"2022-09-21T17:42:24","guid":{"rendered":"https:\/\/filhosdaterra.org\/?p=477"},"modified":"2022-09-21T15:55:41","modified_gmt":"2022-09-21T18:55:41","slug":"premio-sao-benedito-de-arte-popular-seleciona-artista-para-reconstruir-a-estatua-do-santo-bragantino","status":"publish","type":"post","link":"https:\/\/filhosdaterra.org\/en\/premio-sao-benedito-de-arte-popular-seleciona-artista-para-reconstruir-a-estatua-do-santo-bragantino\/","title":{"rendered":"Pr\u00eamio S\u00e3o Benedito de Arte Popular seleciona artista para reconstruir a est\u00e1tua do Santo Bragantino"},"content":{"rendered":"<p class=\"has-small-font-size\">9 de jul. de 2019<\/p>\n\n\n\n<h1 class=\"has-small-font-size wp-block-heading\">Da porta de casa, D. Z\u00e9lia e sua fam\u00edlia veneravam, todos os dias, a radiante imagem do Mirante de S\u00e3o Benedito, localizada \u00e0s margens do rio Caet\u00e9, em Bragan\u00e7a. A est\u00e1tua, constru\u00edda em 2009, integrava a estrutura de um dos principais pontos tur\u00edsticos do munic\u00edpio. Mas no dia 27 de maio deste ano o monumento desabou.<\/h1>\n\n\n\n<p class=\"has-small-font-size\">Est\u00e1tua original de S\u00e3o Benedito. (Foto: Ag. Par\u00e1)<\/p>\n\n\n\n<p class=\"has-small-font-size\">A queda, por\u00e9m, n\u00e3o abalou a f\u00e9 dos bragantinos. \u00c9 o caso da pequena Sophia Pietra, de apenas 9 anos, neta de D. Z\u00e9lia que, ao acordar, olhou na dire\u00e7\u00e3o do Mirante e n\u00e3o viu a imagem do padroeiro. O pequeno cora\u00e7\u00e3o devoto apertou. A av\u00f3 conta que quando a Secult lan\u00e7ou o edital &#8220;Pr\u00eamio S\u00e3o Benedito de Arte Popular&#8221;- que regulamenta a escolha do prot\u00f3tipo da nova est\u00e1tua por meio da vota\u00e7\u00e3o popular- ela e a neta fizeram um pedido ao Santo Preto: que crian\u00e7as tamb\u00e9m pudessem votar. E as preces da fam\u00edlia foram atendidas! Neste s\u00e1bado, Sophia votou pela primeira vez.<\/p>\n\n\n\n<p class=\"has-small-font-size\">A cerim\u00f4nia de abertura da vota\u00e7\u00e3o iniciou com uma ben\u00e7\u00e3o feita por Padre Elias, no Teatro Museu da Marujada, e contou com a presen\u00e7a da Secret\u00e1ria de Cultura, Ursula Vidal e sua equipe, do prefeito de Bragan\u00e7a, Raimundo Nonato, e do atual presidente da Marujada, Jo\u00e3o Batista Pinheiro. A vota\u00e7\u00e3o conta com o apoio do Tribunal Regional Eleitoral do Par\u00e1 (TRE\/PA) e \u00e9 feita via urna eletr\u00f4nica.<\/p>\n\n\n\n<p class=\"has-small-font-size\">Ao todo, quinze prot\u00f3tipos de artistas de 9 munic\u00edpios do Par\u00e1 foram pr\u00e9-selecionados. A imagem escolhida servir\u00e1 de base para a reprodu\u00e7\u00e3o em escala monumental no mirante da cidade, obra que ser\u00e1 realizada pela Secretaria de Estado de Desenvolvimento Urbano e Obras P\u00fablicas (Sedop). O escultor do prot\u00f3tipo vencedor receber\u00e1 uma premia\u00e7\u00e3o no valor de R$ 8mil.<\/p>\n\n\n\n<p class=\"has-small-font-size\">&#8220;A devo\u00e7\u00e3o de marujos e marujas, o cuidado com a preserva\u00e7\u00e3o da mem\u00f3ria e da tradi\u00e7\u00e3o e a dedica\u00e7\u00e3o da Irmandade de S\u00e3o Benedito s\u00e3o um exemplo do povo Bragantino para todo o Par\u00e1. A Marujada \u00e9 uma das mais bonitas festas religiosas<\/p>\n\n\n\n<p class=\"has-small-font-size\">do pa\u00eds, amplificada pela for\u00e7a da m\u00fasica e dan\u00e7a. A festa representa, hoje, uma das principais manifesta\u00e7\u00f5es de nossa cultura popular. \u00c9 uma alegria pro governo do estado, por meio da Secult, promover esta integra\u00e7\u00e3o da comunidade na escolha do novo monumento. E de uma forma t\u00e3o democr\u00e1tica: por meio de vota\u00e7\u00e3o em urna eletr\u00f4nica&#8221;, afirmou Ursula Vidal.<\/p>\n\n\n\n<p class=\"has-small-font-size\">Prociss\u00e3o de S\u00e3o Benedito durante as Celebra\u00e7\u00f5es da Marujada. (Foto: Eraldo Peres\/Projeto Filhos da Terra)<\/p>\n\n\n\n<p class=\"has-small-font-size\"><strong>Cartografia Cultural<\/strong><\/p>\n\n\n\n<p class=\"has-small-font-size\">As celebra\u00e7\u00f5es da Marujada e as homenagens ao Santo Preto Bragantino fazem parte do Acervo Editorial do projeto Filhos da Terra, no qual documentamos as manifesta\u00e7\u00f5es da cultura popular e o patrim\u00f4nio cultural imaterial brasileiro.<\/p>\n\n\n\n<p class=\"has-small-font-size\">A documenta\u00e7\u00e3o gerou uma<a href=\"https:\/\/filhosdaterra.org\/en\/galerias\/\"> Galeria de Imagens<\/a> com fotografias do documentarista Eraldo Peres, e um<a href=\"https:\/\/docs.wixstatic.com\/ugd\/0a792b_09863984a5934efd8a221c307cd08571.pdf\"> Caderno de Pesquisa<\/a> com informa\u00e7\u00f5es e refer\u00eancias textuais e imag\u00e9ticas da Marujada.<\/p>\n\n\n\n<p class=\"has-small-font-size\"><em>Com informa\u00e7\u00f5es da Ag\u00eancia Par\u00e1.<\/em><\/p>","protected":false},"excerpt":{"rendered":"<p>9 de jul. de 2019 Da porta de casa, D. Z\u00e9lia e sua fam\u00edlia veneravam, todos os dias, a radiante imagem do Mirante de S\u00e3o Benedito, localizada \u00e0s margens do rio Caet\u00e9, em Bragan\u00e7a. A est\u00e1tua, constru\u00edda em 2009, integrava a estrutura de um dos principais pontos tur\u00edsticos do munic\u00edpio. Mas no dia 27 de [&hellip;]<\/p>","protected":false},"author":2,"featured_media":0,"comment_status":"open","ping_status":"open","sticky":false,"template":"","format":"standard","meta":{"content-type":"","inline_featured_image":false,"footnotes":""},"categories":[5],"tags":[],"acf":[],"yoast_head":"<!-- This site is optimized with the Yoast SEO plugin v22.2 - https:\/\/yoast.com\/wordpress\/plugins\/seo\/ -->\n<title>Pr\u00eamio S\u00e3o Benedito de Arte Popular seleciona artista para reconstruir a est\u00e1tua do Santo Bragantino - Filhos da Terra - Diversidade e Cultura<\/title>\n<meta name=\"robots\" content=\"index, follow, max-snippet:-1, max-image-preview:large, max-video-preview:-1\" \/>\n<link rel=\"canonical\" href=\"https:\/\/filhosdaterra.org\/en\/premio-sao-benedito-de-arte-popular-seleciona-artista-para-reconstruir-a-estatua-do-santo-bragantino\/\" \/>\n<meta property=\"og:locale\" content=\"en_US\" \/>\n<meta property=\"og:type\" content=\"article\" \/>\n<meta property=\"og:title\" content=\"Pr\u00eamio S\u00e3o Benedito de Arte Popular seleciona artista para reconstruir a est\u00e1tua do Santo Bragantino - Filhos da Terra - Diversidade e Cultura\" \/>\n<meta property=\"og:description\" content=\"9 de jul. de 2019 Da porta de casa, D. Z\u00e9lia e sua fam\u00edlia veneravam, todos os dias, a radiante imagem do Mirante de S\u00e3o Benedito, localizada \u00e0s margens do rio Caet\u00e9, em Bragan\u00e7a. A est\u00e1tua, constru\u00edda em 2009, integrava a estrutura de um dos principais pontos tur\u00edsticos do munic\u00edpio. Mas no dia 27 de [&hellip;]\" \/>\n<meta property=\"og:url\" content=\"https:\/\/filhosdaterra.org\/en\/premio-sao-benedito-de-arte-popular-seleciona-artista-para-reconstruir-a-estatua-do-santo-bragantino\/\" \/>\n<meta property=\"og:site_name\" content=\"Filhos da Terra - Diversidade e Cultura\" \/>\n<meta property=\"article:published_time\" content=\"2022-09-21T17:42:24+00:00\" \/>\n<meta property=\"article:modified_time\" content=\"2022-09-21T18:55:41+00:00\" \/>\n<meta property=\"og:image\" content=\"https:\/\/filhosdaterra.org\/wp-content\/uploads\/2024\/03\/placeholder.png\" \/>\n\t<meta property=\"og:image:width\" content=\"1200\" \/>\n\t<meta property=\"og:image:height\" content=\"675\" \/>\n\t<meta property=\"og:image:type\" content=\"image\/png\" \/>\n<meta name=\"author\" content=\"editor@\" \/>\n<meta name=\"twitter:card\" content=\"summary_large_image\" \/>\n<meta name=\"twitter:label1\" content=\"Written by\" \/>\n\t<meta name=\"twitter:data1\" content=\"editor@\" \/>\n\t<meta name=\"twitter:label2\" content=\"Est. reading time\" \/>\n\t<meta name=\"twitter:data2\" content=\"3 minutes\" \/>\n<script type=\"application\/ld+json\" class=\"yoast-schema-graph\">{\"@context\":\"https:\/\/schema.org\",\"@graph\":[{\"@type\":\"Article\",\"@id\":\"https:\/\/filhosdaterra.org\/premio-sao-benedito-de-arte-popular-seleciona-artista-para-reconstruir-a-estatua-do-santo-bragantino\/#article\",\"isPartOf\":{\"@id\":\"https:\/\/filhosdaterra.org\/premio-sao-benedito-de-arte-popular-seleciona-artista-para-reconstruir-a-estatua-do-santo-bragantino\/\"},\"author\":{\"name\":\"editor@\",\"@id\":\"https:\/\/filhosdaterra.org\/#\/schema\/person\/8d05d45ba91354cc38ecfc05c089c6d0\"},\"headline\":\"Pr\u00eamio S\u00e3o Benedito de Arte Popular seleciona artista para reconstruir a est\u00e1tua do Santo Bragantino\",\"datePublished\":\"2022-09-21T17:42:24+00:00\",\"dateModified\":\"2022-09-21T18:55:41+00:00\",\"mainEntityOfPage\":{\"@id\":\"https:\/\/filhosdaterra.org\/premio-sao-benedito-de-arte-popular-seleciona-artista-para-reconstruir-a-estatua-do-santo-bragantino\/\"},\"wordCount\":563,\"commentCount\":0,\"publisher\":{\"@id\":\"https:\/\/filhosdaterra.org\/#organization\"},\"articleSection\":[\"Blog\"],\"inLanguage\":\"en-US\",\"potentialAction\":[{\"@type\":\"CommentAction\",\"name\":\"Comment\",\"target\":[\"https:\/\/filhosdaterra.org\/premio-sao-benedito-de-arte-popular-seleciona-artista-para-reconstruir-a-estatua-do-santo-bragantino\/#respond\"]}]},{\"@type\":\"WebPage\",\"@id\":\"https:\/\/filhosdaterra.org\/premio-sao-benedito-de-arte-popular-seleciona-artista-para-reconstruir-a-estatua-do-santo-bragantino\/\",\"url\":\"https:\/\/filhosdaterra.org\/premio-sao-benedito-de-arte-popular-seleciona-artista-para-reconstruir-a-estatua-do-santo-bragantino\/\",\"name\":\"Pr\u00eamio S\u00e3o Benedito de Arte Popular seleciona artista para reconstruir a est\u00e1tua do Santo Bragantino - Filhos da Terra - Diversidade e Cultura\",\"isPartOf\":{\"@id\":\"https:\/\/filhosdaterra.org\/#website\"},\"datePublished\":\"2022-09-21T17:42:24+00:00\",\"dateModified\":\"2022-09-21T18:55:41+00:00\",\"breadcrumb\":{\"@id\":\"https:\/\/filhosdaterra.org\/premio-sao-benedito-de-arte-popular-seleciona-artista-para-reconstruir-a-estatua-do-santo-bragantino\/#breadcrumb\"},\"inLanguage\":\"en-US\",\"potentialAction\":[{\"@type\":\"ReadAction\",\"target\":[\"https:\/\/filhosdaterra.org\/premio-sao-benedito-de-arte-popular-seleciona-artista-para-reconstruir-a-estatua-do-santo-bragantino\/\"]}]},{\"@type\":\"BreadcrumbList\",\"@id\":\"https:\/\/filhosdaterra.org\/premio-sao-benedito-de-arte-popular-seleciona-artista-para-reconstruir-a-estatua-do-santo-bragantino\/#breadcrumb\",\"itemListElement\":[{\"@type\":\"ListItem\",\"position\":1,\"name\":\"In\u00edcio\",\"item\":\"https:\/\/filhosdaterra.org\/\"},{\"@type\":\"ListItem\",\"position\":2,\"name\":\"Pr\u00eamio S\u00e3o Benedito de Arte Popular seleciona artista para reconstruir a est\u00e1tua do Santo Bragantino\"}]},{\"@type\":\"WebSite\",\"@id\":\"https:\/\/filhosdaterra.org\/#website\",\"url\":\"https:\/\/filhosdaterra.org\/\",\"name\":\"Filhos da Terra - Diversidade e Cultura\",\"description\":\"O projeto busca documentar e mostrar ao Brasil quem \u00e9 o povo brasileiro, como s\u00e3o suas festas e celebra\u00e7\u00f5es.\",\"publisher\":{\"@id\":\"https:\/\/filhosdaterra.org\/#organization\"},\"potentialAction\":[{\"@type\":\"SearchAction\",\"target\":{\"@type\":\"EntryPoint\",\"urlTemplate\":\"https:\/\/filhosdaterra.org\/?s={search_term_string}\"},\"query-input\":\"required name=search_term_string\"}],\"inLanguage\":\"en-US\"},{\"@type\":\"Organization\",\"@id\":\"https:\/\/filhosdaterra.org\/#organization\",\"name\":\"Filhos da Terra - Diversidade e Cultura\",\"url\":\"https:\/\/filhosdaterra.org\/\",\"logo\":{\"@type\":\"ImageObject\",\"inLanguage\":\"en-US\",\"@id\":\"https:\/\/filhosdaterra.org\/#\/schema\/logo\/image\/\",\"url\":\"https:\/\/filhosdaterra.org\/wp-content\/uploads\/2022\/08\/logo-filhos-da-terra.png\",\"contentUrl\":\"https:\/\/filhosdaterra.org\/wp-content\/uploads\/2022\/08\/logo-filhos-da-terra.png\",\"width\":600,\"height\":517,\"caption\":\"Filhos da Terra - Diversidade e Cultura\"},\"image\":{\"@id\":\"https:\/\/filhosdaterra.org\/#\/schema\/logo\/image\/\"}},{\"@type\":\"Person\",\"@id\":\"https:\/\/filhosdaterra.org\/#\/schema\/person\/8d05d45ba91354cc38ecfc05c089c6d0\",\"name\":\"editor@\",\"image\":{\"@type\":\"ImageObject\",\"inLanguage\":\"en-US\",\"@id\":\"https:\/\/filhosdaterra.org\/#\/schema\/person\/image\/\",\"url\":\"https:\/\/secure.gravatar.com\/avatar\/f0ab3a18c92e84114ff42cb50aede4cc?s=96&d=mm&r=g\",\"contentUrl\":\"https:\/\/secure.gravatar.com\/avatar\/f0ab3a18c92e84114ff42cb50aede4cc?s=96&d=mm&r=g\",\"caption\":\"editor@\"},\"url\":\"https:\/\/filhosdaterra.org\/en\/author\/editor\/\"}]}<\/script>\n<!-- \/ Yoast SEO plugin. -->","yoast_head_json":{"title":"Pr\u00eamio S\u00e3o Benedito de Arte Popular seleciona artista para reconstruir a est\u00e1tua do Santo Bragantino - Filhos da Terra - Diversidade e Cultura","robots":{"index":"index","follow":"follow","max-snippet":"max-snippet:-1","max-image-preview":"max-image-preview:large","max-video-preview":"max-video-preview:-1"},"canonical":"https:\/\/filhosdaterra.org\/en\/premio-sao-benedito-de-arte-popular-seleciona-artista-para-reconstruir-a-estatua-do-santo-bragantino\/","og_locale":"en_US","og_type":"article","og_title":"Pr\u00eamio S\u00e3o Benedito de Arte Popular seleciona artista para reconstruir a est\u00e1tua do Santo Bragantino - Filhos da Terra - Diversidade e Cultura","og_description":"9 de jul. de 2019 Da porta de casa, D. Z\u00e9lia e sua fam\u00edlia veneravam, todos os dias, a radiante imagem do Mirante de S\u00e3o Benedito, localizada \u00e0s margens do rio Caet\u00e9, em Bragan\u00e7a. A est\u00e1tua, constru\u00edda em 2009, integrava a estrutura de um dos principais pontos tur\u00edsticos do munic\u00edpio. Mas no dia 27 de [&hellip;]","og_url":"https:\/\/filhosdaterra.org\/en\/premio-sao-benedito-de-arte-popular-seleciona-artista-para-reconstruir-a-estatua-do-santo-bragantino\/","og_site_name":"Filhos da Terra - Diversidade e Cultura","article_published_time":"2022-09-21T17:42:24+00:00","article_modified_time":"2022-09-21T18:55:41+00:00","og_image":[{"width":1200,"height":675,"url":"https:\/\/filhosdaterra.org\/wp-content\/uploads\/2024\/03\/placeholder.png","type":"image\/png"}],"author":"editor@","twitter_card":"summary_large_image","twitter_misc":{"Written by":"editor@","Est. reading time":"3 minutes"},"schema":{"@context":"https:\/\/schema.org","@graph":[{"@type":"Article","@id":"https:\/\/filhosdaterra.org\/premio-sao-benedito-de-arte-popular-seleciona-artista-para-reconstruir-a-estatua-do-santo-bragantino\/#article","isPartOf":{"@id":"https:\/\/filhosdaterra.org\/premio-sao-benedito-de-arte-popular-seleciona-artista-para-reconstruir-a-estatua-do-santo-bragantino\/"},"author":{"name":"editor@","@id":"https:\/\/filhosdaterra.org\/#\/schema\/person\/8d05d45ba91354cc38ecfc05c089c6d0"},"headline":"Pr\u00eamio S\u00e3o Benedito de Arte Popular seleciona artista para reconstruir a est\u00e1tua do Santo Bragantino","datePublished":"2022-09-21T17:42:24+00:00","dateModified":"2022-09-21T18:55:41+00:00","mainEntityOfPage":{"@id":"https:\/\/filhosdaterra.org\/premio-sao-benedito-de-arte-popular-seleciona-artista-para-reconstruir-a-estatua-do-santo-bragantino\/"},"wordCount":563,"commentCount":0,"publisher":{"@id":"https:\/\/filhosdaterra.org\/#organization"},"articleSection":["Blog"],"inLanguage":"en-US","potentialAction":[{"@type":"CommentAction","name":"Comment","target":["https:\/\/filhosdaterra.org\/premio-sao-benedito-de-arte-popular-seleciona-artista-para-reconstruir-a-estatua-do-santo-bragantino\/#respond"]}]},{"@type":"WebPage","@id":"https:\/\/filhosdaterra.org\/premio-sao-benedito-de-arte-popular-seleciona-artista-para-reconstruir-a-estatua-do-santo-bragantino\/","url":"https:\/\/filhosdaterra.org\/premio-sao-benedito-de-arte-popular-seleciona-artista-para-reconstruir-a-estatua-do-santo-bragantino\/","name":"Pr\u00eamio S\u00e3o Benedito de Arte Popular seleciona artista para reconstruir a est\u00e1tua do Santo Bragantino - Filhos da Terra - Diversidade e Cultura","isPartOf":{"@id":"https:\/\/filhosdaterra.org\/#website"},"datePublished":"2022-09-21T17:42:24+00:00","dateModified":"2022-09-21T18:55:41+00:00","breadcrumb":{"@id":"https:\/\/filhosdaterra.org\/premio-sao-benedito-de-arte-popular-seleciona-artista-para-reconstruir-a-estatua-do-santo-bragantino\/#breadcrumb"},"inLanguage":"en-US","potentialAction":[{"@type":"ReadAction","target":["https:\/\/filhosdaterra.org\/premio-sao-benedito-de-arte-popular-seleciona-artista-para-reconstruir-a-estatua-do-santo-bragantino\/"]}]},{"@type":"BreadcrumbList","@id":"https:\/\/filhosdaterra.org\/premio-sao-benedito-de-arte-popular-seleciona-artista-para-reconstruir-a-estatua-do-santo-bragantino\/#breadcrumb","itemListElement":[{"@type":"ListItem","position":1,"name":"In\u00edcio","item":"https:\/\/filhosdaterra.org\/"},{"@type":"ListItem","position":2,"name":"Pr\u00eamio S\u00e3o Benedito de Arte Popular seleciona artista para reconstruir a est\u00e1tua do Santo Bragantino"}]},{"@type":"WebSite","@id":"https:\/\/filhosdaterra.org\/#website","url":"https:\/\/filhosdaterra.org\/","name":"Filhos da Terra - Diversidade e Cultura","description":"O projeto busca documentar e mostrar ao Brasil quem \u00e9 o povo brasileiro, como s\u00e3o suas festas e celebra\u00e7\u00f5es.","publisher":{"@id":"https:\/\/filhosdaterra.org\/#organization"},"potentialAction":[{"@type":"SearchAction","target":{"@type":"EntryPoint","urlTemplate":"https:\/\/filhosdaterra.org\/?s={search_term_string}"},"query-input":"required name=search_term_string"}],"inLanguage":"en-US"},{"@type":"Organization","@id":"https:\/\/filhosdaterra.org\/#organization","name":"Filhos da Terra - Diversidade e Cultura","url":"https:\/\/filhosdaterra.org\/","logo":{"@type":"ImageObject","inLanguage":"en-US","@id":"https:\/\/filhosdaterra.org\/#\/schema\/logo\/image\/","url":"https:\/\/filhosdaterra.org\/wp-content\/uploads\/2022\/08\/logo-filhos-da-terra.png","contentUrl":"https:\/\/filhosdaterra.org\/wp-content\/uploads\/2022\/08\/logo-filhos-da-terra.png","width":600,"height":517,"caption":"Filhos da Terra - Diversidade e Cultura"},"image":{"@id":"https:\/\/filhosdaterra.org\/#\/schema\/logo\/image\/"}},{"@type":"Person","@id":"https:\/\/filhosdaterra.org\/#\/schema\/person\/8d05d45ba91354cc38ecfc05c089c6d0","name":"editor@","image":{"@type":"ImageObject","inLanguage":"en-US","@id":"https:\/\/filhosdaterra.org\/#\/schema\/person\/image\/","url":"https:\/\/secure.gravatar.com\/avatar\/f0ab3a18c92e84114ff42cb50aede4cc?s=96&d=mm&r=g","contentUrl":"https:\/\/secure.gravatar.com\/avatar\/f0ab3a18c92e84114ff42cb50aede4cc?s=96&d=mm&r=g","caption":"editor@"},"url":"https:\/\/filhosdaterra.org\/en\/author\/editor\/"}]}},"_links":{"self":[{"href":"https:\/\/filhosdaterra.org\/en\/wp-json\/wp\/v2\/posts\/477"}],"collection":[{"href":"https:\/\/filhosdaterra.org\/en\/wp-json\/wp\/v2\/posts"}],"about":[{"href":"https:\/\/filhosdaterra.org\/en\/wp-json\/wp\/v2\/types\/post"}],"author":[{"embeddable":true,"href":"https:\/\/filhosdaterra.org\/en\/wp-json\/wp\/v2\/users\/2"}],"replies":[{"embeddable":true,"href":"https:\/\/filhosdaterra.org\/en\/wp-json\/wp\/v2\/comments?post=477"}],"version-history":[{"count":1,"href":"https:\/\/filhosdaterra.org\/en\/wp-json\/wp\/v2\/posts\/477\/revisions"}],"predecessor-version":[{"id":478,"href":"https:\/\/filhosdaterra.org\/en\/wp-json\/wp\/v2\/posts\/477\/revisions\/478"}],"wp:attachment":[{"href":"https:\/\/filhosdaterra.org\/en\/wp-json\/wp\/v2\/media?parent=477"}],"wp:term":[{"taxonomy":"category","embeddable":true,"href":"https:\/\/filhosdaterra.org\/en\/wp-json\/wp\/v2\/categories?post=477"},{"taxonomy":"post_tag","embeddable":true,"href":"https:\/\/filhosdaterra.org\/en\/wp-json\/wp\/v2\/tags?post=477"}],"curies":[{"name":"wp","href":"https:\/\/api.w.org\/{rel}","templated":true}]}}