{"id":475,"date":"2022-09-21T15:55:28","date_gmt":"2022-09-21T18:55:28","guid":{"rendered":"https:\/\/filhosdaterra.org\/?p=475"},"modified":"2023-11-17T11:09:20","modified_gmt":"2023-11-17T14:09:20","slug":"patrimonio-imaterial-sera-tema-de-jornada-durante-festival-de-inverno-em-mg","status":"publish","type":"post","link":"https:\/\/filhosdaterra.org\/en\/patrimonio-imaterial-sera-tema-de-jornada-durante-festival-de-inverno-em-mg\/","title":{"rendered":"Patrim\u00f4nio Imaterial ser\u00e1 tema de jornada durante Festival de Inverno em MG"},"content":{"rendered":"<p class=\"has-small-font-size\">9 de jul. de 2019<\/p>\r\n\r\n\r\n\r\n<h1 class=\"has-small-font-size wp-block-heading\"><em>Evento reunir\u00e1 representantes de comunidades tradicionais, como a dos Arturos, Reinado do Jatob\u00e1 e Terreiro Il\u00ea Wopo Olojukan.<\/em><\/h1>\r\n\r\n\r\n\r\n<p class=\"has-small-font-size\">Festa dos Arturos, em Contagem: representantes da comunidade v\u00e3o participar da jornada (Foto: Elias Ramos \/ Prefeitura de Contagem)<\/p>\r\n\r\n\r\n\r\n<p class=\"has-small-font-size\">No pr\u00f3ximo dia 16, ter\u00e7a-feira, o Conservat\u00f3rio UFMG vai abrigar a 1\u00aa Jornada de Estudos sobre o Patrim\u00f4nio Cultural Imaterial. Pesquisadores, gestores e representantes de comunidades cujos saberes e pr\u00e1ticas foram patrimonializados v\u00e3o integrar duas rodas de conversa sobre o patrim\u00f4nio imaterial. Institu\u00edda recentemente, a modalidade se caracteriza pelo protagonismo dos atores dos saberes e pr\u00e1ticas vinculadas \u00e0 cultura popular e ao conhecimento tradicional. A jornada integra a 51\u00aa edi\u00e7\u00e3o do Festival de Inverno da UFMG, e as inscri\u00e7\u00f5es podem ser feitas<a href=\"https:\/\/www.ufmg.br\/cultura\/index.php?option=com_content&amp;view=article&amp;id=1985&amp;Itemid=121\"> neste site<\/a>. Os participantes receber\u00e3o certificado.<\/p>\r\n\r\n\r\n\r\n<p class=\"has-small-font-size\">A primeira mesa vai tratar dos sentidos locais da patrimonializa\u00e7\u00e3o, ou seja, como as comunidades lidam com a nova simbologia, o que mudou para elas e qual \u00e9 a pauta de reivindica\u00e7\u00f5es. A conversa vai reunir, entre outras, representantes da Comunidade dos Arturos, do Reinado do Jatob\u00e1 e do Terreiro Il\u00ea Wopo Olojukan. No segundo encontro, gestores do patrim\u00f4nio hist\u00f3rico e art\u00edstico, estudiosos do tema e representantes de comunidades v\u00e3o debater os desafios que envolvem a patrimonializa\u00e7\u00e3o.\u00a0<\/p>\r\n\r\n\r\n\r\n<p class=\"has-small-font-size\"><strong>Pr\u00e1ticas que n\u00e3o se separam das pessoas<\/strong> \u201cA concep\u00e7\u00e3o tradicional de patrim\u00f4nio abrange, por exemplo, pr\u00e9dios tombados e objetos que saem de circula\u00e7\u00e3o para serem exibidos em museus. Nosso desafio \u00e9 pensar sobre o que acontece com pr\u00e1ticas culturais que n\u00e3o podem ser separadas das pessoas, tampouco do que elas decidem e da forma como lidam com os novos significados e usos de experi\u00eancias, lugares e conhecimentos declarados patrim\u00f4nio cultural\u201d, afirma a antrop\u00f3loga L\u00facia Campos, professora da Uemg que realiza est\u00e1gio p\u00f3s-doutoral na Escola de M\u00fasica da UFMG. Ela \u00e9 uma das curadoras da Jornada, ao lado das professoras Leda Martins, da Faculdade de Letras, e Glaura Lucas, da Escola de M\u00fasica.<\/p>\r\n\r\n\r\n\r\n<p class=\"has-small-font-size\">Glaura Lucas ressalta a participa\u00e7\u00e3o dos membros das comunidades, que adotam a categoria do patrim\u00f4nio imaterial e tomam a iniciativa de reivindicar essa prote\u00e7\u00e3o.<\/p>\r\n\r\n\r\n\r\n<p class=\"has-small-font-size\">\u201c\u00c9 importante conhecer os motivos pelos quais as comunidades desejam a patrimonializa\u00e7\u00e3o, os sentidos profundos relacionados \u00e0 vida, ancestralidade e continuidade. O di\u00e1logo com as ag\u00eancias de prote\u00e7\u00e3o do patrim\u00f4nio contribui para fortalecer as comunidades e garantir a transmiss\u00e3o de rituais e valores para as pr\u00f3ximas gera\u00e7\u00f5es&#8221;.<\/p>\r\n\r\n\r\n\r\n<p class=\"has-small-font-size\">A 1\u00aa Jornada de Estudos sobre o Patrim\u00f4nio Cultural Imaterial ser\u00e1 aberta pela antrop\u00f3loga e professora da UFRJ Maria Laura Viveiros de Castro Cavalcanti, que far\u00e1 a palestra Caminhos das culturas populares e pol\u00edticas p\u00fablicas de patrim\u00f4nio cultural imaterial. Ela \u00e9 organizadora, com Joana Corr\u00eaa, doutora pela UFRJ, do livro <em>Enlaces: estudos de folclore e culturas populares<\/em>, que ser\u00e1 lan\u00e7ado no encerramento do encontro.<\/p>\r\n\r\n\r\n\r\n<p class=\"has-small-font-size\"><em>Com informa\u00e7\u00f5es da UFMG\/Itamar Rigueira Jr.<\/em><\/p>","protected":false},"excerpt":{"rendered":"<p>9 de jul. de 2019 Evento reunir\u00e1 representantes de comunidades tradicionais, como a dos Arturos, Reinado do Jatob\u00e1 e Terreiro Il\u00ea Wopo Olojukan. Festa dos Arturos, em Contagem: representantes da comunidade v\u00e3o participar da jornada (Foto: Elias Ramos \/ Prefeitura de Contagem) No pr\u00f3ximo dia 16, ter\u00e7a-feira, o Conservat\u00f3rio UFMG vai abrigar a 1\u00aa Jornada [&hellip;]<\/p>","protected":false},"author":2,"featured_media":0,"comment_status":"open","ping_status":"open","sticky":false,"template":"","format":"standard","meta":{"content-type":"","inline_featured_image":false,"footnotes":""},"categories":[5],"tags":[],"acf":[],"yoast_head":"<!-- This site is optimized with the Yoast SEO plugin v22.2 - https:\/\/yoast.com\/wordpress\/plugins\/seo\/ -->\n<title>Patrim\u00f4nio Imaterial ser\u00e1 tema de jornada durante Festival de Inverno em MG - Filhos da Terra - Diversidade e Cultura<\/title>\n<meta name=\"robots\" content=\"index, follow, max-snippet:-1, max-image-preview:large, max-video-preview:-1\" \/>\n<link rel=\"canonical\" href=\"https:\/\/filhosdaterra.org\/en\/patrimonio-imaterial-sera-tema-de-jornada-durante-festival-de-inverno-em-mg\/\" \/>\n<meta property=\"og:locale\" content=\"en_US\" \/>\n<meta property=\"og:type\" content=\"article\" \/>\n<meta property=\"og:title\" content=\"Patrim\u00f4nio Imaterial ser\u00e1 tema de jornada durante Festival de Inverno em MG - Filhos da Terra - Diversidade e Cultura\" \/>\n<meta property=\"og:description\" content=\"9 de jul. de 2019 Evento reunir\u00e1 representantes de comunidades tradicionais, como a dos Arturos, Reinado do Jatob\u00e1 e Terreiro Il\u00ea Wopo Olojukan. Festa dos Arturos, em Contagem: representantes da comunidade v\u00e3o participar da jornada (Foto: Elias Ramos \/ Prefeitura de Contagem) No pr\u00f3ximo dia 16, ter\u00e7a-feira, o Conservat\u00f3rio UFMG vai abrigar a 1\u00aa Jornada [&hellip;]\" \/>\n<meta property=\"og:url\" content=\"https:\/\/filhosdaterra.org\/en\/patrimonio-imaterial-sera-tema-de-jornada-durante-festival-de-inverno-em-mg\/\" \/>\n<meta property=\"og:site_name\" content=\"Filhos da Terra - Diversidade e Cultura\" \/>\n<meta property=\"article:published_time\" content=\"2022-09-21T18:55:28+00:00\" \/>\n<meta property=\"article:modified_time\" content=\"2023-11-17T14:09:20+00:00\" \/>\n<meta property=\"og:image\" content=\"https:\/\/filhosdaterra.org\/wp-content\/uploads\/2024\/03\/placeholder.png\" \/>\n\t<meta property=\"og:image:width\" content=\"1200\" \/>\n\t<meta property=\"og:image:height\" content=\"675\" \/>\n\t<meta property=\"og:image:type\" content=\"image\/png\" \/>\n<meta name=\"author\" content=\"editor@\" \/>\n<meta name=\"twitter:card\" content=\"summary_large_image\" \/>\n<meta name=\"twitter:label1\" content=\"Written by\" \/>\n\t<meta name=\"twitter:data1\" content=\"editor@\" \/>\n\t<meta name=\"twitter:label2\" content=\"Est. reading time\" \/>\n\t<meta name=\"twitter:data2\" content=\"3 minutes\" \/>\n<script type=\"application\/ld+json\" class=\"yoast-schema-graph\">{\"@context\":\"https:\/\/schema.org\",\"@graph\":[{\"@type\":\"Article\",\"@id\":\"https:\/\/filhosdaterra.org\/patrimonio-imaterial-sera-tema-de-jornada-durante-festival-de-inverno-em-mg\/#article\",\"isPartOf\":{\"@id\":\"https:\/\/filhosdaterra.org\/patrimonio-imaterial-sera-tema-de-jornada-durante-festival-de-inverno-em-mg\/\"},\"author\":{\"name\":\"editor@\",\"@id\":\"https:\/\/filhosdaterra.org\/#\/schema\/person\/8d05d45ba91354cc38ecfc05c089c6d0\"},\"headline\":\"Patrim\u00f4nio Imaterial ser\u00e1 tema de jornada durante Festival de Inverno em MG\",\"datePublished\":\"2022-09-21T18:55:28+00:00\",\"dateModified\":\"2023-11-17T14:09:20+00:00\",\"mainEntityOfPage\":{\"@id\":\"https:\/\/filhosdaterra.org\/patrimonio-imaterial-sera-tema-de-jornada-durante-festival-de-inverno-em-mg\/\"},\"wordCount\":515,\"commentCount\":0,\"publisher\":{\"@id\":\"https:\/\/filhosdaterra.org\/#organization\"},\"articleSection\":[\"Blog\"],\"inLanguage\":\"en-US\",\"potentialAction\":[{\"@type\":\"CommentAction\",\"name\":\"Comment\",\"target\":[\"https:\/\/filhosdaterra.org\/patrimonio-imaterial-sera-tema-de-jornada-durante-festival-de-inverno-em-mg\/#respond\"]}]},{\"@type\":\"WebPage\",\"@id\":\"https:\/\/filhosdaterra.org\/patrimonio-imaterial-sera-tema-de-jornada-durante-festival-de-inverno-em-mg\/\",\"url\":\"https:\/\/filhosdaterra.org\/patrimonio-imaterial-sera-tema-de-jornada-durante-festival-de-inverno-em-mg\/\",\"name\":\"Patrim\u00f4nio Imaterial ser\u00e1 tema de jornada durante Festival de Inverno em MG - Filhos da Terra - Diversidade e Cultura\",\"isPartOf\":{\"@id\":\"https:\/\/filhosdaterra.org\/#website\"},\"datePublished\":\"2022-09-21T18:55:28+00:00\",\"dateModified\":\"2023-11-17T14:09:20+00:00\",\"breadcrumb\":{\"@id\":\"https:\/\/filhosdaterra.org\/patrimonio-imaterial-sera-tema-de-jornada-durante-festival-de-inverno-em-mg\/#breadcrumb\"},\"inLanguage\":\"en-US\",\"potentialAction\":[{\"@type\":\"ReadAction\",\"target\":[\"https:\/\/filhosdaterra.org\/patrimonio-imaterial-sera-tema-de-jornada-durante-festival-de-inverno-em-mg\/\"]}]},{\"@type\":\"BreadcrumbList\",\"@id\":\"https:\/\/filhosdaterra.org\/patrimonio-imaterial-sera-tema-de-jornada-durante-festival-de-inverno-em-mg\/#breadcrumb\",\"itemListElement\":[{\"@type\":\"ListItem\",\"position\":1,\"name\":\"In\u00edcio\",\"item\":\"https:\/\/filhosdaterra.org\/\"},{\"@type\":\"ListItem\",\"position\":2,\"name\":\"Patrim\u00f4nio Imaterial ser\u00e1 tema de jornada durante Festival de Inverno em MG\"}]},{\"@type\":\"WebSite\",\"@id\":\"https:\/\/filhosdaterra.org\/#website\",\"url\":\"https:\/\/filhosdaterra.org\/\",\"name\":\"Filhos da Terra - Diversidade e Cultura\",\"description\":\"O projeto busca documentar e mostrar ao Brasil quem \u00e9 o povo brasileiro, como s\u00e3o suas festas e celebra\u00e7\u00f5es.\",\"publisher\":{\"@id\":\"https:\/\/filhosdaterra.org\/#organization\"},\"potentialAction\":[{\"@type\":\"SearchAction\",\"target\":{\"@type\":\"EntryPoint\",\"urlTemplate\":\"https:\/\/filhosdaterra.org\/?s={search_term_string}\"},\"query-input\":\"required name=search_term_string\"}],\"inLanguage\":\"en-US\"},{\"@type\":\"Organization\",\"@id\":\"https:\/\/filhosdaterra.org\/#organization\",\"name\":\"Filhos da Terra - Diversidade e Cultura\",\"url\":\"https:\/\/filhosdaterra.org\/\",\"logo\":{\"@type\":\"ImageObject\",\"inLanguage\":\"en-US\",\"@id\":\"https:\/\/filhosdaterra.org\/#\/schema\/logo\/image\/\",\"url\":\"https:\/\/filhosdaterra.org\/wp-content\/uploads\/2022\/08\/logo-filhos-da-terra.png\",\"contentUrl\":\"https:\/\/filhosdaterra.org\/wp-content\/uploads\/2022\/08\/logo-filhos-da-terra.png\",\"width\":600,\"height\":517,\"caption\":\"Filhos da Terra - Diversidade e Cultura\"},\"image\":{\"@id\":\"https:\/\/filhosdaterra.org\/#\/schema\/logo\/image\/\"}},{\"@type\":\"Person\",\"@id\":\"https:\/\/filhosdaterra.org\/#\/schema\/person\/8d05d45ba91354cc38ecfc05c089c6d0\",\"name\":\"editor@\",\"image\":{\"@type\":\"ImageObject\",\"inLanguage\":\"en-US\",\"@id\":\"https:\/\/filhosdaterra.org\/#\/schema\/person\/image\/\",\"url\":\"https:\/\/secure.gravatar.com\/avatar\/f0ab3a18c92e84114ff42cb50aede4cc?s=96&d=mm&r=g\",\"contentUrl\":\"https:\/\/secure.gravatar.com\/avatar\/f0ab3a18c92e84114ff42cb50aede4cc?s=96&d=mm&r=g\",\"caption\":\"editor@\"},\"url\":\"https:\/\/filhosdaterra.org\/en\/author\/editor\/\"}]}<\/script>\n<!-- \/ Yoast SEO plugin. -->","yoast_head_json":{"title":"Patrim\u00f4nio Imaterial ser\u00e1 tema de jornada durante Festival de Inverno em MG - Filhos da Terra - Diversidade e Cultura","robots":{"index":"index","follow":"follow","max-snippet":"max-snippet:-1","max-image-preview":"max-image-preview:large","max-video-preview":"max-video-preview:-1"},"canonical":"https:\/\/filhosdaterra.org\/en\/patrimonio-imaterial-sera-tema-de-jornada-durante-festival-de-inverno-em-mg\/","og_locale":"en_US","og_type":"article","og_title":"Patrim\u00f4nio Imaterial ser\u00e1 tema de jornada durante Festival de Inverno em MG - Filhos da Terra - Diversidade e Cultura","og_description":"9 de jul. de 2019 Evento reunir\u00e1 representantes de comunidades tradicionais, como a dos Arturos, Reinado do Jatob\u00e1 e Terreiro Il\u00ea Wopo Olojukan. Festa dos Arturos, em Contagem: representantes da comunidade v\u00e3o participar da jornada (Foto: Elias Ramos \/ Prefeitura de Contagem) No pr\u00f3ximo dia 16, ter\u00e7a-feira, o Conservat\u00f3rio UFMG vai abrigar a 1\u00aa Jornada [&hellip;]","og_url":"https:\/\/filhosdaterra.org\/en\/patrimonio-imaterial-sera-tema-de-jornada-durante-festival-de-inverno-em-mg\/","og_site_name":"Filhos da Terra - Diversidade e Cultura","article_published_time":"2022-09-21T18:55:28+00:00","article_modified_time":"2023-11-17T14:09:20+00:00","og_image":[{"width":1200,"height":675,"url":"https:\/\/filhosdaterra.org\/wp-content\/uploads\/2024\/03\/placeholder.png","type":"image\/png"}],"author":"editor@","twitter_card":"summary_large_image","twitter_misc":{"Written by":"editor@","Est. reading time":"3 minutes"},"schema":{"@context":"https:\/\/schema.org","@graph":[{"@type":"Article","@id":"https:\/\/filhosdaterra.org\/patrimonio-imaterial-sera-tema-de-jornada-durante-festival-de-inverno-em-mg\/#article","isPartOf":{"@id":"https:\/\/filhosdaterra.org\/patrimonio-imaterial-sera-tema-de-jornada-durante-festival-de-inverno-em-mg\/"},"author":{"name":"editor@","@id":"https:\/\/filhosdaterra.org\/#\/schema\/person\/8d05d45ba91354cc38ecfc05c089c6d0"},"headline":"Patrim\u00f4nio Imaterial ser\u00e1 tema de jornada durante Festival de Inverno em MG","datePublished":"2022-09-21T18:55:28+00:00","dateModified":"2023-11-17T14:09:20+00:00","mainEntityOfPage":{"@id":"https:\/\/filhosdaterra.org\/patrimonio-imaterial-sera-tema-de-jornada-durante-festival-de-inverno-em-mg\/"},"wordCount":515,"commentCount":0,"publisher":{"@id":"https:\/\/filhosdaterra.org\/#organization"},"articleSection":["Blog"],"inLanguage":"en-US","potentialAction":[{"@type":"CommentAction","name":"Comment","target":["https:\/\/filhosdaterra.org\/patrimonio-imaterial-sera-tema-de-jornada-durante-festival-de-inverno-em-mg\/#respond"]}]},{"@type":"WebPage","@id":"https:\/\/filhosdaterra.org\/patrimonio-imaterial-sera-tema-de-jornada-durante-festival-de-inverno-em-mg\/","url":"https:\/\/filhosdaterra.org\/patrimonio-imaterial-sera-tema-de-jornada-durante-festival-de-inverno-em-mg\/","name":"Patrim\u00f4nio Imaterial ser\u00e1 tema de jornada durante Festival de Inverno em MG - Filhos da Terra - Diversidade e Cultura","isPartOf":{"@id":"https:\/\/filhosdaterra.org\/#website"},"datePublished":"2022-09-21T18:55:28+00:00","dateModified":"2023-11-17T14:09:20+00:00","breadcrumb":{"@id":"https:\/\/filhosdaterra.org\/patrimonio-imaterial-sera-tema-de-jornada-durante-festival-de-inverno-em-mg\/#breadcrumb"},"inLanguage":"en-US","potentialAction":[{"@type":"ReadAction","target":["https:\/\/filhosdaterra.org\/patrimonio-imaterial-sera-tema-de-jornada-durante-festival-de-inverno-em-mg\/"]}]},{"@type":"BreadcrumbList","@id":"https:\/\/filhosdaterra.org\/patrimonio-imaterial-sera-tema-de-jornada-durante-festival-de-inverno-em-mg\/#breadcrumb","itemListElement":[{"@type":"ListItem","position":1,"name":"In\u00edcio","item":"https:\/\/filhosdaterra.org\/"},{"@type":"ListItem","position":2,"name":"Patrim\u00f4nio Imaterial ser\u00e1 tema de jornada durante Festival de Inverno em MG"}]},{"@type":"WebSite","@id":"https:\/\/filhosdaterra.org\/#website","url":"https:\/\/filhosdaterra.org\/","name":"Filhos da Terra - Diversidade e Cultura","description":"O projeto busca documentar e mostrar ao Brasil quem \u00e9 o povo brasileiro, como s\u00e3o suas festas e celebra\u00e7\u00f5es.","publisher":{"@id":"https:\/\/filhosdaterra.org\/#organization"},"potentialAction":[{"@type":"SearchAction","target":{"@type":"EntryPoint","urlTemplate":"https:\/\/filhosdaterra.org\/?s={search_term_string}"},"query-input":"required name=search_term_string"}],"inLanguage":"en-US"},{"@type":"Organization","@id":"https:\/\/filhosdaterra.org\/#organization","name":"Filhos da Terra - Diversidade e Cultura","url":"https:\/\/filhosdaterra.org\/","logo":{"@type":"ImageObject","inLanguage":"en-US","@id":"https:\/\/filhosdaterra.org\/#\/schema\/logo\/image\/","url":"https:\/\/filhosdaterra.org\/wp-content\/uploads\/2022\/08\/logo-filhos-da-terra.png","contentUrl":"https:\/\/filhosdaterra.org\/wp-content\/uploads\/2022\/08\/logo-filhos-da-terra.png","width":600,"height":517,"caption":"Filhos da Terra - Diversidade e Cultura"},"image":{"@id":"https:\/\/filhosdaterra.org\/#\/schema\/logo\/image\/"}},{"@type":"Person","@id":"https:\/\/filhosdaterra.org\/#\/schema\/person\/8d05d45ba91354cc38ecfc05c089c6d0","name":"editor@","image":{"@type":"ImageObject","inLanguage":"en-US","@id":"https:\/\/filhosdaterra.org\/#\/schema\/person\/image\/","url":"https:\/\/secure.gravatar.com\/avatar\/f0ab3a18c92e84114ff42cb50aede4cc?s=96&d=mm&r=g","contentUrl":"https:\/\/secure.gravatar.com\/avatar\/f0ab3a18c92e84114ff42cb50aede4cc?s=96&d=mm&r=g","caption":"editor@"},"url":"https:\/\/filhosdaterra.org\/en\/author\/editor\/"}]}},"_links":{"self":[{"href":"https:\/\/filhosdaterra.org\/en\/wp-json\/wp\/v2\/posts\/475"}],"collection":[{"href":"https:\/\/filhosdaterra.org\/en\/wp-json\/wp\/v2\/posts"}],"about":[{"href":"https:\/\/filhosdaterra.org\/en\/wp-json\/wp\/v2\/types\/post"}],"author":[{"embeddable":true,"href":"https:\/\/filhosdaterra.org\/en\/wp-json\/wp\/v2\/users\/2"}],"replies":[{"embeddable":true,"href":"https:\/\/filhosdaterra.org\/en\/wp-json\/wp\/v2\/comments?post=475"}],"version-history":[{"count":2,"href":"https:\/\/filhosdaterra.org\/en\/wp-json\/wp\/v2\/posts\/475\/revisions"}],"predecessor-version":[{"id":3231,"href":"https:\/\/filhosdaterra.org\/en\/wp-json\/wp\/v2\/posts\/475\/revisions\/3231"}],"wp:attachment":[{"href":"https:\/\/filhosdaterra.org\/en\/wp-json\/wp\/v2\/media?parent=475"}],"wp:term":[{"taxonomy":"category","embeddable":true,"href":"https:\/\/filhosdaterra.org\/en\/wp-json\/wp\/v2\/categories?post=475"},{"taxonomy":"post_tag","embeddable":true,"href":"https:\/\/filhosdaterra.org\/en\/wp-json\/wp\/v2\/tags?post=475"}],"curies":[{"name":"wp","href":"https:\/\/api.w.org\/{rel}","templated":true}]}}