{"id":471,"date":"2022-09-21T15:55:28","date_gmt":"2022-09-21T18:55:28","guid":{"rendered":"https:\/\/filhosdaterra.org\/?p=471"},"modified":"2023-11-17T11:09:08","modified_gmt":"2023-11-17T14:09:08","slug":"paraty-e-ilha-grande-recebem-titulo-de-patrimonio-cultural-e-natural-mundial-da-unesco","status":"publish","type":"post","link":"https:\/\/filhosdaterra.org\/en\/paraty-e-ilha-grande-recebem-titulo-de-patrimonio-cultural-e-natural-mundial-da-unesco\/","title":{"rendered":"Paraty e Ilha Grande recebem t\u00edtulo de patrim\u00f4nio cultural e natural mundial da Unesco"},"content":{"rendered":"<p class=\"has-small-font-size\">8 de jul. de 2019<\/p>\r\n\r\n\r\n\r\n<h1 class=\"has-small-font-size wp-block-heading\"><strong><em>A certifica\u00e7\u00e3o \u00e9 o reconhecimento internacional das belezas naturais da regi\u00e3o. Elas se juntam a outros 21 patrim\u00f4nios mundiais da humanidade brasileiros, dos quais sete s\u00e3o naturais e 14 s\u00e3o culturais<\/em><\/strong><\/h1>\r\n\r\n\r\n\r\n<p class=\"has-small-font-size\">Paraty e Ilha Grande, ambas no Rio de Janeiro, receberam, nesta sexta-feira, o t\u00edtulo de patrim\u00f4nio cultural e natural mundial da Unesco. Com o reconhecimento internacional, a regi\u00e3o se tornou o primeiro s\u00edtio misto do Brasil. A decis\u00e3o foi dada por um conjunto de 21 integrantes da entidade em Baku, Azerbaij\u00e3o. Agora, o Brasil tem 22 bens na lista de s\u00edtios de excepcional valor universal. Essa \u00e9 a primeira vez que o Brasil tem um s\u00edtio misto reconhecido por sua cultura e natureza.<\/p>\r\n\r\n\r\n\r\n<p class=\"has-small-font-size\">Ilha Grande (Foto: Embratur\/Divulga\u00e7\u00e3o)<\/p>\r\n\r\n\r\n\r\n<p class=\"has-small-font-size\">O t\u00edtulo abrange \u00e1reas de seis munic\u00edpios dos estados de S\u00e3o Paulo e Rio de Janeiro, sendo que a maior parte est\u00e1 em Paraty (RJ) e Angra dos Reis (RJ). A regi\u00e3o preservada inclui, ainda, Ubatuba (SP), Cunha (SP), S\u00e3o Jos\u00e9 do Barreiro (SP) e Areais (SP). Com cerca de 85% da cobertura vegetal nativa bem conservada, a \u00e1rea forma o segundo maior remanescente florestal do bioma Mata Atl\u00e2ntica e \u00e9 cercada por quatro \u00e1reas de conserva\u00e7\u00e3o ambiental, al\u00e9m de ser palco de um dos principais centros hist\u00f3ricos e culturais do pa\u00eds.<\/p>\r\n\r\n\r\n\r\n<p class=\"has-small-font-size\">Al\u00e9m da sua extens\u00e3o, as diferentes fisionomias vegetais permitem a ocorr\u00eancia de uma fauna e flora com diversas esp\u00e9cies raras e end\u00eamicas. Segundo o F\u00f3rum Econ\u00f4mico Mundial, o Brasil \u00e9 considerado o n\u00famero um em riquezas naturais e o 8\u00ba em bens culturais, dentre todas as na\u00e7\u00f5es do mundo.<\/p>\r\n\r\n\r\n\r\n<p class=\"has-small-font-size\">A diretora e representante da Unesco no Brasil, Marlova Lovchelovitch Noleto, destacou a diversidade cultural e natural da regi\u00e3o. \u201cFormada pelo interc\u00e2mbio das culturas ind\u00edgena, africana e cai\u00e7ara que se expressam nos bens culturais da cidade, Paraty engloba uma fus\u00e3o de caracter\u00edsticas pr\u00f3prias do patrim\u00f4nio material e imaterial. Ao mesmo tempo, a cidade apresenta exemplos de povos tradicionais que usam a terra e o mar de forma sustent\u00e1vel, demostrando a intera\u00e7\u00e3o do homem com o meio ambiente. Ao se unir \u00e0 Ilha Grande, o s\u00edtio torna-se ainda mais representativo com \u00e1reas de beleza natural excepcional\u201d, pontuou.\u00a0<\/p>\r\n\r\n\r\n\r\n<p class=\"has-small-font-size\">Acompanhando a decis\u00e3o, em Baku, a presidente do Instituto do Patrim\u00f4nio Hist\u00f3rico e Art\u00edstico Nacional (Iphan), K\u00e1tia Bog\u00e9a, comemora a volta para a casa com mais esse t\u00edtulo na bagagem do Brasil. \u201cEm Paraty e Ilha Grande, vemos de maneira excepcional e \u00fanica uma conjun\u00e7\u00e3o de beleza natural, biodiversidade \u00edmpar, manifesta\u00e7\u00f5es culturais, um conjunto hist\u00f3rico preservado, e testemunhos arqueol\u00f3gicos importantes para a compreens\u00e3o da evolu\u00e7\u00e3o da humanidade no planeta Terra\u201d, ressaltou a presidente.<\/p>\r\n\r\n\r\n\r\n<p class=\"has-small-font-size\">Atualmente, Paraty sedia a Flip (Feira Liter\u00e1ria de Paraty), um dos maiores e mais din\u00e2micos festivais de literatura do mundo. A cidade tamb\u00e9m j\u00e1 tem o t\u00edtulo de Cidade Criativa, concedido pela Unesco, por sua gastronomia. Seus s\u00edtios arqueol\u00f3gicos t\u00eam mais de quatro mil anos de exist\u00eancia, contendo vest\u00edgios de ocupa\u00e7\u00e3o humana, como sambaquis, cavernas, estruturas subterr\u00e2neas ou submersas. Al\u00e9m disso, a regi\u00e3o tem 36 esp\u00e9cies vegetais consideradas raras e cont\u00e9m os habitats naturais mais importantes e significativos para a conserva\u00e7\u00e3o da diversidade biol\u00f3gica.<\/p>\r\n\r\n\r\n\r\n<p class=\"has-small-font-size\">A candidatura de Paraty e Ilha Grande \u00e9 fruto de parceria entre o Minist\u00e9rio do Meio Ambiente, Iphan, Instituto Chico Mendes de Conserva\u00e7\u00e3o da Biodiversidade (ICMBio), prefeituras municipais de Paraty, de Angra dos Reis e Instituto Estadual do Ambiente (Inea).<\/p>\r\n\r\n\r\n\r\n<p class=\"has-small-font-size\"><em>Com informa\u00e7\u00f5es do jornal o Estado de Minas.<\/em><\/p>","protected":false},"excerpt":{"rendered":"<p>8 de jul. de 2019 A certifica\u00e7\u00e3o \u00e9 o reconhecimento internacional das belezas naturais da regi\u00e3o. Elas se juntam a outros 21 patrim\u00f4nios mundiais da humanidade brasileiros, dos quais sete s\u00e3o naturais e 14 s\u00e3o culturais Paraty e Ilha Grande, ambas no Rio de Janeiro, receberam, nesta sexta-feira, o t\u00edtulo de patrim\u00f4nio cultural e natural [&hellip;]<\/p>","protected":false},"author":2,"featured_media":0,"comment_status":"open","ping_status":"open","sticky":false,"template":"","format":"standard","meta":{"content-type":"","inline_featured_image":false,"footnotes":""},"categories":[5],"tags":[],"acf":[],"yoast_head":"<!-- This site is optimized with the Yoast SEO plugin v22.2 - https:\/\/yoast.com\/wordpress\/plugins\/seo\/ -->\n<title>Paraty e Ilha Grande recebem t\u00edtulo de patrim\u00f4nio cultural e natural mundial da Unesco - Filhos da Terra - Diversidade e Cultura<\/title>\n<meta name=\"robots\" content=\"index, follow, max-snippet:-1, max-image-preview:large, max-video-preview:-1\" \/>\n<link rel=\"canonical\" href=\"https:\/\/filhosdaterra.org\/en\/paraty-e-ilha-grande-recebem-titulo-de-patrimonio-cultural-e-natural-mundial-da-unesco\/\" \/>\n<meta property=\"og:locale\" content=\"en_US\" \/>\n<meta property=\"og:type\" content=\"article\" \/>\n<meta property=\"og:title\" content=\"Paraty e Ilha Grande recebem t\u00edtulo de patrim\u00f4nio cultural e natural mundial da Unesco - Filhos da Terra - Diversidade e Cultura\" \/>\n<meta property=\"og:description\" content=\"8 de jul. de 2019 A certifica\u00e7\u00e3o \u00e9 o reconhecimento internacional das belezas naturais da regi\u00e3o. Elas se juntam a outros 21 patrim\u00f4nios mundiais da humanidade brasileiros, dos quais sete s\u00e3o naturais e 14 s\u00e3o culturais Paraty e Ilha Grande, ambas no Rio de Janeiro, receberam, nesta sexta-feira, o t\u00edtulo de patrim\u00f4nio cultural e natural [&hellip;]\" \/>\n<meta property=\"og:url\" content=\"https:\/\/filhosdaterra.org\/en\/paraty-e-ilha-grande-recebem-titulo-de-patrimonio-cultural-e-natural-mundial-da-unesco\/\" \/>\n<meta property=\"og:site_name\" content=\"Filhos da Terra - Diversidade e Cultura\" \/>\n<meta property=\"article:published_time\" content=\"2022-09-21T18:55:28+00:00\" \/>\n<meta property=\"article:modified_time\" content=\"2023-11-17T14:09:08+00:00\" \/>\n<meta property=\"og:image\" content=\"https:\/\/filhosdaterra.org\/wp-content\/uploads\/2024\/03\/placeholder.png\" \/>\n\t<meta property=\"og:image:width\" content=\"1200\" \/>\n\t<meta property=\"og:image:height\" content=\"675\" \/>\n\t<meta property=\"og:image:type\" content=\"image\/png\" \/>\n<meta name=\"author\" content=\"editor@\" \/>\n<meta name=\"twitter:card\" content=\"summary_large_image\" \/>\n<meta name=\"twitter:label1\" content=\"Written by\" \/>\n\t<meta name=\"twitter:data1\" content=\"editor@\" \/>\n\t<meta name=\"twitter:label2\" content=\"Est. reading time\" \/>\n\t<meta name=\"twitter:data2\" content=\"3 minutes\" \/>\n<script type=\"application\/ld+json\" class=\"yoast-schema-graph\">{\"@context\":\"https:\/\/schema.org\",\"@graph\":[{\"@type\":\"Article\",\"@id\":\"https:\/\/filhosdaterra.org\/paraty-e-ilha-grande-recebem-titulo-de-patrimonio-cultural-e-natural-mundial-da-unesco\/#article\",\"isPartOf\":{\"@id\":\"https:\/\/filhosdaterra.org\/paraty-e-ilha-grande-recebem-titulo-de-patrimonio-cultural-e-natural-mundial-da-unesco\/\"},\"author\":{\"name\":\"editor@\",\"@id\":\"https:\/\/filhosdaterra.org\/#\/schema\/person\/8d05d45ba91354cc38ecfc05c089c6d0\"},\"headline\":\"Paraty e Ilha Grande recebem t\u00edtulo de patrim\u00f4nio cultural e natural mundial da Unesco\",\"datePublished\":\"2022-09-21T18:55:28+00:00\",\"dateModified\":\"2023-11-17T14:09:08+00:00\",\"mainEntityOfPage\":{\"@id\":\"https:\/\/filhosdaterra.org\/paraty-e-ilha-grande-recebem-titulo-de-patrimonio-cultural-e-natural-mundial-da-unesco\/\"},\"wordCount\":644,\"commentCount\":0,\"publisher\":{\"@id\":\"https:\/\/filhosdaterra.org\/#organization\"},\"articleSection\":[\"Blog\"],\"inLanguage\":\"en-US\",\"potentialAction\":[{\"@type\":\"CommentAction\",\"name\":\"Comment\",\"target\":[\"https:\/\/filhosdaterra.org\/paraty-e-ilha-grande-recebem-titulo-de-patrimonio-cultural-e-natural-mundial-da-unesco\/#respond\"]}]},{\"@type\":\"WebPage\",\"@id\":\"https:\/\/filhosdaterra.org\/paraty-e-ilha-grande-recebem-titulo-de-patrimonio-cultural-e-natural-mundial-da-unesco\/\",\"url\":\"https:\/\/filhosdaterra.org\/paraty-e-ilha-grande-recebem-titulo-de-patrimonio-cultural-e-natural-mundial-da-unesco\/\",\"name\":\"Paraty e Ilha Grande recebem t\u00edtulo de patrim\u00f4nio cultural e natural mundial da Unesco - Filhos da Terra - Diversidade e Cultura\",\"isPartOf\":{\"@id\":\"https:\/\/filhosdaterra.org\/#website\"},\"datePublished\":\"2022-09-21T18:55:28+00:00\",\"dateModified\":\"2023-11-17T14:09:08+00:00\",\"breadcrumb\":{\"@id\":\"https:\/\/filhosdaterra.org\/paraty-e-ilha-grande-recebem-titulo-de-patrimonio-cultural-e-natural-mundial-da-unesco\/#breadcrumb\"},\"inLanguage\":\"en-US\",\"potentialAction\":[{\"@type\":\"ReadAction\",\"target\":[\"https:\/\/filhosdaterra.org\/paraty-e-ilha-grande-recebem-titulo-de-patrimonio-cultural-e-natural-mundial-da-unesco\/\"]}]},{\"@type\":\"BreadcrumbList\",\"@id\":\"https:\/\/filhosdaterra.org\/paraty-e-ilha-grande-recebem-titulo-de-patrimonio-cultural-e-natural-mundial-da-unesco\/#breadcrumb\",\"itemListElement\":[{\"@type\":\"ListItem\",\"position\":1,\"name\":\"In\u00edcio\",\"item\":\"https:\/\/filhosdaterra.org\/\"},{\"@type\":\"ListItem\",\"position\":2,\"name\":\"Paraty e Ilha Grande recebem t\u00edtulo de patrim\u00f4nio cultural e natural mundial da Unesco\"}]},{\"@type\":\"WebSite\",\"@id\":\"https:\/\/filhosdaterra.org\/#website\",\"url\":\"https:\/\/filhosdaterra.org\/\",\"name\":\"Filhos da Terra - Diversidade e Cultura\",\"description\":\"O projeto busca documentar e mostrar ao Brasil quem \u00e9 o povo brasileiro, como s\u00e3o suas festas e celebra\u00e7\u00f5es.\",\"publisher\":{\"@id\":\"https:\/\/filhosdaterra.org\/#organization\"},\"potentialAction\":[{\"@type\":\"SearchAction\",\"target\":{\"@type\":\"EntryPoint\",\"urlTemplate\":\"https:\/\/filhosdaterra.org\/?s={search_term_string}\"},\"query-input\":\"required name=search_term_string\"}],\"inLanguage\":\"en-US\"},{\"@type\":\"Organization\",\"@id\":\"https:\/\/filhosdaterra.org\/#organization\",\"name\":\"Filhos da Terra - Diversidade e Cultura\",\"url\":\"https:\/\/filhosdaterra.org\/\",\"logo\":{\"@type\":\"ImageObject\",\"inLanguage\":\"en-US\",\"@id\":\"https:\/\/filhosdaterra.org\/#\/schema\/logo\/image\/\",\"url\":\"https:\/\/filhosdaterra.org\/wp-content\/uploads\/2022\/08\/logo-filhos-da-terra.png\",\"contentUrl\":\"https:\/\/filhosdaterra.org\/wp-content\/uploads\/2022\/08\/logo-filhos-da-terra.png\",\"width\":600,\"height\":517,\"caption\":\"Filhos da Terra - Diversidade e Cultura\"},\"image\":{\"@id\":\"https:\/\/filhosdaterra.org\/#\/schema\/logo\/image\/\"}},{\"@type\":\"Person\",\"@id\":\"https:\/\/filhosdaterra.org\/#\/schema\/person\/8d05d45ba91354cc38ecfc05c089c6d0\",\"name\":\"editor@\",\"image\":{\"@type\":\"ImageObject\",\"inLanguage\":\"en-US\",\"@id\":\"https:\/\/filhosdaterra.org\/#\/schema\/person\/image\/\",\"url\":\"https:\/\/secure.gravatar.com\/avatar\/f0ab3a18c92e84114ff42cb50aede4cc?s=96&d=mm&r=g\",\"contentUrl\":\"https:\/\/secure.gravatar.com\/avatar\/f0ab3a18c92e84114ff42cb50aede4cc?s=96&d=mm&r=g\",\"caption\":\"editor@\"},\"url\":\"https:\/\/filhosdaterra.org\/en\/author\/editor\/\"}]}<\/script>\n<!-- \/ Yoast SEO plugin. -->","yoast_head_json":{"title":"Paraty e Ilha Grande recebem t\u00edtulo de patrim\u00f4nio cultural e natural mundial da Unesco - Filhos da Terra - Diversidade e Cultura","robots":{"index":"index","follow":"follow","max-snippet":"max-snippet:-1","max-image-preview":"max-image-preview:large","max-video-preview":"max-video-preview:-1"},"canonical":"https:\/\/filhosdaterra.org\/en\/paraty-e-ilha-grande-recebem-titulo-de-patrimonio-cultural-e-natural-mundial-da-unesco\/","og_locale":"en_US","og_type":"article","og_title":"Paraty e Ilha Grande recebem t\u00edtulo de patrim\u00f4nio cultural e natural mundial da Unesco - Filhos da Terra - Diversidade e Cultura","og_description":"8 de jul. de 2019 A certifica\u00e7\u00e3o \u00e9 o reconhecimento internacional das belezas naturais da regi\u00e3o. Elas se juntam a outros 21 patrim\u00f4nios mundiais da humanidade brasileiros, dos quais sete s\u00e3o naturais e 14 s\u00e3o culturais Paraty e Ilha Grande, ambas no Rio de Janeiro, receberam, nesta sexta-feira, o t\u00edtulo de patrim\u00f4nio cultural e natural [&hellip;]","og_url":"https:\/\/filhosdaterra.org\/en\/paraty-e-ilha-grande-recebem-titulo-de-patrimonio-cultural-e-natural-mundial-da-unesco\/","og_site_name":"Filhos da Terra - Diversidade e Cultura","article_published_time":"2022-09-21T18:55:28+00:00","article_modified_time":"2023-11-17T14:09:08+00:00","og_image":[{"width":1200,"height":675,"url":"https:\/\/filhosdaterra.org\/wp-content\/uploads\/2024\/03\/placeholder.png","type":"image\/png"}],"author":"editor@","twitter_card":"summary_large_image","twitter_misc":{"Written by":"editor@","Est. reading time":"3 minutes"},"schema":{"@context":"https:\/\/schema.org","@graph":[{"@type":"Article","@id":"https:\/\/filhosdaterra.org\/paraty-e-ilha-grande-recebem-titulo-de-patrimonio-cultural-e-natural-mundial-da-unesco\/#article","isPartOf":{"@id":"https:\/\/filhosdaterra.org\/paraty-e-ilha-grande-recebem-titulo-de-patrimonio-cultural-e-natural-mundial-da-unesco\/"},"author":{"name":"editor@","@id":"https:\/\/filhosdaterra.org\/#\/schema\/person\/8d05d45ba91354cc38ecfc05c089c6d0"},"headline":"Paraty e Ilha Grande recebem t\u00edtulo de patrim\u00f4nio cultural e natural mundial da Unesco","datePublished":"2022-09-21T18:55:28+00:00","dateModified":"2023-11-17T14:09:08+00:00","mainEntityOfPage":{"@id":"https:\/\/filhosdaterra.org\/paraty-e-ilha-grande-recebem-titulo-de-patrimonio-cultural-e-natural-mundial-da-unesco\/"},"wordCount":644,"commentCount":0,"publisher":{"@id":"https:\/\/filhosdaterra.org\/#organization"},"articleSection":["Blog"],"inLanguage":"en-US","potentialAction":[{"@type":"CommentAction","name":"Comment","target":["https:\/\/filhosdaterra.org\/paraty-e-ilha-grande-recebem-titulo-de-patrimonio-cultural-e-natural-mundial-da-unesco\/#respond"]}]},{"@type":"WebPage","@id":"https:\/\/filhosdaterra.org\/paraty-e-ilha-grande-recebem-titulo-de-patrimonio-cultural-e-natural-mundial-da-unesco\/","url":"https:\/\/filhosdaterra.org\/paraty-e-ilha-grande-recebem-titulo-de-patrimonio-cultural-e-natural-mundial-da-unesco\/","name":"Paraty e Ilha Grande recebem t\u00edtulo de patrim\u00f4nio cultural e natural mundial da Unesco - Filhos da Terra - Diversidade e Cultura","isPartOf":{"@id":"https:\/\/filhosdaterra.org\/#website"},"datePublished":"2022-09-21T18:55:28+00:00","dateModified":"2023-11-17T14:09:08+00:00","breadcrumb":{"@id":"https:\/\/filhosdaterra.org\/paraty-e-ilha-grande-recebem-titulo-de-patrimonio-cultural-e-natural-mundial-da-unesco\/#breadcrumb"},"inLanguage":"en-US","potentialAction":[{"@type":"ReadAction","target":["https:\/\/filhosdaterra.org\/paraty-e-ilha-grande-recebem-titulo-de-patrimonio-cultural-e-natural-mundial-da-unesco\/"]}]},{"@type":"BreadcrumbList","@id":"https:\/\/filhosdaterra.org\/paraty-e-ilha-grande-recebem-titulo-de-patrimonio-cultural-e-natural-mundial-da-unesco\/#breadcrumb","itemListElement":[{"@type":"ListItem","position":1,"name":"In\u00edcio","item":"https:\/\/filhosdaterra.org\/"},{"@type":"ListItem","position":2,"name":"Paraty e Ilha Grande recebem t\u00edtulo de patrim\u00f4nio cultural e natural mundial da Unesco"}]},{"@type":"WebSite","@id":"https:\/\/filhosdaterra.org\/#website","url":"https:\/\/filhosdaterra.org\/","name":"Filhos da Terra - Diversidade e Cultura","description":"O projeto busca documentar e mostrar ao Brasil quem \u00e9 o povo brasileiro, como s\u00e3o suas festas e celebra\u00e7\u00f5es.","publisher":{"@id":"https:\/\/filhosdaterra.org\/#organization"},"potentialAction":[{"@type":"SearchAction","target":{"@type":"EntryPoint","urlTemplate":"https:\/\/filhosdaterra.org\/?s={search_term_string}"},"query-input":"required name=search_term_string"}],"inLanguage":"en-US"},{"@type":"Organization","@id":"https:\/\/filhosdaterra.org\/#organization","name":"Filhos da Terra - Diversidade e Cultura","url":"https:\/\/filhosdaterra.org\/","logo":{"@type":"ImageObject","inLanguage":"en-US","@id":"https:\/\/filhosdaterra.org\/#\/schema\/logo\/image\/","url":"https:\/\/filhosdaterra.org\/wp-content\/uploads\/2022\/08\/logo-filhos-da-terra.png","contentUrl":"https:\/\/filhosdaterra.org\/wp-content\/uploads\/2022\/08\/logo-filhos-da-terra.png","width":600,"height":517,"caption":"Filhos da Terra - Diversidade e Cultura"},"image":{"@id":"https:\/\/filhosdaterra.org\/#\/schema\/logo\/image\/"}},{"@type":"Person","@id":"https:\/\/filhosdaterra.org\/#\/schema\/person\/8d05d45ba91354cc38ecfc05c089c6d0","name":"editor@","image":{"@type":"ImageObject","inLanguage":"en-US","@id":"https:\/\/filhosdaterra.org\/#\/schema\/person\/image\/","url":"https:\/\/secure.gravatar.com\/avatar\/f0ab3a18c92e84114ff42cb50aede4cc?s=96&d=mm&r=g","contentUrl":"https:\/\/secure.gravatar.com\/avatar\/f0ab3a18c92e84114ff42cb50aede4cc?s=96&d=mm&r=g","caption":"editor@"},"url":"https:\/\/filhosdaterra.org\/en\/author\/editor\/"}]}},"_links":{"self":[{"href":"https:\/\/filhosdaterra.org\/en\/wp-json\/wp\/v2\/posts\/471"}],"collection":[{"href":"https:\/\/filhosdaterra.org\/en\/wp-json\/wp\/v2\/posts"}],"about":[{"href":"https:\/\/filhosdaterra.org\/en\/wp-json\/wp\/v2\/types\/post"}],"author":[{"embeddable":true,"href":"https:\/\/filhosdaterra.org\/en\/wp-json\/wp\/v2\/users\/2"}],"replies":[{"embeddable":true,"href":"https:\/\/filhosdaterra.org\/en\/wp-json\/wp\/v2\/comments?post=471"}],"version-history":[{"count":2,"href":"https:\/\/filhosdaterra.org\/en\/wp-json\/wp\/v2\/posts\/471\/revisions"}],"predecessor-version":[{"id":3229,"href":"https:\/\/filhosdaterra.org\/en\/wp-json\/wp\/v2\/posts\/471\/revisions\/3229"}],"wp:attachment":[{"href":"https:\/\/filhosdaterra.org\/en\/wp-json\/wp\/v2\/media?parent=471"}],"wp:term":[{"taxonomy":"category","embeddable":true,"href":"https:\/\/filhosdaterra.org\/en\/wp-json\/wp\/v2\/categories?post=471"},{"taxonomy":"post_tag","embeddable":true,"href":"https:\/\/filhosdaterra.org\/en\/wp-json\/wp\/v2\/tags?post=471"}],"curies":[{"name":"wp","href":"https:\/\/api.w.org\/{rel}","templated":true}]}}