{"id":469,"date":"2022-09-21T15:55:28","date_gmt":"2022-09-21T18:55:28","guid":{"rendered":"https:\/\/filhosdaterra.org\/?p=469"},"modified":"2023-11-17T11:09:03","modified_gmt":"2023-11-17T14:09:03","slug":"bom-jesus-de-braga-e-palacio-de-mafra-entram-para-lista-do-patrimonio-cultural-mundial-da-unesco","status":"publish","type":"post","link":"https:\/\/filhosdaterra.org\/en\/bom-jesus-de-braga-e-palacio-de-mafra-entram-para-lista-do-patrimonio-cultural-mundial-da-unesco\/","title":{"rendered":"Bom Jesus de Braga e Pal\u00e1cio de Mafra entram para lista do Patrim\u00f4nio Cultural Mundial da Unesco"},"content":{"rendered":"<p class=\"has-small-font-size\">\u00a08 de jul. de 2019<\/p>\r\n\r\n\r\n\r\n<p class=\"has-small-font-size\">Dois novos bens portugueses entraram para a lista do Patrim\u00f4nio Cultural Mundial da UNESCO, ap\u00f3s decis\u00e3o da 43\u00aa sess\u00e3o do Comit\u00ea do Patrim\u00f4nio Mundial, em Bacu, no Azerbaij\u00e3o. No evento, que teve in\u00edcio em 30 de junho e vai at\u00e9 o pr\u00f3ximo dia 10, foi decidido que o Pal\u00e1cio Nacional de Mafra \u2013 isto \u00e9, todo o conjunto monumental, o que inclui o pal\u00e1cio, a bas\u00edlica, o convento, o jardim do cerco e a tapada \u2013 bem como o Santu\u00e1rio do Bom Jesus do Monte de Braga \u2013 sacro monte, capelas, fontes e est\u00e1tuas aleg\u00f3ricas e a bas\u00edlica \u2013, far\u00e3o parte da lista que \u201cintegra bens de valor universal excepcional, o qual \u00e9 atribu\u00eddo atrav\u00e9s do cumprimento de determinados crit\u00e9rios e de condi\u00e7\u00f5es de integridade e de autenticidade, bem como da exist\u00eancia de um plano de gest\u00e3o\u201d.<\/p>\r\n\r\n\r\n\r\n<p class=\"has-small-font-size\">Santu\u00e1rio do Bom Jesus do Monte de Braga.<\/p>\r\n\r\n\r\n\r\n<p class=\"has-small-font-size\">\u201c\u00c9 um motivo de grande regozijo para o Presidente da Rep\u00fablica e para todos os portugueses\u201d come\u00e7ou por escrever Marcelo Rebelo de Sousa numa mensagem publicada no site da Presid\u00eancia, acrescentando que sa\u00fada \u201cvivamente os promotores destas candidaturas, os autarcas, os diplomatas, as autoridades civis e eclesi\u00e1sticas e todos aqueles que, tamb\u00e9m na sociedade civil, ajudam a levar mais longe o patrim\u00f4nio portugu\u00eas f\u00edsico, hist\u00f3rico, art\u00edstico, religioso ou intelectual\u201d.<\/p>\r\n\r\n\r\n\r\n<p class=\"has-small-font-size\"><strong>Patrim\u00f4nio material e natural de Portugal reconhecidos pela Unesco<\/strong><\/p>\r\n\r\n\r\n\r\n<p class=\"has-small-font-size\">Centro hist\u00f3rico de Angra do Hero\u00edsmo (A\u00e7ores)<\/p>\r\n\r\n\r\n\r\n<p class=\"has-small-font-size\">Mosteiro da Batalha<\/p>\r\n\r\n\r\n\r\n<p class=\"has-small-font-size\">Mosteiro dos Jer\u00f3nimos\/Torre de Bel\u00e9m (Lisboa)<\/p>\r\n\r\n\r\n\r\n<p class=\"has-small-font-size\">Convento de Cristo (Tomar)<\/p>\r\n\r\n\r\n\r\n<p class=\"has-small-font-size\">Centro hist\u00f3rico de \u00c9vora<\/p>\r\n\r\n\r\n\r\n<p class=\"has-small-font-size\">Mosteiro de Alcoba\u00e7a<\/p>\r\n\r\n\r\n\r\n<p class=\"has-small-font-size\">Paisagem cultural de Sintra<\/p>\r\n\r\n\r\n\r\n<p class=\"has-small-font-size\">Centro hist\u00f3rico do Porto<\/p>\r\n\r\n\r\n\r\n<p class=\"has-small-font-size\">S\u00edtios pr\u00e9-hist\u00f3ricos de arte rupestre do vale do rio C\u00f4a<\/p>\r\n\r\n\r\n\r\n<p class=\"has-small-font-size\">Floresta Laurissilva da Madeira<\/p>\r\n\r\n\r\n\r\n<p class=\"has-small-font-size\">Centro hist\u00f3rico de Guimar\u00e3es e o Alto Douro Vinhateiro<\/p>\r\n\r\n\r\n\r\n<p class=\"has-small-font-size\">Paisagem da Cultura da Vinha da Ilha do Pico (A\u00e7ores)<\/p>\r\n\r\n\r\n\r\n<p class=\"has-small-font-size\">Muralhas de Elvas<\/p>\r\n\r\n\r\n\r\n<p class=\"has-small-font-size\">Universidade de Coimbra<\/p>\r\n\r\n\r\n\r\n<p class=\"has-small-font-size\"><strong>Patrim\u00f3nio imaterial portugu\u00eas reconhecido pela Unesco<\/strong><\/p>\r\n\r\n\r\n\r\n<p class=\"has-small-font-size\">Fado<\/p>\r\n\r\n\r\n\r\n<p class=\"has-small-font-size\">Dieta mediterr\u00e2nica<\/p>\r\n\r\n\r\n\r\n<p class=\"has-small-font-size\">Fabrico de chocalhos alentejanos<\/p>\r\n\r\n\r\n\r\n<p class=\"has-small-font-size\">Barro preto de Bisalh\u00e3es<\/p>\r\n\r\n\r\n\r\n<p class=\"has-small-font-size\">Bonecos de Estremoz<\/p>","protected":false},"excerpt":{"rendered":"<p>\u00a08 de jul. de 2019 Dois novos bens portugueses entraram para a lista do Patrim\u00f4nio Cultural Mundial da UNESCO, ap\u00f3s decis\u00e3o da 43\u00aa sess\u00e3o do Comit\u00ea do Patrim\u00f4nio Mundial, em Bacu, no Azerbaij\u00e3o. No evento, que teve in\u00edcio em 30 de junho e vai at\u00e9 o pr\u00f3ximo dia 10, foi decidido que o Pal\u00e1cio Nacional [&hellip;]<\/p>","protected":false},"author":2,"featured_media":0,"comment_status":"open","ping_status":"open","sticky":false,"template":"","format":"standard","meta":{"content-type":"","inline_featured_image":false,"footnotes":""},"categories":[5],"tags":[],"acf":[],"yoast_head":"<!-- This site is optimized with the Yoast SEO plugin v22.2 - https:\/\/yoast.com\/wordpress\/plugins\/seo\/ -->\n<title>Bom Jesus de Braga e Pal\u00e1cio de Mafra entram para lista do Patrim\u00f4nio Cultural Mundial da Unesco - Filhos da Terra - Diversidade e Cultura<\/title>\n<meta name=\"robots\" content=\"index, follow, max-snippet:-1, max-image-preview:large, max-video-preview:-1\" \/>\n<link rel=\"canonical\" href=\"https:\/\/filhosdaterra.org\/en\/bom-jesus-de-braga-e-palacio-de-mafra-entram-para-lista-do-patrimonio-cultural-mundial-da-unesco\/\" \/>\n<meta property=\"og:locale\" content=\"en_US\" \/>\n<meta property=\"og:type\" content=\"article\" \/>\n<meta property=\"og:title\" content=\"Bom Jesus de Braga e Pal\u00e1cio de Mafra entram para lista do Patrim\u00f4nio Cultural Mundial da Unesco - Filhos da Terra - Diversidade e Cultura\" \/>\n<meta property=\"og:description\" content=\"\u00a08 de jul. de 2019 Dois novos bens portugueses entraram para a lista do Patrim\u00f4nio Cultural Mundial da UNESCO, ap\u00f3s decis\u00e3o da 43\u00aa sess\u00e3o do Comit\u00ea do Patrim\u00f4nio Mundial, em Bacu, no Azerbaij\u00e3o. No evento, que teve in\u00edcio em 30 de junho e vai at\u00e9 o pr\u00f3ximo dia 10, foi decidido que o Pal\u00e1cio Nacional [&hellip;]\" \/>\n<meta property=\"og:url\" content=\"https:\/\/filhosdaterra.org\/en\/bom-jesus-de-braga-e-palacio-de-mafra-entram-para-lista-do-patrimonio-cultural-mundial-da-unesco\/\" \/>\n<meta property=\"og:site_name\" content=\"Filhos da Terra - Diversidade e Cultura\" \/>\n<meta property=\"article:published_time\" content=\"2022-09-21T18:55:28+00:00\" \/>\n<meta property=\"article:modified_time\" content=\"2023-11-17T14:09:03+00:00\" \/>\n<meta property=\"og:image\" content=\"https:\/\/filhosdaterra.org\/wp-content\/uploads\/2024\/03\/placeholder.png\" \/>\n\t<meta property=\"og:image:width\" content=\"1200\" \/>\n\t<meta property=\"og:image:height\" content=\"675\" \/>\n\t<meta property=\"og:image:type\" content=\"image\/png\" \/>\n<meta name=\"author\" content=\"editor@\" \/>\n<meta name=\"twitter:card\" content=\"summary_large_image\" \/>\n<meta name=\"twitter:label1\" content=\"Written by\" \/>\n\t<meta name=\"twitter:data1\" content=\"editor@\" \/>\n\t<meta name=\"twitter:label2\" content=\"Est. reading time\" \/>\n\t<meta name=\"twitter:data2\" content=\"2 minutes\" \/>\n<script type=\"application\/ld+json\" class=\"yoast-schema-graph\">{\"@context\":\"https:\/\/schema.org\",\"@graph\":[{\"@type\":\"Article\",\"@id\":\"https:\/\/filhosdaterra.org\/bom-jesus-de-braga-e-palacio-de-mafra-entram-para-lista-do-patrimonio-cultural-mundial-da-unesco\/#article\",\"isPartOf\":{\"@id\":\"https:\/\/filhosdaterra.org\/bom-jesus-de-braga-e-palacio-de-mafra-entram-para-lista-do-patrimonio-cultural-mundial-da-unesco\/\"},\"author\":{\"name\":\"editor@\",\"@id\":\"https:\/\/filhosdaterra.org\/#\/schema\/person\/8d05d45ba91354cc38ecfc05c089c6d0\"},\"headline\":\"Bom Jesus de Braga e Pal\u00e1cio de Mafra entram para lista do Patrim\u00f4nio Cultural Mundial da Unesco\",\"datePublished\":\"2022-09-21T18:55:28+00:00\",\"dateModified\":\"2023-11-17T14:09:03+00:00\",\"mainEntityOfPage\":{\"@id\":\"https:\/\/filhosdaterra.org\/bom-jesus-de-braga-e-palacio-de-mafra-entram-para-lista-do-patrimonio-cultural-mundial-da-unesco\/\"},\"wordCount\":384,\"commentCount\":0,\"publisher\":{\"@id\":\"https:\/\/filhosdaterra.org\/#organization\"},\"articleSection\":[\"Blog\"],\"inLanguage\":\"en-US\",\"potentialAction\":[{\"@type\":\"CommentAction\",\"name\":\"Comment\",\"target\":[\"https:\/\/filhosdaterra.org\/bom-jesus-de-braga-e-palacio-de-mafra-entram-para-lista-do-patrimonio-cultural-mundial-da-unesco\/#respond\"]}]},{\"@type\":\"WebPage\",\"@id\":\"https:\/\/filhosdaterra.org\/bom-jesus-de-braga-e-palacio-de-mafra-entram-para-lista-do-patrimonio-cultural-mundial-da-unesco\/\",\"url\":\"https:\/\/filhosdaterra.org\/bom-jesus-de-braga-e-palacio-de-mafra-entram-para-lista-do-patrimonio-cultural-mundial-da-unesco\/\",\"name\":\"Bom Jesus de Braga e Pal\u00e1cio de Mafra entram para lista do Patrim\u00f4nio Cultural Mundial da Unesco - Filhos da Terra - Diversidade e Cultura\",\"isPartOf\":{\"@id\":\"https:\/\/filhosdaterra.org\/#website\"},\"datePublished\":\"2022-09-21T18:55:28+00:00\",\"dateModified\":\"2023-11-17T14:09:03+00:00\",\"breadcrumb\":{\"@id\":\"https:\/\/filhosdaterra.org\/bom-jesus-de-braga-e-palacio-de-mafra-entram-para-lista-do-patrimonio-cultural-mundial-da-unesco\/#breadcrumb\"},\"inLanguage\":\"en-US\",\"potentialAction\":[{\"@type\":\"ReadAction\",\"target\":[\"https:\/\/filhosdaterra.org\/bom-jesus-de-braga-e-palacio-de-mafra-entram-para-lista-do-patrimonio-cultural-mundial-da-unesco\/\"]}]},{\"@type\":\"BreadcrumbList\",\"@id\":\"https:\/\/filhosdaterra.org\/bom-jesus-de-braga-e-palacio-de-mafra-entram-para-lista-do-patrimonio-cultural-mundial-da-unesco\/#breadcrumb\",\"itemListElement\":[{\"@type\":\"ListItem\",\"position\":1,\"name\":\"In\u00edcio\",\"item\":\"https:\/\/filhosdaterra.org\/\"},{\"@type\":\"ListItem\",\"position\":2,\"name\":\"Bom Jesus de Braga e Pal\u00e1cio de Mafra entram para lista do Patrim\u00f4nio Cultural Mundial da Unesco\"}]},{\"@type\":\"WebSite\",\"@id\":\"https:\/\/filhosdaterra.org\/#website\",\"url\":\"https:\/\/filhosdaterra.org\/\",\"name\":\"Filhos da Terra - Diversidade e Cultura\",\"description\":\"O projeto busca documentar e mostrar ao Brasil quem \u00e9 o povo brasileiro, como s\u00e3o suas festas e celebra\u00e7\u00f5es.\",\"publisher\":{\"@id\":\"https:\/\/filhosdaterra.org\/#organization\"},\"potentialAction\":[{\"@type\":\"SearchAction\",\"target\":{\"@type\":\"EntryPoint\",\"urlTemplate\":\"https:\/\/filhosdaterra.org\/?s={search_term_string}\"},\"query-input\":\"required name=search_term_string\"}],\"inLanguage\":\"en-US\"},{\"@type\":\"Organization\",\"@id\":\"https:\/\/filhosdaterra.org\/#organization\",\"name\":\"Filhos da Terra - Diversidade e Cultura\",\"url\":\"https:\/\/filhosdaterra.org\/\",\"logo\":{\"@type\":\"ImageObject\",\"inLanguage\":\"en-US\",\"@id\":\"https:\/\/filhosdaterra.org\/#\/schema\/logo\/image\/\",\"url\":\"https:\/\/filhosdaterra.org\/wp-content\/uploads\/2022\/08\/logo-filhos-da-terra.png\",\"contentUrl\":\"https:\/\/filhosdaterra.org\/wp-content\/uploads\/2022\/08\/logo-filhos-da-terra.png\",\"width\":600,\"height\":517,\"caption\":\"Filhos da Terra - Diversidade e Cultura\"},\"image\":{\"@id\":\"https:\/\/filhosdaterra.org\/#\/schema\/logo\/image\/\"}},{\"@type\":\"Person\",\"@id\":\"https:\/\/filhosdaterra.org\/#\/schema\/person\/8d05d45ba91354cc38ecfc05c089c6d0\",\"name\":\"editor@\",\"image\":{\"@type\":\"ImageObject\",\"inLanguage\":\"en-US\",\"@id\":\"https:\/\/filhosdaterra.org\/#\/schema\/person\/image\/\",\"url\":\"https:\/\/secure.gravatar.com\/avatar\/f0ab3a18c92e84114ff42cb50aede4cc?s=96&d=mm&r=g\",\"contentUrl\":\"https:\/\/secure.gravatar.com\/avatar\/f0ab3a18c92e84114ff42cb50aede4cc?s=96&d=mm&r=g\",\"caption\":\"editor@\"},\"url\":\"https:\/\/filhosdaterra.org\/en\/author\/editor\/\"}]}<\/script>\n<!-- \/ Yoast SEO plugin. -->","yoast_head_json":{"title":"Bom Jesus de Braga e Pal\u00e1cio de Mafra entram para lista do Patrim\u00f4nio Cultural Mundial da Unesco - Filhos da Terra - Diversidade e Cultura","robots":{"index":"index","follow":"follow","max-snippet":"max-snippet:-1","max-image-preview":"max-image-preview:large","max-video-preview":"max-video-preview:-1"},"canonical":"https:\/\/filhosdaterra.org\/en\/bom-jesus-de-braga-e-palacio-de-mafra-entram-para-lista-do-patrimonio-cultural-mundial-da-unesco\/","og_locale":"en_US","og_type":"article","og_title":"Bom Jesus de Braga e Pal\u00e1cio de Mafra entram para lista do Patrim\u00f4nio Cultural Mundial da Unesco - Filhos da Terra - Diversidade e Cultura","og_description":"\u00a08 de jul. de 2019 Dois novos bens portugueses entraram para a lista do Patrim\u00f4nio Cultural Mundial da UNESCO, ap\u00f3s decis\u00e3o da 43\u00aa sess\u00e3o do Comit\u00ea do Patrim\u00f4nio Mundial, em Bacu, no Azerbaij\u00e3o. No evento, que teve in\u00edcio em 30 de junho e vai at\u00e9 o pr\u00f3ximo dia 10, foi decidido que o Pal\u00e1cio Nacional [&hellip;]","og_url":"https:\/\/filhosdaterra.org\/en\/bom-jesus-de-braga-e-palacio-de-mafra-entram-para-lista-do-patrimonio-cultural-mundial-da-unesco\/","og_site_name":"Filhos da Terra - Diversidade e Cultura","article_published_time":"2022-09-21T18:55:28+00:00","article_modified_time":"2023-11-17T14:09:03+00:00","og_image":[{"width":1200,"height":675,"url":"https:\/\/filhosdaterra.org\/wp-content\/uploads\/2024\/03\/placeholder.png","type":"image\/png"}],"author":"editor@","twitter_card":"summary_large_image","twitter_misc":{"Written by":"editor@","Est. reading time":"2 minutes"},"schema":{"@context":"https:\/\/schema.org","@graph":[{"@type":"Article","@id":"https:\/\/filhosdaterra.org\/bom-jesus-de-braga-e-palacio-de-mafra-entram-para-lista-do-patrimonio-cultural-mundial-da-unesco\/#article","isPartOf":{"@id":"https:\/\/filhosdaterra.org\/bom-jesus-de-braga-e-palacio-de-mafra-entram-para-lista-do-patrimonio-cultural-mundial-da-unesco\/"},"author":{"name":"editor@","@id":"https:\/\/filhosdaterra.org\/#\/schema\/person\/8d05d45ba91354cc38ecfc05c089c6d0"},"headline":"Bom Jesus de Braga e Pal\u00e1cio de Mafra entram para lista do Patrim\u00f4nio Cultural Mundial da Unesco","datePublished":"2022-09-21T18:55:28+00:00","dateModified":"2023-11-17T14:09:03+00:00","mainEntityOfPage":{"@id":"https:\/\/filhosdaterra.org\/bom-jesus-de-braga-e-palacio-de-mafra-entram-para-lista-do-patrimonio-cultural-mundial-da-unesco\/"},"wordCount":384,"commentCount":0,"publisher":{"@id":"https:\/\/filhosdaterra.org\/#organization"},"articleSection":["Blog"],"inLanguage":"en-US","potentialAction":[{"@type":"CommentAction","name":"Comment","target":["https:\/\/filhosdaterra.org\/bom-jesus-de-braga-e-palacio-de-mafra-entram-para-lista-do-patrimonio-cultural-mundial-da-unesco\/#respond"]}]},{"@type":"WebPage","@id":"https:\/\/filhosdaterra.org\/bom-jesus-de-braga-e-palacio-de-mafra-entram-para-lista-do-patrimonio-cultural-mundial-da-unesco\/","url":"https:\/\/filhosdaterra.org\/bom-jesus-de-braga-e-palacio-de-mafra-entram-para-lista-do-patrimonio-cultural-mundial-da-unesco\/","name":"Bom Jesus de Braga e Pal\u00e1cio de Mafra entram para lista do Patrim\u00f4nio Cultural Mundial da Unesco - Filhos da Terra - Diversidade e Cultura","isPartOf":{"@id":"https:\/\/filhosdaterra.org\/#website"},"datePublished":"2022-09-21T18:55:28+00:00","dateModified":"2023-11-17T14:09:03+00:00","breadcrumb":{"@id":"https:\/\/filhosdaterra.org\/bom-jesus-de-braga-e-palacio-de-mafra-entram-para-lista-do-patrimonio-cultural-mundial-da-unesco\/#breadcrumb"},"inLanguage":"en-US","potentialAction":[{"@type":"ReadAction","target":["https:\/\/filhosdaterra.org\/bom-jesus-de-braga-e-palacio-de-mafra-entram-para-lista-do-patrimonio-cultural-mundial-da-unesco\/"]}]},{"@type":"BreadcrumbList","@id":"https:\/\/filhosdaterra.org\/bom-jesus-de-braga-e-palacio-de-mafra-entram-para-lista-do-patrimonio-cultural-mundial-da-unesco\/#breadcrumb","itemListElement":[{"@type":"ListItem","position":1,"name":"In\u00edcio","item":"https:\/\/filhosdaterra.org\/"},{"@type":"ListItem","position":2,"name":"Bom Jesus de Braga e Pal\u00e1cio de Mafra entram para lista do Patrim\u00f4nio Cultural Mundial da Unesco"}]},{"@type":"WebSite","@id":"https:\/\/filhosdaterra.org\/#website","url":"https:\/\/filhosdaterra.org\/","name":"Filhos da Terra - Diversidade e Cultura","description":"O projeto busca documentar e mostrar ao Brasil quem \u00e9 o povo brasileiro, como s\u00e3o suas festas e celebra\u00e7\u00f5es.","publisher":{"@id":"https:\/\/filhosdaterra.org\/#organization"},"potentialAction":[{"@type":"SearchAction","target":{"@type":"EntryPoint","urlTemplate":"https:\/\/filhosdaterra.org\/?s={search_term_string}"},"query-input":"required name=search_term_string"}],"inLanguage":"en-US"},{"@type":"Organization","@id":"https:\/\/filhosdaterra.org\/#organization","name":"Filhos da Terra - Diversidade e Cultura","url":"https:\/\/filhosdaterra.org\/","logo":{"@type":"ImageObject","inLanguage":"en-US","@id":"https:\/\/filhosdaterra.org\/#\/schema\/logo\/image\/","url":"https:\/\/filhosdaterra.org\/wp-content\/uploads\/2022\/08\/logo-filhos-da-terra.png","contentUrl":"https:\/\/filhosdaterra.org\/wp-content\/uploads\/2022\/08\/logo-filhos-da-terra.png","width":600,"height":517,"caption":"Filhos da Terra - Diversidade e Cultura"},"image":{"@id":"https:\/\/filhosdaterra.org\/#\/schema\/logo\/image\/"}},{"@type":"Person","@id":"https:\/\/filhosdaterra.org\/#\/schema\/person\/8d05d45ba91354cc38ecfc05c089c6d0","name":"editor@","image":{"@type":"ImageObject","inLanguage":"en-US","@id":"https:\/\/filhosdaterra.org\/#\/schema\/person\/image\/","url":"https:\/\/secure.gravatar.com\/avatar\/f0ab3a18c92e84114ff42cb50aede4cc?s=96&d=mm&r=g","contentUrl":"https:\/\/secure.gravatar.com\/avatar\/f0ab3a18c92e84114ff42cb50aede4cc?s=96&d=mm&r=g","caption":"editor@"},"url":"https:\/\/filhosdaterra.org\/en\/author\/editor\/"}]}},"_links":{"self":[{"href":"https:\/\/filhosdaterra.org\/en\/wp-json\/wp\/v2\/posts\/469"}],"collection":[{"href":"https:\/\/filhosdaterra.org\/en\/wp-json\/wp\/v2\/posts"}],"about":[{"href":"https:\/\/filhosdaterra.org\/en\/wp-json\/wp\/v2\/types\/post"}],"author":[{"embeddable":true,"href":"https:\/\/filhosdaterra.org\/en\/wp-json\/wp\/v2\/users\/2"}],"replies":[{"embeddable":true,"href":"https:\/\/filhosdaterra.org\/en\/wp-json\/wp\/v2\/comments?post=469"}],"version-history":[{"count":2,"href":"https:\/\/filhosdaterra.org\/en\/wp-json\/wp\/v2\/posts\/469\/revisions"}],"predecessor-version":[{"id":3230,"href":"https:\/\/filhosdaterra.org\/en\/wp-json\/wp\/v2\/posts\/469\/revisions\/3230"}],"wp:attachment":[{"href":"https:\/\/filhosdaterra.org\/en\/wp-json\/wp\/v2\/media?parent=469"}],"wp:term":[{"taxonomy":"category","embeddable":true,"href":"https:\/\/filhosdaterra.org\/en\/wp-json\/wp\/v2\/categories?post=469"},{"taxonomy":"post_tag","embeddable":true,"href":"https:\/\/filhosdaterra.org\/en\/wp-json\/wp\/v2\/tags?post=469"}],"curies":[{"name":"wp","href":"https:\/\/api.w.org\/{rel}","templated":true}]}}